{"id":3550,"date":"2025-01-21T21:38:53","date_gmt":"2025-01-21T20:38:53","guid":{"rendered":"https:\/\/sfpe-at.com\/?p=3550"},"modified":"2025-03-22T12:09:29","modified_gmt":"2025-03-22T11:09:29","slug":"le-mythe-du-pas","status":"publish","type":"post","link":"https:\/\/bibliotheque-sfpe-at.com\/index.php\/2025\/01\/21\/le-mythe-du-pas\/","title":{"rendered":"Le mythe du pas"},"content":{"rendered":"\n<p><\/p>\n\n\n\n<div class=\"wp-block-columns is-layout-flex wp-container-core-columns-is-layout-28f84493 wp-block-columns-is-layout-flex\">\n<div class=\"wp-block-column is-layout-flow wp-block-column-is-layout-flow\" style=\"flex-basis:66.66%\">\n<p>Marc Moret fait des sculptures hideuses possibles, c&rsquo;est son souhait. Il d\u00e9coupe tout objet de son pass\u00e9, l&rsquo;agglom\u00e8re dans une colle. Ces sculptures tentent, selon ses dires, d&rsquo;\u00eatre les plus laides possibles.<br>Il utilise principalement des objets anciens de la ferme dans laquelle il vit, et plus particuli\u00e8rement les objets et habits de sa m\u00e8re. Ainsi sa m\u00e8re est pour lui toujours pr\u00e9sente. Il dit avoir affreusement peur de la beaut\u00e9. Il pr\u00e9f\u00e8re ce qui n&rsquo;est pas beau.<br>Il vit dans la m\u00e9moire et le pr\u00e9sent. Le souvenir, il le tue, il le plonge dans une colle grise et morne pour [l&rsquo;immobliser] qu\u2019il ne puisse plus bouger dans le temps et l&rsquo;espace. Le souvenir est aussi pr\u00e9sent, car il ne bouge pas. Ainsi fix\u00e9, il reste toujours pr\u00e9sent.<br>Singuli\u00e8rement, il nous faut approcher cette fixation obsessionnelle sous l\u2019axe d&rsquo;une mythologie personnelle tentant l&rsquo;universel : la mythologie du \u00ab ne pas \u00bb.<br>Nous partirons de cette proposition s\u00e9mantique du \u00ab pas \/ beau \u00bb comme une image sp\u00e9culaire s\u00e9mantique, soit ce qui est beau est le \u00ab pas \u00bb.<br>Marc Moret ne souhaite pas la r\u00e9surrection de sa m\u00e8re, il pr\u00e9f\u00e8re \u00ab ne pas \u00bb comme Bartleby de Melville. Ainsi fa\u00e7onne-t-il, \u00e0 sa mani\u00e8re, un savoir du mythe du n\u00e9gatif. D\u2019une r\u00e9sonance, d&rsquo;un son \u00e0 la limite du langage, qui viendraient instaurer si ce n&rsquo;est une assomption, une originalit\u00e9, du moins une \u00e2me non trop perdue, car existante dans le \u00ab pas\u00bb.<br>Le \u00ab pas beau \u00bb s&rsquo;\u00e9nonce fr\u00e9quemment en art-th\u00e9rapie. Il semble que nous ayons, en d\u00e9but de th\u00e9rapie, \u00e0 mettre en lieu et place de l&rsquo;atelier un espace o\u00f9 le \u00ab pas \u00bb puisse r\u00e9sister au d\u00e9sastre.<br>Qu\u2019un savoir du mythe du n\u00e9gatif engag\u00e9 par le patient nous donnera quelque chance de r\u00e9ussir \u00e0 ce qu&rsquo;il puisse, par la suite, articuler non plus un son mais un discours.<\/p>\n\n\n\n<p class=\"has-text-color has-link-color wp-elements-0c5dd61414d2cb4c88e3596780dedeb0\" style=\"color:#2753a5\"><strong><em>Pour lire le texte complet <a href=\"\/index.php\/options-dinscription\/\"><mark style=\"background-color:rgba(0, 0, 0, 0)\" class=\"has-inline-color has-vivid-cyan-blue-color\">s&rsquo;inscrire<\/mark><\/a> ou <a href=\"\/index.php\/my-account\/edit-account\/\"><mark style=\"background-color:rgba(0, 0, 0, 0)\" class=\"has-inline-color has-vivid-cyan-blue-color\">se connecter<\/mark><\/a><\/em><\/strong><\/p>\n\n\n\n\n\n<div style=\"height:100px\" aria-hidden=\"true\" class=\"wp-block-spacer\"><\/div>\n\n\n\n<div class=\"wp-block-buttons is-content-justification-center is-layout-flex wp-container-core-buttons-is-layout-a89b3969 wp-block-buttons-is-layout-flex\">\n<div class=\"wp-block-button has-custom-font-size has-small-font-size\"><a class=\"wp-block-button__link has-vivid-red-background-color has-background wp-element-button\" href=\"\/index.php\/2025\/01\/21\/mythes\/\">&lt;&#8211; retour<\/a><\/div>\n<\/div>\n<\/div>\n\n\n\n<div class=\"wp-block-column is-layout-flow wp-block-column-is-layout-flow\" style=\"flex-basis:33.33%\">\n<figure class=\"wp-block-table\"><table class=\"has-background\" style=\"background-color:#f8f2f2\"><thead><tr><th><mark class=\"has-inline-color has-vivid-red-color\" style=\"background-color: rgba(0, 0, 0, 0);\"><strong>Auteur<\/strong><\/mark><\/th><\/tr><\/thead><tbody><tr><td><strong>Olivier Saint-Pierre<\/strong><\/td><\/tr><\/tbody><\/table><\/figure>\n\n\n\n<figure class=\"wp-block-table\"><table><thead><tr><th><mark class=\"has-inline-color has-vivid-red-color\" style=\"background-color: rgba(0, 0, 0, 0);\"><strong>R\u00e9f\u00e9rence<\/strong><\/mark><\/th><\/tr><\/thead><tbody><tr><td><strong>RA007-26<\/strong><br><strong>Mythes<\/strong><br>Journ\u00e9es d&rsquo;Hiver 2016<\/td><\/tr><\/tbody><\/table><\/figure>\n\n\n\n<figure class=\"wp-block-table\"><table><thead><tr><th><mark class=\"has-inline-color has-vivid-red-color\" style=\"background-color: rgba(0, 0, 0, 0);\"><strong>Cat\u00e9gories<\/strong><\/mark><\/th><\/tr><\/thead><tbody><tr><td>Art-th\u00e9rapie<br>Assemblage<\/td><\/tr><\/tbody><\/table><\/figure>\n<\/div>\n<\/div>\n","protected":false},"excerpt":{"rendered":"<p>Marc Moret fait des sculptures hideuses possibles, c&rsquo;est son souhait. Il d\u00e9coupe tout objet de son pass\u00e9, l&rsquo;agglom\u00e8re dans une colle. Ces sculptures tentent, selon ses dires, d&rsquo;\u00eatre les plus laides possibles.Il utilise principalement des objets anciens de la ferme dans laquelle il vit, et plus particuli\u00e8rement les objets et&hellip;<\/p>\n","protected":false},"author":2,"featured_media":0,"comment_status":"closed","ping_status":"open","sticky":false,"template":"","format":"standard","meta":{"pmpro_default_level":"","ngg_post_thumbnail":0,"footnotes":""},"categories":[95],"tags":[492,742,737,770],"class_list":["post-3550","post","type-post","status-publish","format-standard","hentry","category-saint-pierre-olivier","tag-art-therapie","tag-assemblage","tag-mythes","tag-ra007-26","pmpro-has-access"],"_links":{"self":[{"href":"https:\/\/bibliotheque-sfpe-at.com\/index.php\/wp-json\/wp\/v2\/posts\/3550","targetHints":{"allow":["GET"]}}],"collection":[{"href":"https:\/\/bibliotheque-sfpe-at.com\/index.php\/wp-json\/wp\/v2\/posts"}],"about":[{"href":"https:\/\/bibliotheque-sfpe-at.com\/index.php\/wp-json\/wp\/v2\/types\/post"}],"author":[{"embeddable":true,"href":"https:\/\/bibliotheque-sfpe-at.com\/index.php\/wp-json\/wp\/v2\/users\/2"}],"replies":[{"embeddable":true,"href":"https:\/\/bibliotheque-sfpe-at.com\/index.php\/wp-json\/wp\/v2\/comments?post=3550"}],"version-history":[{"count":2,"href":"https:\/\/bibliotheque-sfpe-at.com\/index.php\/wp-json\/wp\/v2\/posts\/3550\/revisions"}],"predecessor-version":[{"id":4486,"href":"https:\/\/bibliotheque-sfpe-at.com\/index.php\/wp-json\/wp\/v2\/posts\/3550\/revisions\/4486"}],"wp:attachment":[{"href":"https:\/\/bibliotheque-sfpe-at.com\/index.php\/wp-json\/wp\/v2\/media?parent=3550"}],"wp:term":[{"taxonomy":"category","embeddable":true,"href":"https:\/\/bibliotheque-sfpe-at.com\/index.php\/wp-json\/wp\/v2\/categories?post=3550"},{"taxonomy":"post_tag","embeddable":true,"href":"https:\/\/bibliotheque-sfpe-at.com\/index.php\/wp-json\/wp\/v2\/tags?post=3550"}],"curies":[{"name":"wp","href":"https:\/\/api.w.org\/{rel}","templated":true}]}}