{"id":3552,"date":"2025-01-21T21:41:31","date_gmt":"2025-01-21T20:41:31","guid":{"rendered":"https:\/\/sfpe-at.com\/?p=3552"},"modified":"2025-03-22T12:10:17","modified_gmt":"2025-03-22T11:10:17","slug":"sisyphe-lantiheros","status":"publish","type":"post","link":"https:\/\/bibliotheque-sfpe-at.com\/index.php\/2025\/01\/21\/sisyphe-lantiheros\/","title":{"rendered":"Sisyphe l\u2019antih\u00e9ros"},"content":{"rendered":"\n<p><\/p>\n\n\n\n<div class=\"wp-block-columns is-layout-flex wp-container-core-columns-is-layout-28f84493 wp-block-columns-is-layout-flex\">\n<div class=\"wp-block-column is-layout-flow wp-block-column-is-layout-flow\" style=\"flex-basis:66.66%\">\n<p>Pour les anciens Grecs, les mythes \u00e9taient des faits historiques lointains. Ils \u00e9taient un socle pour une explication du monde, un rep\u00e8re aussi, sans doute, favorisant la coh\u00e9sion sociale. La religion \u00e9tait m\u00eal\u00e9e au quotidien.<br>Les mythes sont innombrables. Ils ont frapp\u00e9 nos imaginaires d\u2019enfant : Icare et sa dr\u00f4le de machine (l&rsquo;air), Prom\u00e9th\u00e9e et son foie \u00e0 d\u00e9vorer (le feu), les Dana\u00efdes et leurs jarres (l\u2019eau), enfin Sisyphe, h\u00e9ros magnifique c\u00e9l\u00e9br\u00e9 par Camus.<br>Nous nous proposons un petit voyage \u00e0 travers les r\u00e9flexions d&rsquo;Albert Camus, entre autres. Comment le mythe et la philosophie de vie qu&rsquo;il nous enseigne peuvent-ils \u00eatre utilis\u00e9s en th\u00e9rapie dans le sens d&rsquo;un \u00e9tayage existentiel ?<br>Quelques \u0153uvres d&rsquo;art pourront illustrer notre propos.<\/p>\n\n\n\n<p class=\"has-text-color has-link-color wp-elements-0c5dd61414d2cb4c88e3596780dedeb0\" style=\"color:#2753a5\"><strong><em>Pour lire le texte complet <a href=\"\/index.php\/options-dinscription\/\"><mark style=\"background-color:rgba(0, 0, 0, 0)\" class=\"has-inline-color has-vivid-cyan-blue-color\">s&rsquo;inscrire<\/mark><\/a> ou <a href=\"\/index.php\/my-account\/edit-account\/\"><mark style=\"background-color:rgba(0, 0, 0, 0)\" class=\"has-inline-color has-vivid-cyan-blue-color\">se connecter<\/mark><\/a><\/em><\/strong><\/p>\n\n\n\n\n\n<div style=\"height:100px\" aria-hidden=\"true\" class=\"wp-block-spacer\"><\/div>\n\n\n\n<div class=\"wp-block-buttons is-content-justification-center is-layout-flex wp-container-core-buttons-is-layout-a89b3969 wp-block-buttons-is-layout-flex\">\n<div class=\"wp-block-button has-custom-font-size has-small-font-size\"><a class=\"wp-block-button__link has-vivid-red-background-color has-background wp-element-button\" href=\"\/index.php\/2025\/01\/21\/mythes\/\">&lt;&#8211; retour<\/a><\/div>\n<\/div>\n<\/div>\n\n\n\n<div class=\"wp-block-column is-layout-flow wp-block-column-is-layout-flow\" style=\"flex-basis:33.33%\">\n<figure class=\"wp-block-table\"><table class=\"has-background\" style=\"background-color:#f8f2f2\"><thead><tr><th><mark class=\"has-inline-color has-vivid-red-color\" style=\"background-color: rgba(0, 0, 0, 0);\"><strong>Auteur<\/strong><\/mark><\/th><\/tr><\/thead><tbody><tr><td><strong>Marie-Jos\u00e8phe Bounoure<\/strong><\/td><\/tr><\/tbody><\/table><\/figure>\n\n\n\n<figure class=\"wp-block-table\"><table><thead><tr><th><mark class=\"has-inline-color has-vivid-red-color\" style=\"background-color: rgba(0, 0, 0, 0);\"><strong>R\u00e9f\u00e9rence<\/strong><\/mark><\/th><\/tr><\/thead><tbody><tr><td><strong>RA007-27<\/strong><br><strong>Mythes<\/strong><br>Journ\u00e9es d&rsquo;Hiver 2016<\/td><\/tr><\/tbody><\/table><\/figure>\n\n\n\n<figure class=\"wp-block-table\"><table><thead><tr><th><mark class=\"has-inline-color has-vivid-red-color\" style=\"background-color: rgba(0, 0, 0, 0);\"><strong>Cat\u00e9gories<\/strong><\/mark><\/th><\/tr><\/thead><tbody><tr><td>Art-th\u00e9rapie<\/td><\/tr><\/tbody><\/table><\/figure>\n<\/div>\n<\/div>\n","protected":false},"excerpt":{"rendered":"<p>Pour les anciens Grecs, les mythes \u00e9taient des faits historiques lointains. Ils \u00e9taient un socle pour une explication du monde, un rep\u00e8re aussi, sans doute, favorisant la coh\u00e9sion sociale. La religion \u00e9tait m\u00eal\u00e9e au quotidien.Les mythes sont innombrables. Ils ont frapp\u00e9 nos imaginaires d\u2019enfant : Icare et sa dr\u00f4le de&hellip;<\/p>\n","protected":false},"author":2,"featured_media":0,"comment_status":"closed","ping_status":"open","sticky":false,"template":"","format":"standard","meta":{"pmpro_default_level":"","ngg_post_thumbnail":0,"footnotes":""},"categories":[743],"tags":[492,737,771],"class_list":["post-3552","post","type-post","status-publish","format-standard","hentry","category-bounoure-marie-josephe","tag-art-therapie","tag-mythes","tag-ra007-27","pmpro-has-access"],"_links":{"self":[{"href":"https:\/\/bibliotheque-sfpe-at.com\/index.php\/wp-json\/wp\/v2\/posts\/3552","targetHints":{"allow":["GET"]}}],"collection":[{"href":"https:\/\/bibliotheque-sfpe-at.com\/index.php\/wp-json\/wp\/v2\/posts"}],"about":[{"href":"https:\/\/bibliotheque-sfpe-at.com\/index.php\/wp-json\/wp\/v2\/types\/post"}],"author":[{"embeddable":true,"href":"https:\/\/bibliotheque-sfpe-at.com\/index.php\/wp-json\/wp\/v2\/users\/2"}],"replies":[{"embeddable":true,"href":"https:\/\/bibliotheque-sfpe-at.com\/index.php\/wp-json\/wp\/v2\/comments?post=3552"}],"version-history":[{"count":2,"href":"https:\/\/bibliotheque-sfpe-at.com\/index.php\/wp-json\/wp\/v2\/posts\/3552\/revisions"}],"predecessor-version":[{"id":4487,"href":"https:\/\/bibliotheque-sfpe-at.com\/index.php\/wp-json\/wp\/v2\/posts\/3552\/revisions\/4487"}],"wp:attachment":[{"href":"https:\/\/bibliotheque-sfpe-at.com\/index.php\/wp-json\/wp\/v2\/media?parent=3552"}],"wp:term":[{"taxonomy":"category","embeddable":true,"href":"https:\/\/bibliotheque-sfpe-at.com\/index.php\/wp-json\/wp\/v2\/categories?post=3552"},{"taxonomy":"post_tag","embeddable":true,"href":"https:\/\/bibliotheque-sfpe-at.com\/index.php\/wp-json\/wp\/v2\/tags?post=3552"}],"curies":[{"name":"wp","href":"https:\/\/api.w.org\/{rel}","templated":true}]}}