{"id":3554,"date":"2025-01-21T21:44:00","date_gmt":"2025-01-21T20:44:00","guid":{"rendered":"https:\/\/sfpe-at.com\/?p=3554"},"modified":"2025-03-22T12:11:18","modified_gmt":"2025-03-22T11:11:18","slug":"le-peintre-et-lecrivain-couple-mythique","status":"publish","type":"post","link":"https:\/\/bibliotheque-sfpe-at.com\/index.php\/2025\/01\/21\/le-peintre-et-lecrivain-couple-mythique\/","title":{"rendered":"Le peintre et l\u2019\u00e9crivain : couple mythique"},"content":{"rendered":"\n<p><\/p>\n\n\n\n<div class=\"wp-block-columns is-layout-flex wp-container-core-columns-is-layout-28f84493 wp-block-columns-is-layout-flex\">\n<div class=\"wp-block-column is-layout-flow wp-block-column-is-layout-flow\" style=\"flex-basis:66.66%\">\n<p>Dans cette communication, nous traiterons de la sacralisation des peintres par les \u00e9crivains : Antonin Artaud passionn\u00e9 par Van Gogh, Paul Val\u00e9ry par Edgar Degas, Aragon par Matisse. Il sera question aussi de la mythification des \u00e9crivains par les peintres : Manet peignant Zola, Delacroix repr\u00e9sentant George Sand, ou encore de Chirico et Apollinaire.<br>Ces artistes se d\u00e9clarent une admiration et un respect mutuels et rendent hommage \u00e0 leur art. Ils se rencontrent dans des effusions cr\u00e9atives, symboliques et fantasmatiques, retransmises au spectateur ou \u00e0 l&rsquo;amateur de peinture.<br>Dans cette intersubjectivit\u00e9, dans la psychologie du personnage cach\u00e9 derri\u00e8re la page ou la toile, l\u2019\u00e9crivain (d)\u00e9crivant le peintre et ses r\u00e9alisations et le peintre (d\u00e9)peignant l\u2019\u00e9crivain et ses textes, puisent l\u2019\u00e9nergie cr\u00e9ative qui inspire et nourrit leur \u0153uvre.<br>Alors que le portrait d\u2019artiste (voir biographie) ne vise pas \u00e0 restituer la totalit\u00e9 de l\u2019\u00eatre, le peintre s&rsquo;efforce plut\u00f4t d&rsquo;insister sur ses aspects les plus saillants. Le regard que porte un artiste sur l\u2019autre affiche un caract\u00e8re partiel et subjectif, mais rel\u00e8ve du t\u00e9moignage infiltr\u00e9 de ce qu\u2019il a de plus personnel.<\/p>\n\n\n\n<p class=\"has-text-color has-link-color wp-elements-0c5dd61414d2cb4c88e3596780dedeb0\" style=\"color:#2753a5\"><strong><em>Pour lire le texte complet <a href=\"\/index.php\/options-dinscription\/\"><mark style=\"background-color:rgba(0, 0, 0, 0)\" class=\"has-inline-color has-vivid-cyan-blue-color\">s&rsquo;inscrire<\/mark><\/a> ou <a href=\"\/index.php\/my-account\/edit-account\/\"><mark style=\"background-color:rgba(0, 0, 0, 0)\" class=\"has-inline-color has-vivid-cyan-blue-color\">se connecter<\/mark><\/a><\/em><\/strong><\/p>\n\n\n\n\n\n<div style=\"height:100px\" aria-hidden=\"true\" class=\"wp-block-spacer\"><\/div>\n\n\n\n<div class=\"wp-block-buttons is-content-justification-center is-layout-flex wp-container-core-buttons-is-layout-a89b3969 wp-block-buttons-is-layout-flex\">\n<div class=\"wp-block-button has-custom-font-size has-small-font-size\"><a class=\"wp-block-button__link has-vivid-red-background-color has-background wp-element-button\" href=\"\/index.php\/2025\/01\/21\/mythes\/\">&lt;&#8211; retour<\/a><\/div>\n<\/div>\n<\/div>\n\n\n\n<div class=\"wp-block-column is-layout-flow wp-block-column-is-layout-flow\" style=\"flex-basis:33.33%\">\n<figure class=\"wp-block-table\"><table class=\"has-background\" style=\"background-color:#f8f2f2\"><thead><tr><th><mark class=\"has-inline-color has-vivid-red-color\" style=\"background-color: rgba(0, 0, 0, 0);\"><strong>Auteur<\/strong><\/mark><\/th><\/tr><\/thead><tbody><tr><td><strong>Marjorie Roques<\/strong><\/td><\/tr><\/tbody><\/table><\/figure>\n\n\n\n<figure class=\"wp-block-table\"><table><thead><tr><th><mark class=\"has-inline-color has-vivid-red-color\" style=\"background-color: rgba(0, 0, 0, 0);\"><strong>R\u00e9f\u00e9rence<\/strong><\/mark><\/th><\/tr><\/thead><tbody><tr><td><strong>RA007-28<\/strong><br><strong>Mythes<\/strong><br>Journ\u00e9es d&rsquo;Hiver 2016<\/td><\/tr><\/tbody><\/table><\/figure>\n\n\n\n<figure class=\"wp-block-table\"><table><thead><tr><th><mark class=\"has-inline-color has-vivid-red-color\" style=\"background-color: rgba(0, 0, 0, 0);\"><strong>Cat\u00e9gories<\/strong><\/mark><\/th><\/tr><\/thead><tbody><tr><td>Peinture<br>Litt\u00e9rature<br>Psychologie<\/td><\/tr><\/tbody><\/table><\/figure>\n<\/div>\n<\/div>\n","protected":false},"excerpt":{"rendered":"<p>Dans cette communication, nous traiterons de la sacralisation des peintres par les \u00e9crivains : Antonin Artaud passionn\u00e9 par Van Gogh, Paul Val\u00e9ry par Edgar Degas, Aragon par Matisse. Il sera question aussi de la mythification des \u00e9crivains par les peintres : Manet peignant Zola, Delacroix repr\u00e9sentant George Sand, ou encore&hellip;<\/p>\n","protected":false},"author":2,"featured_media":0,"comment_status":"closed","ping_status":"open","sticky":false,"template":"","format":"standard","meta":{"pmpro_default_level":"","ngg_post_thumbnail":0,"footnotes":""},"categories":[87],"tags":[509,737,484,498,772],"class_list":["post-3554","post","type-post","status-publish","format-standard","hentry","category-roques-marjorie","tag-litterature","tag-mythes","tag-peinture","tag-psychologie","tag-ra007-28","pmpro-has-access"],"_links":{"self":[{"href":"https:\/\/bibliotheque-sfpe-at.com\/index.php\/wp-json\/wp\/v2\/posts\/3554","targetHints":{"allow":["GET"]}}],"collection":[{"href":"https:\/\/bibliotheque-sfpe-at.com\/index.php\/wp-json\/wp\/v2\/posts"}],"about":[{"href":"https:\/\/bibliotheque-sfpe-at.com\/index.php\/wp-json\/wp\/v2\/types\/post"}],"author":[{"embeddable":true,"href":"https:\/\/bibliotheque-sfpe-at.com\/index.php\/wp-json\/wp\/v2\/users\/2"}],"replies":[{"embeddable":true,"href":"https:\/\/bibliotheque-sfpe-at.com\/index.php\/wp-json\/wp\/v2\/comments?post=3554"}],"version-history":[{"count":2,"href":"https:\/\/bibliotheque-sfpe-at.com\/index.php\/wp-json\/wp\/v2\/posts\/3554\/revisions"}],"predecessor-version":[{"id":4488,"href":"https:\/\/bibliotheque-sfpe-at.com\/index.php\/wp-json\/wp\/v2\/posts\/3554\/revisions\/4488"}],"wp:attachment":[{"href":"https:\/\/bibliotheque-sfpe-at.com\/index.php\/wp-json\/wp\/v2\/media?parent=3554"}],"wp:term":[{"taxonomy":"category","embeddable":true,"href":"https:\/\/bibliotheque-sfpe-at.com\/index.php\/wp-json\/wp\/v2\/categories?post=3554"},{"taxonomy":"post_tag","embeddable":true,"href":"https:\/\/bibliotheque-sfpe-at.com\/index.php\/wp-json\/wp\/v2\/tags?post=3554"}],"curies":[{"name":"wp","href":"https:\/\/api.w.org\/{rel}","templated":true}]}}