{"id":3560,"date":"2025-01-21T21:53:13","date_gmt":"2025-01-21T20:53:13","guid":{"rendered":"https:\/\/sfpe-at.com\/?p=3560"},"modified":"2025-03-22T12:12:50","modified_gmt":"2025-03-22T11:12:50","slug":"humeur-et-mythe-du-visage-des-femmes-modeles","status":"publish","type":"post","link":"https:\/\/bibliotheque-sfpe-at.com\/index.php\/2025\/01\/21\/humeur-et-mythe-du-visage-des-femmes-modeles\/","title":{"rendered":"Humeur et mythe du visage des femmes \u00ab\u00a0mod\u00e8les\u00a0\u00bb"},"content":{"rendered":"\n<p><\/p>\n\n\n\n<div class=\"wp-block-columns is-layout-flex wp-container-core-columns-is-layout-28f84493 wp-block-columns-is-layout-flex\">\n<div class=\"wp-block-column is-layout-flow wp-block-column-is-layout-flow\" style=\"flex-basis:66.66%\">\n<p>Freud (La question de l&rsquo;analyse profane, 1926) ne profana ni l&rsquo;\u00e9thique m\u00e9dicale ni la valeur des sciences de la vie. Il refusa d&rsquo;identifier l&rsquo;analyse \u00e0 un savoir sacralis\u00e9, celui des pasteurs d\u2019\u00e2me, des p\u00e9dagogues, des politiques, mais il accorda une place importante \u00e0 la litt\u00e9rature, \u00e0 l\u2019histoire des civilisations et \u00e0 la mythologie, au point m\u00eame que les sculptures antiques envahissaient son bureau. \u00c0 l&rsquo;instar de l&rsquo;arch\u00e9ologue, l&rsquo;analyste fait du manifeste un indice du latent et du r\u00eave, paradigme des mythes, une voie royale d\u2019acc\u00e8s \u00e0 des v\u00e9rit\u00e9s psychiques (souhaits de r\u00e9alisation des d\u00e9sirs inconscients, sexualit\u00e9 polymorphe, angoisses et traumatismes des enfants) \u00e0 condition de les interpr\u00e9ter.<br>Quand la parole d\u2019intention scientifique (logos) est soup\u00e7onn\u00e9e d&rsquo;\u00e9lucubration scabreuse, les voix de la mythologie font entendre que cet inou\u00ef des d\u00e9sirs humains a d\u00e9j\u00e0 \u00e9t\u00e9 pens\u00e9, voire que, dans le miroir magique du mythe, chacun peut reconna\u00eetre les ic\u00f4nes et les intrigues (traumas et fantasmes originaires) qui dirigent ses propres pulsions. La question des formations non m\u00e9dicales ni acad\u00e9miques des th\u00e9rapeutes profanes concerne les praticiens des m\u00e9diations artistiques et tout autant la question du lien transfert-contretransfert du cr\u00e9ateur avec son mod\u00e8le.<br>Nous avons choisi de traiter ces relations mouvement\u00e9es (hainamoration) \u00e0 partir du mythe de Pygmalion et Galat\u00e9e et en nous focalisant sur le visage des femmes \u00ab mod\u00e8les \u00bb peintes, photographi\u00e9es. Dans Mytholo-gies de Barthes, deux visages s\u2019imposent, ceux de Garbo et de Hepbum, mod\u00e8les de beaut\u00e9 blanche et glac\u00e9e de la f\u00e9minit\u00e9 surnaturelle, abstraite (Kelly, Deneuve, Seberg, Seyrig) et beaut\u00e9 vagabonde du f\u00e9minin incarn\u00e9, de ses humeurs exprim\u00e9es (Garner, Monroe, Taylor, Ardant, Bardot).<br>Comment sauver la femme mod\u00e8le de l&#8217;emprise (admiration\/d\u00e9testation) du ma\u00eetre, des agents et du public ? En la reconnaissant actrice, voire (co) cr\u00e9atrice par la voie non pas d\u2019un culte mais d&rsquo;un travail mythopo\u00ef\u00e9tique de d\u00e9-sid\u00e9ration parce qu&rsquo;il faut bien, selon l&rsquo;oracle antique, \u00ab s\u2019occuper un peu du travail des Muses \u00bb.<\/p>\n\n\n\n<p class=\"has-text-color has-link-color wp-elements-0c5dd61414d2cb4c88e3596780dedeb0\" style=\"color:#2753a5\"><strong><em>Pour lire le texte complet <a href=\"\/index.php\/options-dinscription\/\"><mark style=\"background-color:rgba(0, 0, 0, 0)\" class=\"has-inline-color has-vivid-cyan-blue-color\">s&rsquo;inscrire<\/mark><\/a> ou <a href=\"\/index.php\/my-account\/edit-account\/\"><mark style=\"background-color:rgba(0, 0, 0, 0)\" class=\"has-inline-color has-vivid-cyan-blue-color\">se connecter<\/mark><\/a><\/em><\/strong><\/p>\n\n\n\n\n\n<div style=\"height:100px\" aria-hidden=\"true\" class=\"wp-block-spacer\"><\/div>\n\n\n\n<div class=\"wp-block-buttons is-content-justification-center is-layout-flex wp-container-core-buttons-is-layout-a89b3969 wp-block-buttons-is-layout-flex\">\n<div class=\"wp-block-button has-custom-font-size has-small-font-size\"><a class=\"wp-block-button__link has-vivid-red-background-color has-background wp-element-button\" href=\"\/index.php\/2025\/01\/21\/mythes\/\">&lt;&#8211; retour<\/a><\/div>\n<\/div>\n<\/div>\n\n\n\n<div class=\"wp-block-column is-layout-flow wp-block-column-is-layout-flow\" style=\"flex-basis:33.33%\">\n<figure class=\"wp-block-table\"><table class=\"has-background\" style=\"background-color:#f8f2f2\"><thead><tr><th><mark class=\"has-inline-color has-vivid-red-color\" style=\"background-color: rgba(0, 0, 0, 0);\"><strong>Auteur<\/strong><\/mark><\/th><\/tr><\/thead><tbody><tr><td><strong>Jean-Pierre Martineau<\/strong><\/td><\/tr><\/tbody><\/table><\/figure>\n\n\n\n<figure class=\"wp-block-table\"><table><thead><tr><th><mark class=\"has-inline-color has-vivid-red-color\" style=\"background-color: rgba(0, 0, 0, 0);\"><strong>R\u00e9f\u00e9rence<\/strong><\/mark><\/th><\/tr><\/thead><tbody><tr><td><strong>RA007-31<\/strong><br><strong>Mythes<\/strong><br>Journ\u00e9es d&rsquo;Hiver 2016<\/td><\/tr><\/tbody><\/table><\/figure>\n\n\n\n<figure class=\"wp-block-table\"><table><thead><tr><th><mark class=\"has-inline-color has-vivid-red-color\" style=\"background-color: rgba(0, 0, 0, 0);\"><strong>Cat\u00e9gories<\/strong><\/mark><\/th><\/tr><\/thead><tbody><tr><td>Psychanalyse<br>Cin\u00e9ma<\/td><\/tr><\/tbody><\/table><\/figure>\n<\/div>\n<\/div>\n","protected":false},"excerpt":{"rendered":"<p>Freud (La question de l&rsquo;analyse profane, 1926) ne profana ni l&rsquo;\u00e9thique m\u00e9dicale ni la valeur des sciences de la vie. Il refusa d&rsquo;identifier l&rsquo;analyse \u00e0 un savoir sacralis\u00e9, celui des pasteurs d\u2019\u00e2me, des p\u00e9dagogues, des politiques, mais il accorda une place importante \u00e0 la litt\u00e9rature, \u00e0 l\u2019histoire des civilisations et&hellip;<\/p>\n","protected":false},"author":2,"featured_media":0,"comment_status":"closed","ping_status":"open","sticky":false,"template":"","format":"standard","meta":{"pmpro_default_level":"","ngg_post_thumbnail":0,"footnotes":""},"categories":[41],"tags":[510,737,494,775],"class_list":["post-3560","post","type-post","status-publish","format-standard","hentry","category-martineau-jean-pierre","tag-cinema","tag-mythes","tag-psychanalyse","tag-ra007-31","pmpro-has-access"],"_links":{"self":[{"href":"https:\/\/bibliotheque-sfpe-at.com\/index.php\/wp-json\/wp\/v2\/posts\/3560","targetHints":{"allow":["GET"]}}],"collection":[{"href":"https:\/\/bibliotheque-sfpe-at.com\/index.php\/wp-json\/wp\/v2\/posts"}],"about":[{"href":"https:\/\/bibliotheque-sfpe-at.com\/index.php\/wp-json\/wp\/v2\/types\/post"}],"author":[{"embeddable":true,"href":"https:\/\/bibliotheque-sfpe-at.com\/index.php\/wp-json\/wp\/v2\/users\/2"}],"replies":[{"embeddable":true,"href":"https:\/\/bibliotheque-sfpe-at.com\/index.php\/wp-json\/wp\/v2\/comments?post=3560"}],"version-history":[{"count":2,"href":"https:\/\/bibliotheque-sfpe-at.com\/index.php\/wp-json\/wp\/v2\/posts\/3560\/revisions"}],"predecessor-version":[{"id":4491,"href":"https:\/\/bibliotheque-sfpe-at.com\/index.php\/wp-json\/wp\/v2\/posts\/3560\/revisions\/4491"}],"wp:attachment":[{"href":"https:\/\/bibliotheque-sfpe-at.com\/index.php\/wp-json\/wp\/v2\/media?parent=3560"}],"wp:term":[{"taxonomy":"category","embeddable":true,"href":"https:\/\/bibliotheque-sfpe-at.com\/index.php\/wp-json\/wp\/v2\/categories?post=3560"},{"taxonomy":"post_tag","embeddable":true,"href":"https:\/\/bibliotheque-sfpe-at.com\/index.php\/wp-json\/wp\/v2\/tags?post=3560"}],"curies":[{"name":"wp","href":"https:\/\/api.w.org\/{rel}","templated":true}]}}