{"id":3564,"date":"2019-05-23T12:27:52","date_gmt":"2019-05-23T10:27:52","guid":{"rendered":"https:\/\/sfpe-at.com\/?p=3564"},"modified":"2025-01-22T13:59:11","modified_gmt":"2025-01-22T12:59:11","slug":"crees-en-milieu-psychiatrique-des-objets-en-instance","status":"publish","type":"post","link":"https:\/\/bibliotheque-sfpe-at.com\/index.php\/2019\/05\/23\/crees-en-milieu-psychiatrique-des-objets-en-instance\/","title":{"rendered":"Cr\u00e9\u00e9s en milieu psychiatrique : des objets en instance ?"},"content":{"rendered":"<div class=\"wp-block-image\">\n<figure class=\"alignright size-large is-resized\"><a href=\"https:\/\/bibliotheque-sfpe-at.com\/wp-content\/uploads\/2025\/01\/RA013-Crees-en-milieu-psychiatrique.jpg\"><img loading=\"lazy\" decoding=\"async\" width=\"724\" height=\"1024\" src=\"https:\/\/bibliotheque-sfpe-at.com\/wp-content\/uploads\/2025\/01\/RA013-Crees-en-milieu-psychiatrique-724x1024.jpg\" alt=\"\" class=\"wp-image-3565\" style=\"width:350px\" srcset=\"https:\/\/bibliotheque-sfpe-at.com\/wp-content\/uploads\/2025\/01\/RA013-Crees-en-milieu-psychiatrique-724x1024.jpg 724w, https:\/\/bibliotheque-sfpe-at.com\/wp-content\/uploads\/2025\/01\/RA013-Crees-en-milieu-psychiatrique-212x300.jpg 212w, https:\/\/bibliotheque-sfpe-at.com\/wp-content\/uploads\/2025\/01\/RA013-Crees-en-milieu-psychiatrique-768x1086.jpg 768w, https:\/\/bibliotheque-sfpe-at.com\/wp-content\/uploads\/2025\/01\/RA013-Crees-en-milieu-psychiatrique-241x340.jpg 241w, https:\/\/bibliotheque-sfpe-at.com\/wp-content\/uploads\/2025\/01\/RA013-Crees-en-milieu-psychiatrique-425x600.jpg 425w, https:\/\/bibliotheque-sfpe-at.com\/wp-content\/uploads\/2025\/01\/RA013-Crees-en-milieu-psychiatrique-600x848.jpg 600w, https:\/\/bibliotheque-sfpe-at.com\/wp-content\/uploads\/2025\/01\/RA013-Crees-en-milieu-psychiatrique.jpg 849w\" sizes=\"auto, (max-width: 724px) 100vw, 724px\" \/><\/a><\/figure>\n<\/div>\n\n\n<p><\/p>\n\n\n\n<p>Depuis plus de deux si\u00e8cles, des objets sont cr\u00e9\u00e9s en institutions psychiatriques et autres lieux de soin. Ils sont de toutes sortes, dessins, peintures, modelages et sculptures, \u00e9crits, tapisseries\u2026etc., et de tous formats.<br>D\u2019abord n\u00e9glig\u00e9s, rel\u00e9gu\u00e9s dans des lieux d\u2019exclusion et dans l\u2019exil de la raison, certains doivent \u00e0 quelques passeurs d\u2019avoir franchi la ligne de d\u00e9marcation, celle des murs institutionnels, mais aussi celle s\u00e9parant l\u2019art officiel de \u00ab l\u2019art des fous \u00bb. Les passeurs furent soignants, puis artistes et \u00e9crivains, bient\u00f4t suivis par des chercheurs, psychologues, psychanalystes, historiens d\u2019art\u2026 etc. Au passage, ils ont appos\u00e9 leur propre marque sur ces objets qui, \u00e0 l\u2019ext\u00e9rieur des lieux de soin, ont pris diff\u00e9rentes d\u00e9nominations. Objets d\u2019\u00e9tude pour la psychopathologie de l\u2019expression, ou \u00e9lev\u00e9s au rang d\u2019\u0153uvres d\u2019art, ils ont surtout suscit\u00e9 des d\u00e9bats passionn\u00e9s et pol\u00e9miques durant le XX\u00e8me si\u00e8cle et qui se poursuivent aujourd\u2019hui.<br>Faute de statut administratif qui pourrait d\u00e9finir leur place et les devoirs de l\u2019institution les concernant, ils restent des passagers clandestins, des objets en instance. Ne nous sont souvent parvenus que des rescap\u00e9s, sauv\u00e9s de la destruction et de l\u2019oubli par des initiatives individuelles : collectes \u00e0 des fins diverses, collections priv\u00e9es et publiques. Plus r\u00e9cemment, les ateliers d\u2019art-th\u00e9rapie ont officialis\u00e9 la cr\u00e9ation dans les lieux de soin, sans que leurs objets n\u2019aient davantage de statut.<br>Les questions essentielles, \u00e9thiques et juridiques, concernant les cr\u00e9ations et leurs auteurs restent pos\u00e9es: leur pr\u00e9sence, leur fonction, leur avenir ? Et qui en d\u00e9cide ?<br>De nos r\u00e9ponses \u00e0 ces questions d\u00e9pendent leur accueil et leur int\u00e9gration dans notre patrimoine.<\/p>\n\n\n\n<p><\/p>\n\n\n<div class='pt-cv-wrapper'> <div class=\"pt-cv-view pt-cv-blockgrid iscvblock iscvreal grid1 layout2 cveffect-zoomin\" id=\"pt-cv-view-3i0h7lt2\"><div data-id=\"pt-cv-page-1\" class=\"pt-cv-page\" data-cvc=\"4\"><div class=\" pt-cv-content-item pt-cv-1-col\" ><div class=\"pt-cv-taxoterm above_title\"><a href='https:\/\/bibliotheque-sfpe-at.com\/index.php\/category\/auteurs\/cornu-marie\/' title='Cornu Marie' class='pt-cv-tax-cornu-marie'>Cornu Marie<\/a><\/div>\n<h4 class=\"pt-cv-title\"><a href=\"https:\/\/bibliotheque-sfpe-at.com\/index.php\/2025\/01\/22\/qualification-de-lacte-createur-lobjet-en-instance\/\" class=\"_self\" target=\"_self\" >Qualification de l\u2019acte cr\u00e9ateur, l\u2019objet en instance<\/a><\/h4>\n<div class=\"pt-cv-content\">Le th\u00e8me de ces journ\u00e9es s\u2019est concentr\u00e9 sur la cr\u00e9ation en milieu psychiatrique. L\u2019expression artistique prend des formes diverses, ce que signale l\u2019argument du colloque : dessins, peintures, modelages et sculptures, \u00e9crits, tapisseries, etc., ces productions sont de tous for-mats. Elles doivent \u00e0 ce travail &#8230;<\/div>\n<div class=\"pt-cv-rmwrap\"><a href=\"https:\/\/bibliotheque-sfpe-at.com\/index.php\/2025\/01\/22\/qualification-de-lacte-createur-lobjet-en-instance\/\" class=\"_self pt-cv-readmore btn btn-success\" target=\"_self\" >Lire La Suite\u2026<\/a><\/div><\/div>\n<div class=\" pt-cv-content-item pt-cv-1-col\" ><div class=\"pt-cv-taxoterm above_title\"><a href='https:\/\/bibliotheque-sfpe-at.com\/index.php\/category\/auteurs\/cornu-marie\/' title='Cornu Marie' class='pt-cv-tax-cornu-marie'>Cornu Marie<\/a><\/div>\n<h4 class=\"pt-cv-title\"><a href=\"https:\/\/bibliotheque-sfpe-at.com\/index.php\/2025\/01\/22\/la-publicisation-de-loeuvre-de-la-rive-du-bord-au-rivage-gagne\/\" class=\"_self\" target=\"_self\" >La publicisation de l\u2019\u0153uvre, de la rive du bord au rivage gagn\u00e9\u00a0?<\/a><\/h4>\n<div class=\"pt-cv-content\">Le th\u00e8me de ces journ\u00e9es s\u2019est concentr\u00e9 sur la cr\u00e9ation en milieu psychiatrique. L\u2019expression artistique prend des formes diverses, ce que signale l\u2019argument du colloque : dessins, peintures, modelages et sculptures, \u00e9crits, tapisseries, etc., ces productions sont de tous for-mats. Elles doivent \u00e0 ce travail &#8230;<\/div>\n<div class=\"pt-cv-rmwrap\"><a href=\"https:\/\/bibliotheque-sfpe-at.com\/index.php\/2025\/01\/22\/la-publicisation-de-loeuvre-de-la-rive-du-bord-au-rivage-gagne\/\" class=\"_self pt-cv-readmore btn btn-success\" target=\"_self\" >Lire La Suite\u2026<\/a><\/div><\/div>\n<div class=\" pt-cv-content-item pt-cv-1-col\" ><div class=\"pt-cv-taxoterm above_title\"><a href='https:\/\/bibliotheque-sfpe-at.com\/index.php\/category\/auteurs\/grosyeux-bernadette\/' title='Grosyeux Bernadette' class='pt-cv-tax-grosyeux-bernadette'>Grosyeux Bernadette<\/a><\/div>\n<h4 class=\"pt-cv-title\"><a href=\"https:\/\/bibliotheque-sfpe-at.com\/index.php\/2025\/01\/22\/createurs-valeur-et-droits\/\" class=\"_self\" target=\"_self\" >Cr\u00e9ateurs, valeur et droits<\/a><\/h4>\n<div class=\"pt-cv-content\">Le principe de la protection du droit d\u2019auteur est pos\u00e9 par l\u2019article L111.1 du Code de propri\u00e9t\u00e9 intellectuelle : \u00ab L\u2019auteur d\u2019une \u0153uvre de l\u2019esprit jouit sur cette \u0153uvre, du seul fait de sa cr\u00e9ation, d\u2019un droit de propri\u00e9t\u00e9 incorporel exclusif et opposable \u00e0 tous &#8230;<\/div>\n<div class=\"pt-cv-rmwrap\"><a href=\"https:\/\/bibliotheque-sfpe-at.com\/index.php\/2025\/01\/22\/createurs-valeur-et-droits\/\" class=\"_self pt-cv-readmore btn btn-success\" target=\"_self\" >Lire La Suite\u2026<\/a><\/div><\/div>\n<div class=\" pt-cv-content-item pt-cv-1-col\" ><div class=\"pt-cv-taxoterm above_title\"><a href='https:\/\/bibliotheque-sfpe-at.com\/index.php\/category\/auteurs\/mauer-lise\/' title='Mauer Lise' class='pt-cv-tax-mauer-lise'>Mauer Lise<\/a><\/div>\n<h4 class=\"pt-cv-title\"><a href=\"https:\/\/bibliotheque-sfpe-at.com\/index.php\/2025\/01\/22\/en-cheminant\/\" class=\"_self\" target=\"_self\" >En cheminant&#8230;<\/a><\/h4>\n<div class=\"pt-cv-content\">En consid\u00e9rant le cheminement de travaux asilaires reconnus comme \u0153uvres dans la collection historique de l\u2019art brut, peut-on avancer dans le vaste questionnement, n\u00e9cessaire et actuel, quant aux modalit\u00e9s menant \u00e0 la reconnaissance de ces \u00ab objets en souffrance \u00bb produits dans des lieux de &#8230;<\/div>\n<div class=\"pt-cv-rmwrap\"><a href=\"https:\/\/bibliotheque-sfpe-at.com\/index.php\/2025\/01\/22\/en-cheminant\/\" class=\"_self pt-cv-readmore btn btn-success\" target=\"_self\" >Lire La Suite\u2026<\/a><\/div><\/div>\n<div class=\" pt-cv-content-item pt-cv-1-col\" ><div class=\"pt-cv-taxoterm above_title\"><a href='https:\/\/bibliotheque-sfpe-at.com\/index.php\/category\/auteurs\/brun-baptiste\/' title='Brun Baptiste' class='pt-cv-tax-brun-baptiste'>Brun Baptiste<\/a><\/div>\n<h4 class=\"pt-cv-title\"><a href=\"https:\/\/bibliotheque-sfpe-at.com\/index.php\/2025\/01\/22\/la-robe-de-la-reine-de-lhopital-de-maison-blanche-a-celui-de-viille-evrard\/\" class=\"_self\" target=\"_self\" >La robe de la reine, de l\u2019h\u00f4pital de Maison-Blanche \u00e0 celui de Viille-\u00c9vrard<\/a><\/h4>\n<div class=\"pt-cv-content\">Biographie d\u2019un objet d\u00e9nomm\u00e9 La robe de la reine Notre travail consiste \u00e0 prendre en charge, \u00e0 la crois\u00e9e de la psychiatrie et de l&rsquo;histoire de l&rsquo;art un objet singulier confectionn\u00e9 \u00e0 l\u2019h\u00f4pital de Maison-Blanche, aujourd\u2019hui conserv\u00e9 dans celui de Ville-Evrard gr\u00e2ce \u00e0 la SERHEP &#8230;<\/div>\n<div class=\"pt-cv-rmwrap\"><a href=\"https:\/\/bibliotheque-sfpe-at.com\/index.php\/2025\/01\/22\/la-robe-de-la-reine-de-lhopital-de-maison-blanche-a-celui-de-viille-evrard\/\" class=\"_self pt-cv-readmore btn btn-success\" target=\"_self\" >Lire La Suite\u2026<\/a><\/div><\/div>\n<div class=\" pt-cv-content-item pt-cv-1-col\" ><div class=\"pt-cv-taxoterm above_title\"><a href='https:\/\/bibliotheque-sfpe-at.com\/index.php\/category\/auteurs\/boissiere-anne\/' title='Boissi\u00e8re Anne' class='pt-cv-tax-boissiere-anne'>Boissi\u00e8re Anne<\/a><\/div>\n<h4 class=\"pt-cv-title\"><a href=\"https:\/\/bibliotheque-sfpe-at.com\/index.php\/2025\/01\/22\/quels-objets\/\" class=\"_self\" target=\"_self\" >Quels objets\u00a0?<\/a><\/h4>\n<div class=\"pt-cv-content\">La notion d\u2019objet revient \u00e0 plusieurs reprises dans l\u2019argument, et on a bien du mal en effet \u00e0 l\u2019\u00e9viter pour d\u00e9signer ce \u00e0 quoi on a affaire : dessins, modelages ou robes\u2026Mais la notion d\u2019objet est-elle ad\u00e9quate pour d\u00e9signer ce qui se passe dans la &#8230;<\/div>\n<div class=\"pt-cv-rmwrap\"><a href=\"https:\/\/bibliotheque-sfpe-at.com\/index.php\/2025\/01\/22\/quels-objets\/\" class=\"_self pt-cv-readmore btn btn-success\" target=\"_self\" >Lire La Suite\u2026<\/a><\/div><\/div>\n<div class=\" pt-cv-content-item pt-cv-1-col\" ><div class=\"pt-cv-taxoterm above_title\"><a href='https:\/\/bibliotheque-sfpe-at.com\/index.php\/category\/auteurs\/martineau-jean-pierre\/' title='Martineau Jean-Pierre' class='pt-cv-tax-martineau-jean-pierre'>Martineau Jean-Pierre<\/a><\/div>\n<h4 class=\"pt-cv-title\"><a href=\"https:\/\/bibliotheque-sfpe-at.com\/index.php\/2025\/01\/22\/instances-pour-relever-les-oeuvres-derangeantes\/\" class=\"_self\" target=\"_self\" >(In)stances pour relever les \u0153uvres d\u00e9rangeantes<\/a><\/h4>\n<div class=\"pt-cv-content\">On soigne les \u00ab d\u00e9rang\u00e9s \u00bb de l\u2019esprit ou de leur patrie mais on n\u2019en finit pas de d\u00e9lib\u00e9rer sur la valeur patrimoniale des \u0153uvres d\u00e9rangeantes, sur les droits de leurs auteurs et sur la l\u00e9gitimit\u00e9 de ceux qui y veillent (th\u00e9rapeutes, experts, marchands et &#8230;<\/div>\n<div class=\"pt-cv-rmwrap\"><a href=\"https:\/\/bibliotheque-sfpe-at.com\/index.php\/2025\/01\/22\/instances-pour-relever-les-oeuvres-derangeantes\/\" class=\"_self pt-cv-readmore btn btn-success\" target=\"_self\" >Lire La Suite\u2026<\/a><\/div><\/div>\n<div class=\" pt-cv-content-item pt-cv-1-col\" ><div class=\"pt-cv-taxoterm above_title\"><a href='https:\/\/bibliotheque-sfpe-at.com\/index.php\/category\/auteurs\/bonin-noemie\/' title='Bonin No\u00e9mie' class='pt-cv-tax-bonin-noemie'>Bonin No\u00e9mie<\/a><\/div>\n<h4 class=\"pt-cv-title\"><a href=\"https:\/\/bibliotheque-sfpe-at.com\/index.php\/2025\/01\/22\/producteur-dobjets-acteur-de-ses-projets\/\" class=\"_self\" target=\"_self\" >Producteur d\u2019objets, acteur de ses projets<\/a><\/h4>\n<div class=\"pt-cv-content\">Le Trusquin est un atelier th\u00e9rapeutique de l\u2019EPSM de l\u2019agglom\u00e9ration lilloise. Situ\u00e9 \u00e0 Roubaix, il est rattach\u00e9 au secteur 59G12 mais propose un accueil intersectoriel. Les patients, ici appel\u00e9s \u00ab stagiaires \u00bb, y sont accompagn\u00e9s par une \u00e9quipe pluridisciplinaire : infirmier, \u00e9ducatrice technique sp\u00e9cialis\u00e9e, moniteur &#8230;<\/div>\n<div class=\"pt-cv-rmwrap\"><a href=\"https:\/\/bibliotheque-sfpe-at.com\/index.php\/2025\/01\/22\/producteur-dobjets-acteur-de-ses-projets\/\" class=\"_self pt-cv-readmore btn btn-success\" target=\"_self\" >Lire La Suite\u2026<\/a><\/div><\/div>\n<div class=\" pt-cv-content-item pt-cv-1-col\" ><div class=\"pt-cv-taxoterm above_title\"><a href='https:\/\/bibliotheque-sfpe-at.com\/index.php\/category\/auteurs\/piontek-maud\/' title='Piontek Maud' class='pt-cv-tax-piontek-maud'>Piontek Maud<\/a><a href='https:\/\/bibliotheque-sfpe-at.com\/index.php\/category\/auteurs\/remy-christelle\/' title='R\u00e9my Christelle' class='pt-cv-tax-remy-christelle'>R\u00e9my Christelle<\/a><\/div>\n<h4 class=\"pt-cv-title\"><a href=\"https:\/\/bibliotheque-sfpe-at.com\/index.php\/2025\/01\/22\/des-travaux-et-des-oeuvres-la-creation-dune-artotheque-en-epsm\/\" class=\"_self\" target=\"_self\" >Des travaux et des \u0153uvres. La cr\u00e9ation d\u2019une artoth\u00e8que en EPSM<\/a><\/h4>\n<div class=\"pt-cv-content\">L\u2019EPSM a \u00e9labor\u00e9 une politique culturelle volontariste avec trois vertus : aider les patients \u00e0 retrouver la libert\u00e9 de s\u2019exprimer, de se cultiver, d\u2019\u00eatre citoyen ; cr\u00e9er des espaces de pens\u00e9e pour la communaut\u00e9 professionnelle de l\u2019\u00e9tablissement ; changer le regard de la soci\u00e9t\u00e9 sur &#8230;<\/div>\n<div class=\"pt-cv-rmwrap\"><a href=\"https:\/\/bibliotheque-sfpe-at.com\/index.php\/2025\/01\/22\/des-travaux-et-des-oeuvres-la-creation-dune-artotheque-en-epsm\/\" class=\"_self pt-cv-readmore btn btn-success\" target=\"_self\" >Lire La Suite\u2026<\/a><\/div><\/div>\n<div class=\" pt-cv-content-item pt-cv-1-col\" ><div class=\"pt-cv-taxoterm above_title\"><a href='https:\/\/bibliotheque-sfpe-at.com\/index.php\/category\/auteurs\/piontek-maud\/' title='Piontek Maud' class='pt-cv-tax-piontek-maud'>Piontek Maud<\/a><\/div>\n<h4 class=\"pt-cv-title\"><a href=\"https:\/\/bibliotheque-sfpe-at.com\/index.php\/2025\/01\/22\/conserver-et-partager-quelle-ethique-pour-une-artotheque-hospitaliere\/\" class=\"_self\" target=\"_self\" >Conserver et partager\u00a0: quelle\u00a0 \u00e9thique pour une artoth\u00e8que hospitali\u00e8re<\/a><\/h4>\n<div class=\"pt-cv-content\">Au cours de l\u2019histoire de la cr\u00e9ation de l\u2019artoth\u00e8que de l\u2019EPSM, de nombreuses questions juridiques et \u00e9thiques se sont pos\u00e9es : du gribouillis \u00e0 l\u2019\u0153uvre d\u2019art, qu\u2019est-ce qui distinguait les \u0153uvres des travaux ? Fallait-il faire un choix parmi les tr\u00e8s nombreuses productions \u00e0 stocker &#8230;<\/div>\n<div class=\"pt-cv-rmwrap\"><a href=\"https:\/\/bibliotheque-sfpe-at.com\/index.php\/2025\/01\/22\/conserver-et-partager-quelle-ethique-pour-une-artotheque-hospitaliere\/\" class=\"_self pt-cv-readmore btn btn-success\" target=\"_self\" >Lire La Suite\u2026<\/a><\/div><\/div>\n<div class=\" pt-cv-content-item pt-cv-1-col\" ><div class=\"pt-cv-taxoterm above_title\"><a href='https:\/\/bibliotheque-sfpe-at.com\/index.php\/category\/auteurs\/joyez-marjorie\/' title='Joyez Marjorie' class='pt-cv-tax-joyez-marjorie'>Joyez Marjorie<\/a><a href='https:\/\/bibliotheque-sfpe-at.com\/index.php\/category\/auteurs\/vandenabeele-edith\/' title='Vandenabeele Edith' class='pt-cv-tax-vandenabeele-edith'>Vandenabeele Edith<\/a><\/div>\n<h4 class=\"pt-cv-title\"><a href=\"https:\/\/bibliotheque-sfpe-at.com\/index.php\/2025\/01\/22\/au-sujet-de-lobjet\/\" class=\"_self\" target=\"_self\" >Au sujet de l\u2019objet<\/a><\/h4>\n<div class=\"pt-cv-content\">Contrairement aux cr\u00e9ations connues des malades mentaux des asiles d\u2019ali\u00e9n\u00e9s, collectionn\u00e9es apr\u00e8s coup sous l\u2019appellation d\u2019art brut, les objets fa\u00e7onn\u00e9s en psychiatrie aujourd\u2019hui le sont rarement \u00e0 l\u2019initiative des personnes hospitalis\u00e9es.Les productions conserv\u00e9es dans les armoires de l\u2019h\u00f4pital ont le plus souvent \u00e9t\u00e9 impuls\u00e9es par &#8230;<\/div>\n<div class=\"pt-cv-rmwrap\"><a href=\"https:\/\/bibliotheque-sfpe-at.com\/index.php\/2025\/01\/22\/au-sujet-de-lobjet\/\" class=\"_self pt-cv-readmore btn btn-success\" target=\"_self\" >Lire La Suite\u2026<\/a><\/div><\/div>\n<div class=\" pt-cv-content-item pt-cv-1-col\" ><div class=\"pt-cv-taxoterm above_title\"><a href='https:\/\/bibliotheque-sfpe-at.com\/index.php\/category\/auteurs\/schiltz-lony\/' title='Schiltz Lony' class='pt-cv-tax-schiltz-lony'>Schiltz Lony<\/a><\/div>\n<h4 class=\"pt-cv-title\"><a href=\"https:\/\/bibliotheque-sfpe-at.com\/index.php\/2025\/01\/22\/des-creations-libres-aux-epreuves-expressives-reflexions-epistemologiques-et-methodologiques\/\" class=\"_self\" target=\"_self\" >Des cr\u00e9ations libres aux \u00e9preuves expressives\u00a0: r\u00e9flexions \u00e9pist\u00e9mologiques et m\u00e9thodologiques<\/a><\/h4>\n<div class=\"pt-cv-content\">Nous pr\u00e9senterons quelques r\u00e9flexions \u00e9pist\u00e9mologiques et m\u00e9thodologiques concernant le statut des productions artistiques cr\u00e9\u00e9es au cours des s\u00e9ances d\u2019art-th\u00e9rapie. En particulier, nous allons aborder l\u2019\u00e9volution r\u00e9cente au niveau des \u00e9preuves dites \u00ab expressives \u00bb et documenter leur pertinence pour la recherche en psychologie clinique.\u00c0 l\u2019heure &#8230;<\/div>\n<div class=\"pt-cv-rmwrap\"><a href=\"https:\/\/bibliotheque-sfpe-at.com\/index.php\/2025\/01\/22\/des-creations-libres-aux-epreuves-expressives-reflexions-epistemologiques-et-methodologiques\/\" class=\"_self pt-cv-readmore btn btn-success\" target=\"_self\" >Lire La Suite\u2026<\/a><\/div><\/div>\n<div class=\" pt-cv-content-item pt-cv-1-col\" ><div class=\"pt-cv-taxoterm above_title\"><a href='https:\/\/bibliotheque-sfpe-at.com\/index.php\/category\/auteurs\/barthelemy-jean-marie\/' title='Barth\u00e9l\u00e9my Jean-Marie' class='pt-cv-tax-barthelemy-jean-marie'>Barth\u00e9l\u00e9my Jean-Marie<\/a><a href='https:\/\/bibliotheque-sfpe-at.com\/index.php\/category\/auteurs\/ternoy-michel\/' title='Ternoy Michel' class='pt-cv-tax-ternoy-michel'>Ternoy Michel<\/a><\/div>\n<h4 class=\"pt-cv-title\"><a href=\"https:\/\/bibliotheque-sfpe-at.com\/index.php\/2025\/01\/22\/finalite-et-destin-des-creations-en-milieu-psychiatrique\/\" class=\"_self\" target=\"_self\" >Finalit\u00e9 et destin des cr\u00e9ations en milieu psychiatrique<\/a><\/h4>\n<div class=\"pt-cv-content\">\u00ab Le mieux c\u2019est que \u00e7a reste entre nous\u2026 apr\u00e8s\u2026 on verra\u2026 \u00bbPascaleL\u2019existence d\u2019un atelier de libre expression en milieu psychiatrique ne saurait \u00e9viter la question essentielle de la compatibilit\u00e9 entre deux ordres de consid\u00e9rations divergentes.Le premier concerne les conceptions et principes fondamentaux du fonctionnement &#8230;<\/div>\n<div class=\"pt-cv-rmwrap\"><a href=\"https:\/\/bibliotheque-sfpe-at.com\/index.php\/2025\/01\/22\/finalite-et-destin-des-creations-en-milieu-psychiatrique\/\" class=\"_self pt-cv-readmore btn btn-success\" target=\"_self\" >Lire La Suite\u2026<\/a><\/div><\/div>\n<div class=\" pt-cv-content-item pt-cv-1-col\" ><div class=\"pt-cv-taxoterm above_title\"><a href='https:\/\/bibliotheque-sfpe-at.com\/index.php\/category\/auteurs\/beuvin-flavie\/' title='Beuvin Flavie' class='pt-cv-tax-beuvin-flavie'>Beuvin Flavie<\/a><\/div>\n<h4 class=\"pt-cv-title\"><a href=\"https:\/\/bibliotheque-sfpe-at.com\/index.php\/2025\/01\/22\/creations-en-psychiatrie-une-existence-temporelle-a-part\/\" class=\"_self\" target=\"_self\" >Cr\u00e9ations en psychiatrie\u00a0: une existence temporelle \u00e0 part<\/a><\/h4>\n<div class=\"pt-cv-content\">Ces objets d\u00e9pos\u00e9s dans des asiles \u2014 asile que l\u2019on entend dans sa d\u00e9finition la plus pleine et exon\u00e9r\u00e9 de l\u2019imaginaire claustral qu\u2019il recouvre, l\u2019asile comme refuge qui fait rep\u00e8re en p\u00e9riode d\u2019exil psychique, l\u2019asile comme lieu de d\u00e9p\u00f4t de soi \u2014 font figures d\u2019un &#8230;<\/div>\n<div class=\"pt-cv-rmwrap\"><a href=\"https:\/\/bibliotheque-sfpe-at.com\/index.php\/2025\/01\/22\/creations-en-psychiatrie-une-existence-temporelle-a-part\/\" class=\"_self pt-cv-readmore btn btn-success\" target=\"_self\" >Lire La Suite\u2026<\/a><\/div><\/div>\n<div class=\" pt-cv-content-item pt-cv-1-col\" ><div class=\"pt-cv-taxoterm above_title\"><a href='https:\/\/bibliotheque-sfpe-at.com\/index.php\/category\/auteurs\/granier-francois\/' title='Granier Fran\u00e7ois' class='pt-cv-tax-granier-francois'>Granier Fran\u00e7ois<\/a><\/div>\n<h4 class=\"pt-cv-title\"><a href=\"https:\/\/bibliotheque-sfpe-at.com\/index.php\/2025\/01\/22\/memento-sur-les-aspects-legislatifs-et-museologiques-des-oeuvres-en-art-therapie\/\" class=\"_self\" target=\"_self\" >M\u00e9mento sur les aspects l\u00e9gislatifs et mus\u00e9ologiques des \u0153uvres en art-th\u00e9rapie<\/a><\/h4>\n<div class=\"pt-cv-content\">La conservation des productions en art-th\u00e9rapie est devenue un probl\u00e8me au fil de leur accumulation depuis des ann\u00e9es, avec le roulement des animateurs, la transformation ou la suppression des ateliers, selon les contextes locaux \u00e9conomiques et architecturaux, dans le sanitaire comme dans le m\u00e9dico-social.Faut-il seulement &#8230;<\/div>\n<div class=\"pt-cv-rmwrap\"><a href=\"https:\/\/bibliotheque-sfpe-at.com\/index.php\/2025\/01\/22\/memento-sur-les-aspects-legislatifs-et-museologiques-des-oeuvres-en-art-therapie\/\" class=\"_self pt-cv-readmore btn btn-success\" target=\"_self\" >Lire La Suite\u2026<\/a><\/div><\/div>\n<div class=\" pt-cv-content-item pt-cv-1-col\" ><div class=\"pt-cv-taxoterm above_title\"><a href='https:\/\/bibliotheque-sfpe-at.com\/index.php\/category\/auteurs\/corral-regourd-martine\/' title='Corral-Regourd Martine' class='pt-cv-tax-corral-regourd-martine'>Corral-Regourd Martine<\/a><a href='https:\/\/bibliotheque-sfpe-at.com\/index.php\/category\/auteurs\/klein-camille\/' title='Klein Camille' class='pt-cv-tax-klein-camille'>Klein Camille<\/a><\/div>\n<h4 class=\"pt-cv-title\"><a href=\"https:\/\/bibliotheque-sfpe-at.com\/index.php\/2025\/01\/22\/presentation-du-projet-idex-plurriart\/\" class=\"_self\" target=\"_self\" >Pr\u00e9sentation du projet Idex Plurriart<\/a><\/h4>\n<div class=\"pt-cv-content\">Le projet \u00ab\u00a0Pluridisciplinarit\u00e9 et Art-th\u00e9rapie\u201d s&rsquo;est articul\u00e9 autour d&rsquo;une recherche de grande ampleur relative au statut et au devenir des productions d\u2019art-th\u00e9rapie, selon une approche pluridisciplinaire, associant juriste, mus\u00e9ologues et chercheurs en sciences de l\u2019information et de la communication.La communication permettra de restituer les principaux &#8230;<\/div>\n<div class=\"pt-cv-rmwrap\"><a href=\"https:\/\/bibliotheque-sfpe-at.com\/index.php\/2025\/01\/22\/presentation-du-projet-idex-plurriart\/\" class=\"_self pt-cv-readmore btn btn-success\" target=\"_self\" >Lire La Suite\u2026<\/a><\/div><\/div>\n<div class=\" pt-cv-content-item pt-cv-1-col\" ><div class=\"pt-cv-taxoterm above_title\"><a href='https:\/\/bibliotheque-sfpe-at.com\/index.php\/category\/auteurs\/le-querrec-perrine\/' title='Le Querrec Perrine' class='pt-cv-tax-le-querrec-perrine'>Le Querrec Perrine<\/a><\/div>\n<h4 class=\"pt-cv-title\"><a href=\"https:\/\/bibliotheque-sfpe-at.com\/index.php\/2025\/01\/22\/la-construction-penser-un-lieu-dhospitalite\/\" class=\"_self\" target=\"_self\" >La construction. Penser un lieu d\u2019hospitalit\u00e9<\/a><\/h4>\n<div class=\"pt-cv-content\">La Construction est le journal d\u2019un architecte auquel on vient de confier la r\u00e9alisation d\u2019un asile psychiatrique. Ce livre est publi\u00e9 sous forme d\u2019un plan de 4m20 sur 1 pli\u00e9 dans une bo\u00eete. C\u2019est le lecteur, en pliant et d\u00e9pliant le plan, qui construit le &#8230;<\/div>\n<div class=\"pt-cv-rmwrap\"><a href=\"https:\/\/bibliotheque-sfpe-at.com\/index.php\/2025\/01\/22\/la-construction-penser-un-lieu-dhospitalite\/\" class=\"_self pt-cv-readmore btn btn-success\" target=\"_self\" >Lire La Suite\u2026<\/a><\/div><\/div>\n<div class=\" pt-cv-content-item pt-cv-1-col\" ><div class=\"pt-cv-taxoterm above_title\"><a href='https:\/\/bibliotheque-sfpe-at.com\/index.php\/category\/auteurs\/royol-jean-pierre\/' title='Royol Jean-Pierre' class='pt-cv-tax-royol-jean-pierre'>Royol Jean-Pierre<\/a><\/div>\n<h4 class=\"pt-cv-title\"><a href=\"https:\/\/bibliotheque-sfpe-at.com\/index.php\/2025\/01\/22\/pour-une-renaissance-des-anonymes\/\" class=\"_self\" target=\"_self\" >Pour une renaissance des anonymes<\/a><\/h4>\n<div class=\"pt-cv-content\">Durant la pr\u00e9-Renaissance, nombre d\u2019artistes s\u2019effac\u00e8rent devant l\u2019Auteur divin au point de refouler leur patronyme et de voir leurs \u0153uvres surnomm\u00e9es par des historiens d\u2019art \u00e0 partir du sujet trait\u00e9. La d\u00e9finition du sp\u00e9cialiste vint, en baptisant l\u2019\u0153uvre, faire suppl\u00e9ance au nom propre du cr\u00e9ateur, &#8230;<\/div>\n<div class=\"pt-cv-rmwrap\"><a href=\"https:\/\/bibliotheque-sfpe-at.com\/index.php\/2025\/01\/22\/pour-une-renaissance-des-anonymes\/\" class=\"_self pt-cv-readmore btn btn-success\" target=\"_self\" >Lire La Suite\u2026<\/a><\/div><\/div>\n<div class=\" pt-cv-content-item pt-cv-1-col\" ><div class=\"pt-cv-taxoterm above_title\"><a href='https:\/\/bibliotheque-sfpe-at.com\/index.php\/category\/auteurs\/mourtada-youssef\/' title='Mourtada Youssef' class='pt-cv-tax-mourtada-youssef'>Mourtada Youssef<\/a><\/div>\n<h4 class=\"pt-cv-title\"><a href=\"https:\/\/bibliotheque-sfpe-at.com\/index.php\/2025\/01\/22\/un-objet-pour-etre\/\" class=\"_self\" target=\"_self\" >Un objet pour \u00eatre<\/a><\/h4>\n<div class=\"pt-cv-content\">Il ne suffit pas de na\u00eetre pour \u00eatre. Cette question de l\u2019\u00eatre constitue le jeu de l\u2019enfant, du nourrisson \u00e0 l\u2019adolescent. Souvent pour l\u2019humain, grandir revient \u00e0 l\u2019oubli de son enfance, et il se retrouve souvent malgr\u00e9 sa bonne volont\u00e9 dans un para\u00eetre, \u00e0 faire &#8230;<\/div>\n<div class=\"pt-cv-rmwrap\"><a href=\"https:\/\/bibliotheque-sfpe-at.com\/index.php\/2025\/01\/22\/un-objet-pour-etre\/\" class=\"_self pt-cv-readmore btn btn-success\" target=\"_self\" >Lire La Suite\u2026<\/a><\/div><\/div>\n<div class=\" pt-cv-content-item pt-cv-1-col\" ><div class=\"pt-cv-taxoterm above_title\"><a href='https:\/\/bibliotheque-sfpe-at.com\/index.php\/category\/auteurs\/pequignot-bruno\/' title='P\u00e9quignot Bruno' class='pt-cv-tax-pequignot-bruno'>P\u00e9quignot Bruno<\/a><\/div>\n<h4 class=\"pt-cv-title\"><a href=\"https:\/\/bibliotheque-sfpe-at.com\/index.php\/2025\/01\/22\/memoire-traces-et-patrimoine\/\" class=\"_self\" target=\"_self\" >M\u00e9moire, traces et patrimoine<\/a><\/h4>\n<div class=\"pt-cv-content\">Il ne suffit pas de na\u00eetre pour \u00eatre. Cette question de l\u2019\u00eatre constitue le jeu de l\u2019enfant, du nourrisson \u00e0 l\u2019adolescent. Souvent pour l\u2019humain, grandir revient \u00e0 l\u2019oubli de son enfance, et il se retrouve souvent malgr\u00e9 sa bonne volont\u00e9 dans un para\u00eetre, \u00e0 faire &#8230;<\/div>\n<div class=\"pt-cv-rmwrap\"><a href=\"https:\/\/bibliotheque-sfpe-at.com\/index.php\/2025\/01\/22\/memoire-traces-et-patrimoine\/\" class=\"_self pt-cv-readmore btn btn-success\" target=\"_self\" >Lire La Suite\u2026<\/a><\/div><\/div>\n<div class=\" pt-cv-content-item pt-cv-1-col\" ><div class=\"pt-cv-taxoterm above_title\"><a href='https:\/\/bibliotheque-sfpe-at.com\/index.php\/category\/auteurs\/deyres-martine\/' title='Deyres Martine' class='pt-cv-tax-deyres-martine'>Deyres Martine<\/a><\/div>\n<h4 class=\"pt-cv-title\"><a href=\"https:\/\/bibliotheque-sfpe-at.com\/index.php\/2025\/01\/22\/presentation-de-deux-films\/\" class=\"_self\" target=\"_self\" >Pr\u00e9sentation de deux films<\/a><\/h4>\n<div class=\"pt-cv-content\">Le sous-bois des insens\u00e9sDepuis son bureau de la clinique de La Borde, Jean Oury raconte une vie pass\u00e9e \u00e0 accueillir la folie. T\u00e9moignage pr\u00e9cieux d\u2019un des acteurs majeurs de la psychiatrie du xxe si\u00e8cle, ce film nous invite \u00e0 partager la qualit\u00e9 d\u2019une rencontre dont &#8230;<\/div>\n<div class=\"pt-cv-rmwrap\"><a href=\"https:\/\/bibliotheque-sfpe-at.com\/index.php\/2025\/01\/22\/presentation-de-deux-films\/\" class=\"_self pt-cv-readmore btn btn-success\" target=\"_self\" >Lire La Suite\u2026<\/a><\/div><\/div><\/div><\/div> <\/div> <style>\n\n#pt-cv-view-3i0h7lt2 .pt-cv-meta-fields {  }#pt-cv-view-3i0h7lt2 .pt-cv-meta-fields * { font-size: 13px; }#pt-cv-view-3i0h7lt2 .pt-cv-thumb-wrapper:not(.miniwrap) {  }#pt-cv-view-3i0h7lt2 .pt-cv-thumbnail:not(.pt-cv-thumbnailsm) { height: 250px; }#pt-cv-view-3i0h7lt2 .pt-cv-title a { display: block;color: #a83838; }#pt-cv-view-3i0h7lt2 .pt-cv-title:not(.pt-cv-titlesm) a { font-weight: 600;text-decoration: none;font-size: 20px; }#pt-cv-view-3i0h7lt2 .pt-cv-titlesm a { font-weight: 600;font-size: 18px; }#pt-cv-view-3i0h7lt2 .pt-cv-content { font-size: 12px; }#pt-cv-view-3i0h7lt2 .pt-cv-rmwrap {  }#pt-cv-view-3i0h7lt2 .pt-cv-readmore { color: #951a1a;background-color: #ffffff00;font-style: italic;font-size: 12px; }#pt-cv-view-3i0h7lt2 .pt-cv-taxoterm {  }#pt-cv-view-3i0h7lt2 .pt-cv-taxoterm * { color: #9badb7;background-color: #f5f0f057;border-style: solid;font-size: 14px;border-width: 1.5px 1.5px 1.5px 1.5px;border-radius: 8px 8px 8px 8px; }#pt-cv-view-3i0h7lt2 + .pt-cv-pagination-wrapper {  }#pt-cv-view-3i0h7lt2 + .pt-cv-pagination-wrapper a { font-size: 14px; }#pt-cv-view-3i0h7lt2 > .pt-cv-page {grid-template-columns: repeat(4, 1fr);grid-gap: 13px;}\n@media all and (max-width: 1024px) { \n#pt-cv-view-3i0h7lt2 > .pt-cv-page {}\n} \n@media all and (max-width: 767px) { \n#pt-cv-view-3i0h7lt2 > .pt-cv-page {grid-template-columns: repeat(1, 1fr);}\n} <\/style>\n\n\n<p><\/p>\n","protected":false},"excerpt":{"rendered":"<p>Depuis plus de deux si\u00e8cles, des objets sont cr\u00e9\u00e9s en institutions psychiatriques et autres lieux de soin. Ils sont de toutes sortes, dessins, peintures, modelages et sculptures, \u00e9crits, tapisseries\u2026etc., et de tous formats.D\u2019abord n\u00e9glig\u00e9s, rel\u00e9gu\u00e9s dans des lieux d\u2019exclusion et dans l\u2019exil de la raison, certains doivent \u00e0 quelques passeurs&hellip;<\/p>\n","protected":false},"author":2,"featured_media":3565,"comment_status":"closed","ping_status":"open","sticky":false,"template":"","format":"standard","meta":{"pmpro_default_level":"","ngg_post_thumbnail":0,"footnotes":""},"categories":[3],"tags":[27],"class_list":["post-3564","post","type-post","status-publish","format-standard","has-post-thumbnail","hentry","category-journees-de-printemps","tag-apres-2010","pmpro-has-access"],"_links":{"self":[{"href":"https:\/\/bibliotheque-sfpe-at.com\/index.php\/wp-json\/wp\/v2\/posts\/3564","targetHints":{"allow":["GET"]}}],"collection":[{"href":"https:\/\/bibliotheque-sfpe-at.com\/index.php\/wp-json\/wp\/v2\/posts"}],"about":[{"href":"https:\/\/bibliotheque-sfpe-at.com\/index.php\/wp-json\/wp\/v2\/types\/post"}],"author":[{"embeddable":true,"href":"https:\/\/bibliotheque-sfpe-at.com\/index.php\/wp-json\/wp\/v2\/users\/2"}],"replies":[{"embeddable":true,"href":"https:\/\/bibliotheque-sfpe-at.com\/index.php\/wp-json\/wp\/v2\/comments?post=3564"}],"version-history":[{"count":2,"href":"https:\/\/bibliotheque-sfpe-at.com\/index.php\/wp-json\/wp\/v2\/posts\/3564\/revisions"}],"predecessor-version":[{"id":3573,"href":"https:\/\/bibliotheque-sfpe-at.com\/index.php\/wp-json\/wp\/v2\/posts\/3564\/revisions\/3573"}],"wp:featuredmedia":[{"embeddable":true,"href":"https:\/\/bibliotheque-sfpe-at.com\/index.php\/wp-json\/wp\/v2\/media\/3565"}],"wp:attachment":[{"href":"https:\/\/bibliotheque-sfpe-at.com\/index.php\/wp-json\/wp\/v2\/media?parent=3564"}],"wp:term":[{"taxonomy":"category","embeddable":true,"href":"https:\/\/bibliotheque-sfpe-at.com\/index.php\/wp-json\/wp\/v2\/categories?post=3564"},{"taxonomy":"post_tag","embeddable":true,"href":"https:\/\/bibliotheque-sfpe-at.com\/index.php\/wp-json\/wp\/v2\/tags?post=3564"}],"curies":[{"name":"wp","href":"https:\/\/api.w.org\/{rel}","templated":true}]}}