{"id":3567,"date":"2025-01-22T12:37:27","date_gmt":"2025-01-22T11:37:27","guid":{"rendered":"https:\/\/sfpe-at.com\/?p=3567"},"modified":"2025-03-24T19:15:28","modified_gmt":"2025-03-24T18:15:28","slug":"qualification-de-lacte-createur-lobjet-en-instance","status":"publish","type":"post","link":"https:\/\/bibliotheque-sfpe-at.com\/index.php\/2025\/01\/22\/qualification-de-lacte-createur-lobjet-en-instance\/","title":{"rendered":"Qualification de l\u2019acte cr\u00e9ateur, l\u2019objet en instance"},"content":{"rendered":"\n<p><\/p>\n\n\n\n<div class=\"wp-block-columns is-layout-flex wp-container-core-columns-is-layout-28f84493 wp-block-columns-is-layout-flex\">\n<div class=\"wp-block-column is-layout-flow wp-block-column-is-layout-flow\" style=\"flex-basis:66.66%\">\n<p>Le th\u00e8me de ces journ\u00e9es s\u2019est concentr\u00e9 sur la cr\u00e9ation en milieu psychiatrique. L\u2019expression artistique prend des formes diverses, ce que signale l\u2019argument du colloque : dessins, peintures, modelages et sculptures, \u00e9crits, tapisseries, etc., ces productions sont de tous for-<br>mats. Elles doivent \u00e0 ce travail de passeurs de se montrer hors les murs de l\u2019institution, d\u2019y exister dans l\u2019espace public, le cas \u00e9ch\u00e9ant sur la sc\u00e8ne artistique. Qu\u2019en est-il de la fa\u00e7on dont le droit les saisit, avec quels outils et m\u00e9thodes travaille-t-il ? D\u00e9sign\u00e9es comme objets en instance \u2014 terme choisi pour signifier l\u2019absence d\u2019un statut propre \u2014 ces oeuvres \u00e0 forte dimension personnelle sont des archives de l\u2019intime. Les oeuvres en milieu contraint ne sont pas une cat\u00e9gorie administrative ou juridique sp\u00e9ciale, du moins reli\u00e9e aux conditions particuli\u00e8res de leur cr\u00e9ation. Pour autant, de part et d\u2019autre de cette ligne de d\u00e9marcation, dans et hors l\u2019institution, elles ne sont pas des espaces de non-droit, au sens o\u00f9 Jean Carbonnier, fameux juriste, l\u2019entendait des espaces non r\u00e9gis par le droit, le cas \u00e9ch\u00e9ant d\u00e9termin\u00e9s par d\u2019autres formes de normativit\u00e9, la norme sociale, la norme professionnelle. Ce qui est s\u00fbr, c\u2019est que cette sorte d\u2019\u0153uvre est tout autre chose que ce que le droit en fait. Dans son intention premi\u00e8re, elle est au c\u0153ur de la relation entre le patient et le m\u00e9decin. <\/p>\n\n\n\n<p class=\"has-text-color has-link-color wp-elements-0c5dd61414d2cb4c88e3596780dedeb0\" style=\"color:#2753a5\"><strong><em>Pour lire le texte complet <a href=\"\/index.php\/options-dinscription\/\"><mark style=\"background-color:rgba(0, 0, 0, 0)\" class=\"has-inline-color has-vivid-cyan-blue-color\">s&rsquo;inscrire<\/mark><\/a> ou <a href=\"\/index.php\/my-account\/edit-account\/\"><mark style=\"background-color:rgba(0, 0, 0, 0)\" class=\"has-inline-color has-vivid-cyan-blue-color\">se connecter<\/mark><\/a><\/em><\/strong><\/p>\n\n\n\n\n\n<div style=\"height:100px\" aria-hidden=\"true\" class=\"wp-block-spacer\"><\/div>\n\n\n\n<div class=\"wp-block-buttons is-content-justification-center is-layout-flex wp-container-core-buttons-is-layout-a89b3969 wp-block-buttons-is-layout-flex\">\n<div class=\"wp-block-button has-custom-font-size has-small-font-size\"><a class=\"wp-block-button__link has-vivid-red-background-color has-background wp-element-button\" href=\"\/index.php\/2025\/01\/22\/crees-en-milieu-psychiatrique-des-objets-en-instance\/\">&lt;&#8211; retour<\/a><\/div>\n<\/div>\n<\/div>\n\n\n\n<div class=\"wp-block-column is-layout-flow wp-block-column-is-layout-flow\" style=\"flex-basis:33.33%\">\n<figure class=\"wp-block-table\"><table class=\"has-background\" style=\"background-color:#f8f2f2\"><thead><tr><th><mark class=\"has-inline-color has-vivid-red-color\" style=\"background-color: rgba(0, 0, 0, 0);\"><strong>Auteur<\/strong><\/mark><\/th><\/tr><\/thead><tbody><tr><td><strong>Marie Cornu<\/strong><\/td><\/tr><\/tbody><\/table><\/figure>\n\n\n\n<figure class=\"wp-block-table\"><table><thead><tr><th><mark class=\"has-inline-color has-vivid-red-color\" style=\"background-color: rgba(0, 0, 0, 0);\"><strong>R\u00e9f\u00e9rence<\/strong><\/mark><\/th><\/tr><\/thead><tbody><tr><td><strong>RA013-01<\/strong><br><strong>Cr\u00e9\u00e9s en milieu psychiatrique : des objets en instance ?<\/strong><br>Journ\u00e9es de Printemps 2019<\/td><\/tr><\/tbody><\/table><\/figure>\n\n\n\n<figure class=\"wp-block-table\"><table><thead><tr><th><mark class=\"has-inline-color has-vivid-red-color\" style=\"background-color: rgba(0, 0, 0, 0);\"><strong>Cat\u00e9gories<\/strong><\/mark><\/th><\/tr><\/thead><tbody><tr><td>Droit<br>\u00c9thique<br>Art-th\u00e9rapie<\/td><\/tr><\/tbody><\/table><\/figure>\n<\/div>\n<\/div>\n","protected":false},"excerpt":{"rendered":"<p>Le th\u00e8me de ces journ\u00e9es s\u2019est concentr\u00e9 sur la cr\u00e9ation en milieu psychiatrique. L\u2019expression artistique prend des formes diverses, ce que signale l\u2019argument du colloque : dessins, peintures, modelages et sculptures, \u00e9crits, tapisseries, etc., ces productions sont de tous for-mats. Elles doivent \u00e0 ce travail de passeurs de se montrer&hellip;<\/p>\n","protected":false},"author":2,"featured_media":0,"comment_status":"closed","ping_status":"open","sticky":false,"template":"","format":"standard","meta":{"pmpro_default_level":"","ngg_post_thumbnail":0,"footnotes":""},"categories":[777],"tags":[492,778,591,502,795],"class_list":["post-3567","post","type-post","status-publish","format-standard","hentry","category-cornu-marie","tag-art-therapie","tag-crees-en-milieu-psychiatrique-des-objets-en-instance","tag-droit","tag-ethique","tag-ra013-01","pmpro-has-access"],"_links":{"self":[{"href":"https:\/\/bibliotheque-sfpe-at.com\/index.php\/wp-json\/wp\/v2\/posts\/3567","targetHints":{"allow":["GET"]}}],"collection":[{"href":"https:\/\/bibliotheque-sfpe-at.com\/index.php\/wp-json\/wp\/v2\/posts"}],"about":[{"href":"https:\/\/bibliotheque-sfpe-at.com\/index.php\/wp-json\/wp\/v2\/types\/post"}],"author":[{"embeddable":true,"href":"https:\/\/bibliotheque-sfpe-at.com\/index.php\/wp-json\/wp\/v2\/users\/2"}],"replies":[{"embeddable":true,"href":"https:\/\/bibliotheque-sfpe-at.com\/index.php\/wp-json\/wp\/v2\/comments?post=3567"}],"version-history":[{"count":3,"href":"https:\/\/bibliotheque-sfpe-at.com\/index.php\/wp-json\/wp\/v2\/posts\/3567\/revisions"}],"predecessor-version":[{"id":4671,"href":"https:\/\/bibliotheque-sfpe-at.com\/index.php\/wp-json\/wp\/v2\/posts\/3567\/revisions\/4671"}],"wp:attachment":[{"href":"https:\/\/bibliotheque-sfpe-at.com\/index.php\/wp-json\/wp\/v2\/media?parent=3567"}],"wp:term":[{"taxonomy":"category","embeddable":true,"href":"https:\/\/bibliotheque-sfpe-at.com\/index.php\/wp-json\/wp\/v2\/categories?post=3567"},{"taxonomy":"post_tag","embeddable":true,"href":"https:\/\/bibliotheque-sfpe-at.com\/index.php\/wp-json\/wp\/v2\/tags?post=3567"}],"curies":[{"name":"wp","href":"https:\/\/api.w.org\/{rel}","templated":true}]}}