{"id":3576,"date":"2025-01-22T12:50:48","date_gmt":"2025-01-22T11:50:48","guid":{"rendered":"https:\/\/sfpe-at.com\/?p=3576"},"modified":"2025-03-24T19:16:20","modified_gmt":"2025-03-24T18:16:20","slug":"createurs-valeur-et-droits","status":"publish","type":"post","link":"https:\/\/bibliotheque-sfpe-at.com\/index.php\/2025\/01\/22\/createurs-valeur-et-droits\/","title":{"rendered":"Cr\u00e9ateurs, valeur et droits"},"content":{"rendered":"\n<p><\/p>\n\n\n\n<div class=\"wp-block-columns is-layout-flex wp-container-core-columns-is-layout-28f84493 wp-block-columns-is-layout-flex\">\n<div class=\"wp-block-column is-layout-flow wp-block-column-is-layout-flow\" style=\"flex-basis:66.66%\">\n<p>Le principe de la protection du droit d\u2019auteur est pos\u00e9 par l\u2019article L111.1 du Code de propri\u00e9t\u00e9 intellectuelle : \u00ab L\u2019auteur d\u2019une \u0153uvre de l\u2019esprit jouit sur cette \u0153uvre, du seul fait de sa cr\u00e9ation, d\u2019un droit de propri\u00e9t\u00e9 incorporel exclusif et opposable \u00e0 tous \u00bb. Aucun autre crit\u00e8re n\u2019est exig\u00e9, en termes de capacit\u00e9, d\u2019intentionnalit\u00e9 ou de contexte. La cr\u00e9ation d\u2019une \u0153uvre par une personne, qu\u2019elle soit prot\u00e9g\u00e9e ou non par une mesure de tutelle ou curatelle, qu\u2019elle soit malade psychique ou non, lui ouvre de fa\u00e7on exclusive la titularit\u00e9 du droit d\u2019auteur, y compris dans l\u2019hypoth\u00e8se o\u00f9 elle produit cette \u0153uvre dans le cadre d\u2019une activit\u00e9 socio-\u00e9ducative propos\u00e9e par l\u2019\u00e9tablissement ou le service dans lequel elle est accompagn\u00e9e, que ce soit du point de vue de la qualit\u00e9 d\u2019auteur, de la notion d\u2019\u0153uvre prot\u00e9g\u00e9e ou des droits conf\u00e9r\u00e9s \u00e0 l&rsquo;auteur, les personnes en situation de handicap mental jouissent de tous leurs droits d\u2019auteur. Leurs droits moraux sont inali\u00e9nables, leur consentement et celui de leur repr\u00e9sentant l\u00e9gal doivent \u00eatre obtenus pour la reproduction et la repr\u00e9sentation de leurs \u0153uvres. Aucune exposition ne peut donc \u00eatre organis\u00e9e o\u00f9 qu\u2019elle soit et par qui que ce soit sans leur consentement expr\u00e8s et sans celui de leur repr\u00e9sentant l\u00e9gal. Quant \u00e0 la vente, l\u2019int\u00e9r\u00eat port\u00e9 sur ces \u0153uvres par les professionnels ne doit pas en faire oublier les auteurs en tant que d\u00e9tenteurs \u00e0 part enti\u00e8re de leurs droits patrimoniaux. Le produit de la vente revient aux auteurs en fonction des contrats de vente qu\u2019ils sont cens\u00e9s n\u00e9gocier eux-m\u00eames ou leurs repr\u00e9sentants avec leurs interm\u00e9diaires.<br>L\u2019interf\u00e9rence des animateurs, artistes accompagnants, \u00e9ducateurs, psychologues sur la production n\u2019en fait en aucun cas des coauteurs. Leur pr\u00e9sence, leurs conseils dans certains cas et encadrement th\u00e9rapeutique dans d\u2019autres ne peuvent remettre en cause la qualit\u00e9 de l\u2019auteur lui-m\u00eame.<\/p>\n\n\n\n<p class=\"has-text-color has-link-color wp-elements-0c5dd61414d2cb4c88e3596780dedeb0\" style=\"color:#2753a5\"><strong><em>Pour lire le texte complet <a href=\"\/index.php\/options-dinscription\/\"><mark style=\"background-color:rgba(0, 0, 0, 0)\" class=\"has-inline-color has-vivid-cyan-blue-color\">s&rsquo;inscrire<\/mark><\/a> ou <a href=\"\/index.php\/my-account\/edit-account\/\"><mark style=\"background-color:rgba(0, 0, 0, 0)\" class=\"has-inline-color has-vivid-cyan-blue-color\">se connecter<\/mark><\/a><\/em><\/strong><\/p>\n\n\n\n\n\n<div style=\"height:100px\" aria-hidden=\"true\" class=\"wp-block-spacer\"><\/div>\n\n\n\n<div class=\"wp-block-buttons is-content-justification-center is-layout-flex wp-container-core-buttons-is-layout-a89b3969 wp-block-buttons-is-layout-flex\">\n<div class=\"wp-block-button has-custom-font-size has-small-font-size\"><a class=\"wp-block-button__link has-vivid-red-background-color has-background wp-element-button\" href=\"\/index.php\/2025\/01\/22\/crees-en-milieu-psychiatrique-des-objets-en-instance\/\">&lt;&#8211; retour<\/a><\/div>\n<\/div>\n<\/div>\n\n\n\n<div class=\"wp-block-column is-layout-flow wp-block-column-is-layout-flow\" style=\"flex-basis:33.33%\">\n<figure class=\"wp-block-table\"><table class=\"has-background\" style=\"background-color:#f8f2f2\"><thead><tr><th><mark class=\"has-inline-color has-vivid-red-color\" style=\"background-color: rgba(0, 0, 0, 0);\"><strong>Auteur<\/strong><\/mark><\/th><\/tr><\/thead><tbody><tr><td><strong>Bernadette Grosyeux<\/strong><\/td><\/tr><\/tbody><\/table><\/figure>\n\n\n\n<figure class=\"wp-block-table\"><table><thead><tr><th><mark class=\"has-inline-color has-vivid-red-color\" style=\"background-color: rgba(0, 0, 0, 0);\"><strong>R\u00e9f\u00e9rence<\/strong><\/mark><\/th><\/tr><\/thead><tbody><tr><td><strong>RA013-03<\/strong><br><strong>Cr\u00e9\u00e9s en milieu psychiatrique : des objets en instance ?<\/strong><br>Journ\u00e9es de Printemps 2019<\/td><\/tr><\/tbody><\/table><\/figure>\n\n\n\n<figure class=\"wp-block-table\"><table><thead><tr><th><mark class=\"has-inline-color has-vivid-red-color\" style=\"background-color: rgba(0, 0, 0, 0);\"><strong>Cat\u00e9gories<\/strong><\/mark><\/th><\/tr><\/thead><tbody><tr><td>Mus\u00e9e, exposition, spectacle<br>\u00c9thique<\/td><\/tr><\/tbody><\/table><\/figure>\n<\/div>\n<\/div>\n","protected":false},"excerpt":{"rendered":"<p>Le principe de la protection du droit d\u2019auteur est pos\u00e9 par l\u2019article L111.1 du Code de propri\u00e9t\u00e9 intellectuelle : \u00ab L\u2019auteur d\u2019une \u0153uvre de l\u2019esprit jouit sur cette \u0153uvre, du seul fait de sa cr\u00e9ation, d\u2019un droit de propri\u00e9t\u00e9 incorporel exclusif et opposable \u00e0 tous \u00bb. Aucun autre crit\u00e8re n\u2019est&hellip;<\/p>\n","protected":false},"author":2,"featured_media":0,"comment_status":"closed","ping_status":"open","sticky":false,"template":"","format":"standard","meta":{"pmpro_default_level":"","ngg_post_thumbnail":0,"footnotes":""},"categories":[779],"tags":[778,502,571,797],"class_list":["post-3576","post","type-post","status-publish","format-standard","hentry","category-grosyeux-bernadette","tag-crees-en-milieu-psychiatrique-des-objets-en-instance","tag-ethique","tag-musees-expositions-spectacles","tag-ra013-03","pmpro-has-access"],"_links":{"self":[{"href":"https:\/\/bibliotheque-sfpe-at.com\/index.php\/wp-json\/wp\/v2\/posts\/3576","targetHints":{"allow":["GET"]}}],"collection":[{"href":"https:\/\/bibliotheque-sfpe-at.com\/index.php\/wp-json\/wp\/v2\/posts"}],"about":[{"href":"https:\/\/bibliotheque-sfpe-at.com\/index.php\/wp-json\/wp\/v2\/types\/post"}],"author":[{"embeddable":true,"href":"https:\/\/bibliotheque-sfpe-at.com\/index.php\/wp-json\/wp\/v2\/users\/2"}],"replies":[{"embeddable":true,"href":"https:\/\/bibliotheque-sfpe-at.com\/index.php\/wp-json\/wp\/v2\/comments?post=3576"}],"version-history":[{"count":2,"href":"https:\/\/bibliotheque-sfpe-at.com\/index.php\/wp-json\/wp\/v2\/posts\/3576\/revisions"}],"predecessor-version":[{"id":4673,"href":"https:\/\/bibliotheque-sfpe-at.com\/index.php\/wp-json\/wp\/v2\/posts\/3576\/revisions\/4673"}],"wp:attachment":[{"href":"https:\/\/bibliotheque-sfpe-at.com\/index.php\/wp-json\/wp\/v2\/media?parent=3576"}],"wp:term":[{"taxonomy":"category","embeddable":true,"href":"https:\/\/bibliotheque-sfpe-at.com\/index.php\/wp-json\/wp\/v2\/categories?post=3576"},{"taxonomy":"post_tag","embeddable":true,"href":"https:\/\/bibliotheque-sfpe-at.com\/index.php\/wp-json\/wp\/v2\/tags?post=3576"}],"curies":[{"name":"wp","href":"https:\/\/api.w.org\/{rel}","templated":true}]}}