{"id":3599,"date":"2025-01-22T13:00:19","date_gmt":"2025-01-22T12:00:19","guid":{"rendered":"https:\/\/sfpe-at.com\/?p=3599"},"modified":"2025-03-24T19:17:47","modified_gmt":"2025-03-24T18:17:47","slug":"la-robe-de-la-reine-de-lhopital-de-maison-blanche-a-celui-de-viille-evrard","status":"publish","type":"post","link":"https:\/\/bibliotheque-sfpe-at.com\/index.php\/2025\/01\/22\/la-robe-de-la-reine-de-lhopital-de-maison-blanche-a-celui-de-viille-evrard\/","title":{"rendered":"La robe de la reine, de l\u2019h\u00f4pital de Maison-Blanche \u00e0 celui de Viille-\u00c9vrard"},"content":{"rendered":"\n<p><strong>Biographie d\u2019un objet d\u00e9nomm\u00e9 La robe de la reine<\/strong><\/p>\n\n\n\n<div class=\"wp-block-columns is-layout-flex wp-container-core-columns-is-layout-28f84493 wp-block-columns-is-layout-flex\">\n<div class=\"wp-block-column is-layout-flow wp-block-column-is-layout-flow\" style=\"flex-basis:66.66%\">\n<p>Notre travail consiste \u00e0 prendre en charge, \u00e0 la crois\u00e9e de la psychiatrie et de l&rsquo;histoire de l&rsquo;art un objet singulier confectionn\u00e9 \u00e0 l\u2019h\u00f4pital de Maison-Blanche, aujourd\u2019hui conserv\u00e9 dans celui de Ville-Evrard gr\u00e2ce \u00e0 la SERHEP &#8211; Soci\u00e9t\u00e9 d&rsquo;\u00e9tudes et de recherches historiques en psychiatrie : \u00ab La Robe de la Reine \u00bb. L\u2019histoire de cette robe, son contexte d\u2019\u00e9mergence, les archives attenantes, engagent \u00e0 penser les questions pos\u00e9es par ce colloque, et plus g\u00e9n\u00e9ralement, \u00e0 mieux r\u00e9fl\u00e9chir \u00e0 toute d\u00e9marche heuristique et intellectuelle abordant des objets dont la gen\u00e8se est en prise avec la maladie psychiatrique.<br>La SERHEP a \u00e9t\u00e9 fond\u00e9e en 1986 par des infirmiers psychiatriques regroup\u00e9s autour d&rsquo;Andr\u00e9 Roumieux, au sein de l&rsquo;h\u00f4pital de Ville-Evrard. Sa mission premi\u00e8re fut de sauvegarder des traces du pass\u00e9 asilaire puis de les ouvrir au public. Au fil des ans elle est devenue un lieu de transmission pour les g\u00e9n\u00e9rations de soignants \u00e0 venir.<br>C&rsquo;est ainsi que la \u00ab\u00a0Robe de la Reine\u00a0\u00bb, confectionn\u00e9e par une patiente de l&rsquo;h\u00f4pital de Maison-Blanche, intern\u00e9e de 1937 \u00e0 son d\u00e9c\u00e8s en 1989, fut confi\u00e9e, par l&rsquo;interm\u00e9diaire de plusieurs infirmi\u00e8res, au mus\u00e9e de la SERHEP. Si cette parure a \u00e9t\u00e9 t\u00f4t pr\u00e9sent\u00e9e au regard du public, le nom de son auteure n&rsquo;a, jusqu&rsquo;\u00e0 ce jour, pas \u00e9t\u00e9 r\u00e9v\u00e9l\u00e9.<\/p>\n\n\n\n<p class=\"has-text-color has-link-color wp-elements-0c5dd61414d2cb4c88e3596780dedeb0\" style=\"color:#2753a5\"><strong><em>Pour lire le texte complet <a href=\"\/index.php\/options-dinscription\/\"><mark style=\"background-color:rgba(0, 0, 0, 0)\" class=\"has-inline-color has-vivid-cyan-blue-color\">s&rsquo;inscrire<\/mark><\/a> ou <a href=\"\/index.php\/my-account\/edit-account\/\"><mark style=\"background-color:rgba(0, 0, 0, 0)\" class=\"has-inline-color has-vivid-cyan-blue-color\">se connecter<\/mark><\/a><\/em><\/strong><\/p>\n\n\n\n\n\n<div style=\"height:100px\" aria-hidden=\"true\" class=\"wp-block-spacer\"><\/div>\n\n\n\n<div class=\"wp-block-buttons is-content-justification-center is-layout-flex wp-container-core-buttons-is-layout-a89b3969 wp-block-buttons-is-layout-flex\">\n<div class=\"wp-block-button has-custom-font-size has-small-font-size\"><a class=\"wp-block-button__link has-vivid-red-background-color has-background wp-element-button\" href=\"\/index.php\/2025\/01\/22\/crees-en-milieu-psychiatrique-des-objets-en-instance\/\">&lt;&#8211; retour<\/a><\/div>\n<\/div>\n<\/div>\n\n\n\n<div class=\"wp-block-column is-layout-flow wp-block-column-is-layout-flow\" style=\"flex-basis:33.33%\">\n<figure class=\"wp-block-table\"><table class=\"has-background\" style=\"background-color:#f8f2f2\"><thead><tr><th><mark class=\"has-inline-color has-vivid-red-color\" style=\"background-color: rgba(0, 0, 0, 0);\"><strong>Auteur<\/strong><\/mark><\/th><\/tr><\/thead><tbody><tr><td><strong>Baptiste Brun<\/strong><\/td><\/tr><\/tbody><\/table><\/figure>\n\n\n\n<figure class=\"wp-block-table\"><table><thead><tr><th><mark class=\"has-inline-color has-vivid-red-color\" style=\"background-color: rgba(0, 0, 0, 0);\"><strong>R\u00e9f\u00e9rence<\/strong><\/mark><\/th><\/tr><\/thead><tbody><tr><td><strong>RA013-05<\/strong><br><strong>Cr\u00e9\u00e9s en milieu psychiatrique : des objets en instance ?<\/strong><br>Journ\u00e9es de Printemps 2019<\/td><\/tr><\/tbody><\/table><\/figure>\n\n\n\n<figure class=\"wp-block-table\"><table><thead><tr><th><mark class=\"has-inline-color has-vivid-red-color\" style=\"background-color: rgba(0, 0, 0, 0);\"><strong>Cat\u00e9gories<\/strong><\/mark><\/th><\/tr><\/thead><tbody><tr><td>Psychopathologie de l\u2019expression<br>Art textile<br>Cas clinique<br>Mus\u00e9e, exposition, spectacle<br>\u00c9thique<\/td><\/tr><\/tbody><\/table><\/figure>\n<\/div>\n<\/div>\n","protected":false},"excerpt":{"rendered":"<p>Biographie d\u2019un objet d\u00e9nomm\u00e9 La robe de la reine Notre travail consiste \u00e0 prendre en charge, \u00e0 la crois\u00e9e de la psychiatrie et de l&rsquo;histoire de l&rsquo;art un objet singulier confectionn\u00e9 \u00e0 l\u2019h\u00f4pital de Maison-Blanche, aujourd\u2019hui conserv\u00e9 dans celui de Ville-Evrard gr\u00e2ce \u00e0 la SERHEP &#8211; Soci\u00e9t\u00e9 d&rsquo;\u00e9tudes et de&hellip;<\/p>\n","protected":false},"author":2,"featured_media":0,"comment_status":"closed","ping_status":"open","sticky":false,"template":"","format":"standard","meta":{"pmpro_default_level":"","ngg_post_thumbnail":0,"footnotes":""},"categories":[782],"tags":[781,778,502,493,571,488,799],"class_list":["post-3599","post","type-post","status-publish","format-standard","hentry","category-brun-baptiste","tag-art-textile","tag-crees-en-milieu-psychiatrique-des-objets-en-instance","tag-ethique","tag-cas-clinique","tag-musees-expositions-spectacles","tag-psychopathologie-de-lexpression","tag-ra013-05","pmpro-has-access"],"_links":{"self":[{"href":"https:\/\/bibliotheque-sfpe-at.com\/index.php\/wp-json\/wp\/v2\/posts\/3599","targetHints":{"allow":["GET"]}}],"collection":[{"href":"https:\/\/bibliotheque-sfpe-at.com\/index.php\/wp-json\/wp\/v2\/posts"}],"about":[{"href":"https:\/\/bibliotheque-sfpe-at.com\/index.php\/wp-json\/wp\/v2\/types\/post"}],"author":[{"embeddable":true,"href":"https:\/\/bibliotheque-sfpe-at.com\/index.php\/wp-json\/wp\/v2\/users\/2"}],"replies":[{"embeddable":true,"href":"https:\/\/bibliotheque-sfpe-at.com\/index.php\/wp-json\/wp\/v2\/comments?post=3599"}],"version-history":[{"count":2,"href":"https:\/\/bibliotheque-sfpe-at.com\/index.php\/wp-json\/wp\/v2\/posts\/3599\/revisions"}],"predecessor-version":[{"id":4675,"href":"https:\/\/bibliotheque-sfpe-at.com\/index.php\/wp-json\/wp\/v2\/posts\/3599\/revisions\/4675"}],"wp:attachment":[{"href":"https:\/\/bibliotheque-sfpe-at.com\/index.php\/wp-json\/wp\/v2\/media?parent=3599"}],"wp:term":[{"taxonomy":"category","embeddable":true,"href":"https:\/\/bibliotheque-sfpe-at.com\/index.php\/wp-json\/wp\/v2\/categories?post=3599"},{"taxonomy":"post_tag","embeddable":true,"href":"https:\/\/bibliotheque-sfpe-at.com\/index.php\/wp-json\/wp\/v2\/tags?post=3599"}],"curies":[{"name":"wp","href":"https:\/\/api.w.org\/{rel}","templated":true}]}}