{"id":3601,"date":"2025-01-22T13:03:06","date_gmt":"2025-01-22T12:03:06","guid":{"rendered":"https:\/\/sfpe-at.com\/?p=3601"},"modified":"2025-03-24T19:18:29","modified_gmt":"2025-03-24T18:18:29","slug":"quels-objets","status":"publish","type":"post","link":"https:\/\/bibliotheque-sfpe-at.com\/index.php\/2025\/01\/22\/quels-objets\/","title":{"rendered":"Quels objets\u00a0?"},"content":{"rendered":"\n<p><\/p>\n\n\n\n<div class=\"wp-block-columns is-layout-flex wp-container-core-columns-is-layout-28f84493 wp-block-columns-is-layout-flex\">\n<div class=\"wp-block-column is-layout-flow wp-block-column-is-layout-flow\" style=\"flex-basis:66.66%\">\n<p>La notion d\u2019objet revient \u00e0 plusieurs reprises dans l\u2019argument, et on a bien du mal en effet \u00e0 l\u2019\u00e9viter pour d\u00e9signer ce \u00e0 quoi on a affaire : dessins, modelages ou robes\u2026<br>Mais la notion d\u2019objet est-elle ad\u00e9quate pour d\u00e9signer ce qui se passe dans la cr\u00e9ation? Je voudrais pointer les risques d\u2019une r\u00e9ification qui finirait par occulter l\u2019essentiel de l\u2019\u00e9v\u00e9nement qui n\u2019est, \u00e0 proprement parler, nulle part, dans aucune mat\u00e9rialit\u00e9. \u00c9galement r\u00e9fl\u00e9chir aux limites d\u2019une conception patrimoniale qui conduirait \u00e0 un f\u00e9tichisme de la production artistique.<br>L\u2019objet, pourtant, est ce qui reste. C&rsquo;est par le soin qu\u2019on lui apporte qu\u2019il s\u2019agr\u00e8ge au monde commun, celui par lequel une transmission est possible du c\u00f4t\u00e9 de la \u00ab natalit\u00e9 \u00bb, selon le terme d\u2019Hannah Arendt. Le souci des objets rel\u00e8ve moins, dans cette mesure, de crit\u00e8res esth\u00e9tiques que d\u2019une r\u00e9flexion plus g\u00e9n\u00e9rale sur la culture.<\/p>\n\n\n\n<p class=\"has-text-color has-link-color wp-elements-0c5dd61414d2cb4c88e3596780dedeb0\" style=\"color:#2753a5\"><strong><em>Pour lire le texte complet <a href=\"\/index.php\/options-dinscription\/\"><mark style=\"background-color:rgba(0, 0, 0, 0)\" class=\"has-inline-color has-vivid-cyan-blue-color\">s&rsquo;inscrire<\/mark><\/a> ou <a href=\"\/index.php\/my-account\/edit-account\/\"><mark style=\"background-color:rgba(0, 0, 0, 0)\" class=\"has-inline-color has-vivid-cyan-blue-color\">se connecter<\/mark><\/a><\/em><\/strong><\/p>\n\n\n\n\n\n<div style=\"height:100px\" aria-hidden=\"true\" class=\"wp-block-spacer\"><\/div>\n\n\n\n<div class=\"wp-block-buttons is-content-justification-center is-layout-flex wp-container-core-buttons-is-layout-a89b3969 wp-block-buttons-is-layout-flex\">\n<div class=\"wp-block-button has-custom-font-size has-small-font-size\"><a class=\"wp-block-button__link has-vivid-red-background-color has-background wp-element-button\" href=\"\/index.php\/2025\/01\/22\/crees-en-milieu-psychiatrique-des-objets-en-instance\/\">&lt;&#8211; retour<\/a><\/div>\n<\/div>\n<\/div>\n\n\n\n<div class=\"wp-block-column is-layout-flow wp-block-column-is-layout-flow\" style=\"flex-basis:33.33%\">\n<figure class=\"wp-block-table\"><table class=\"has-background\" style=\"background-color:#f8f2f2\"><thead><tr><th><mark class=\"has-inline-color has-vivid-red-color\" style=\"background-color: rgba(0, 0, 0, 0);\"><strong>Auteur<\/strong><\/mark><\/th><\/tr><\/thead><tbody><tr><td><strong>Anne Boissi\u00e8re<\/strong><\/td><\/tr><\/tbody><\/table><\/figure>\n\n\n\n<figure class=\"wp-block-table\"><table><thead><tr><th><mark class=\"has-inline-color has-vivid-red-color\" style=\"background-color: rgba(0, 0, 0, 0);\"><strong>R\u00e9f\u00e9rence<\/strong><\/mark><\/th><\/tr><\/thead><tbody><tr><td><strong>RA013-06<\/strong><br><strong>Cr\u00e9\u00e9s en milieu psychiatrique : des objets en instance ?<\/strong><br>Journ\u00e9es de Printemps 2019<\/td><\/tr><\/tbody><\/table><\/figure>\n\n\n\n<figure class=\"wp-block-table\"><table><thead><tr><th><mark class=\"has-inline-color has-vivid-red-color\" style=\"background-color: rgba(0, 0, 0, 0);\"><strong>Cat\u00e9gories<\/strong><\/mark><\/th><\/tr><\/thead><tbody><tr><td>Philosophie<br>Ph\u00e9nom\u00e9nologie<br>Esth\u00e9tique<\/td><\/tr><\/tbody><\/table><\/figure>\n<\/div>\n<\/div>\n","protected":false},"excerpt":{"rendered":"<p>La notion d\u2019objet revient \u00e0 plusieurs reprises dans l\u2019argument, et on a bien du mal en effet \u00e0 l\u2019\u00e9viter pour d\u00e9signer ce \u00e0 quoi on a affaire : dessins, modelages ou robes\u2026Mais la notion d\u2019objet est-elle ad\u00e9quate pour d\u00e9signer ce qui se passe dans la cr\u00e9ation? Je voudrais pointer les&hellip;<\/p>\n","protected":false},"author":2,"featured_media":0,"comment_status":"closed","ping_status":"open","sticky":false,"template":"","format":"standard","meta":{"pmpro_default_level":"","ngg_post_thumbnail":0,"footnotes":""},"categories":[133],"tags":[778,491,486,487,800],"class_list":["post-3601","post","type-post","status-publish","format-standard","hentry","category-boissiere-anne","tag-crees-en-milieu-psychiatrique-des-objets-en-instance","tag-esthetique","tag-phenomenologie","tag-philosophie","tag-ra013-06","pmpro-has-access"],"_links":{"self":[{"href":"https:\/\/bibliotheque-sfpe-at.com\/index.php\/wp-json\/wp\/v2\/posts\/3601","targetHints":{"allow":["GET"]}}],"collection":[{"href":"https:\/\/bibliotheque-sfpe-at.com\/index.php\/wp-json\/wp\/v2\/posts"}],"about":[{"href":"https:\/\/bibliotheque-sfpe-at.com\/index.php\/wp-json\/wp\/v2\/types\/post"}],"author":[{"embeddable":true,"href":"https:\/\/bibliotheque-sfpe-at.com\/index.php\/wp-json\/wp\/v2\/users\/2"}],"replies":[{"embeddable":true,"href":"https:\/\/bibliotheque-sfpe-at.com\/index.php\/wp-json\/wp\/v2\/comments?post=3601"}],"version-history":[{"count":3,"href":"https:\/\/bibliotheque-sfpe-at.com\/index.php\/wp-json\/wp\/v2\/posts\/3601\/revisions"}],"predecessor-version":[{"id":4676,"href":"https:\/\/bibliotheque-sfpe-at.com\/index.php\/wp-json\/wp\/v2\/posts\/3601\/revisions\/4676"}],"wp:attachment":[{"href":"https:\/\/bibliotheque-sfpe-at.com\/index.php\/wp-json\/wp\/v2\/media?parent=3601"}],"wp:term":[{"taxonomy":"category","embeddable":true,"href":"https:\/\/bibliotheque-sfpe-at.com\/index.php\/wp-json\/wp\/v2\/categories?post=3601"},{"taxonomy":"post_tag","embeddable":true,"href":"https:\/\/bibliotheque-sfpe-at.com\/index.php\/wp-json\/wp\/v2\/tags?post=3601"}],"curies":[{"name":"wp","href":"https:\/\/api.w.org\/{rel}","templated":true}]}}