{"id":3606,"date":"2025-01-22T13:09:12","date_gmt":"2025-01-22T12:09:12","guid":{"rendered":"https:\/\/sfpe-at.com\/?p=3606"},"modified":"2025-03-24T19:19:32","modified_gmt":"2025-03-24T18:19:32","slug":"producteur-dobjets-acteur-de-ses-projets","status":"publish","type":"post","link":"https:\/\/bibliotheque-sfpe-at.com\/index.php\/2025\/01\/22\/producteur-dobjets-acteur-de-ses-projets\/","title":{"rendered":"Producteur d\u2019objets, acteur de ses projets"},"content":{"rendered":"\n<p><\/p>\n\n\n\n<div class=\"wp-block-columns is-layout-flex wp-container-core-columns-is-layout-28f84493 wp-block-columns-is-layout-flex\">\n<div class=\"wp-block-column is-layout-flow wp-block-column-is-layout-flow\" style=\"flex-basis:66.66%\">\n<p>Le Trusquin est un atelier th\u00e9rapeutique de l\u2019EPSM de l\u2019agglom\u00e9ration lilloise. Situ\u00e9 \u00e0 Roubaix, il est rattach\u00e9 au secteur 59G12 mais propose un accueil intersectoriel. Les patients, ici appel\u00e9s \u00ab stagiaires \u00bb, y sont accompagn\u00e9s par une \u00e9quipe pluridisciplinaire : infirmier, \u00e9ducatrice technique sp\u00e9cialis\u00e9e, moniteur d\u2019atelier et neuropsychologue. Inscrit dans un dispositif de r\u00e9habilitation psychosociale, l\u2019atelier est centr\u00e9 sur l\u2019\u00e9laboration et la mise en \u0153uvre de projets socio-professionnels personnalis\u00e9s.<br>Les stagiaires pratiquent la menuiserie ou la peinture pour cr\u00e9er ensemble des jouets, qu\u2019ils vendent notamment lors de march\u00e9 de No\u00ebl ou de portes ouvertes. D\u2019autres objets sont cr\u00e9\u00e9s en fonction de partenariats ponctuels : bo\u00eetes \u00e0 livres avec la commission culture de l\u2019EPSM-AL, jeux flamands pour des \u00e9coles, cadres pour un atelier d\u2019arts plastiques, etc. \u00c0 ces deux activit\u00e9s viennent se greffer des s\u00e9ances de rem\u00e9diation cognitives individuelles ou de groupes et des sorties culturelles et ludiques dans la cit\u00e9.<br>Toutes ces activit\u00e9s concr\u00e8tes au quotidien, permettent \u00e0 chacun de se projeter dans l\u2019avenir. Elles permettent d\u2019\u00eatre dans \u00ab le faire \u00bb et d\u2019\u00eatre acteur de son projet. Le processus de cr\u00e9ation d\u2019objets (et autres productions) et leur vente, permet une r\u00e9elle valorisation des stagiaires. Ils voient leurs comp\u00e9tences \u00e9voluer et leur travail est f\u00e9licit\u00e9 \u00e0 chaque exposition de leurs productions. \u00c0 ce jour, les objets produits au Trusquin n\u2019ont pas de statut particulier, cependant chaque stagiaire est capable au moment des ventes de dire ce qu&rsquo;il a produit. Tout comme les inaugurations des bo\u00eetes \u00e0 livres, ce sont des moments pendant lesquels les \u00ab cr\u00e9ateurs \u00bb sont mis en avant.<br>Par ailleurs, le Trusquin b\u00e9n\u00e9ficie d\u2019un budget annuel de l\u2019association Archipel (association institutionnelle). Il permet de financer notamment les mati\u00e8res premi\u00e8res pour la confection des objets et les sorties n\u00e9cessaires \u00e0 la vie de l\u2019atelier. C\u2019est cette m\u00eame association qui encaisse les recettes des ventes et les redistribue dans les budgets de l\u2019ann\u00e9e suivante. Les prix de vente des objets sont fix\u00e9s en fonction de la quantit\u00e9 de mati\u00e8res premi\u00e8res utilis\u00e9es.<\/p>\n\n\n\n<p class=\"has-text-color has-link-color wp-elements-0c5dd61414d2cb4c88e3596780dedeb0\" style=\"color:#2753a5\"><strong><em>Pour lire le texte complet <a href=\"\/index.php\/options-dinscription\/\"><mark style=\"background-color:rgba(0, 0, 0, 0)\" class=\"has-inline-color has-vivid-cyan-blue-color\">s&rsquo;inscrire<\/mark><\/a> ou <a href=\"\/index.php\/my-account\/edit-account\/\"><mark style=\"background-color:rgba(0, 0, 0, 0)\" class=\"has-inline-color has-vivid-cyan-blue-color\">se connecter<\/mark><\/a><\/em><\/strong><\/p>\n\n\n\n\n\n<div style=\"height:100px\" aria-hidden=\"true\" class=\"wp-block-spacer\"><\/div>\n\n\n\n<div class=\"wp-block-buttons is-content-justification-center is-layout-flex wp-container-core-buttons-is-layout-a89b3969 wp-block-buttons-is-layout-flex\">\n<div class=\"wp-block-button has-custom-font-size has-small-font-size\"><a class=\"wp-block-button__link has-vivid-red-background-color has-background wp-element-button\" href=\"\/index.php\/2025\/01\/22\/crees-en-milieu-psychiatrique-des-objets-en-instance\/\">&lt;&#8211; retour<\/a><\/div>\n<\/div>\n<\/div>\n\n\n\n<div class=\"wp-block-column is-layout-flow wp-block-column-is-layout-flow\" style=\"flex-basis:33.33%\">\n<figure class=\"wp-block-table\"><table class=\"has-background\" style=\"background-color:#f8f2f2\"><thead><tr><th><mark class=\"has-inline-color has-vivid-red-color\" style=\"background-color: rgba(0, 0, 0, 0);\"><strong>Auteur<\/strong><\/mark><\/th><\/tr><\/thead><tbody><tr><td><strong>No\u00e9mie Bonin<\/strong><\/td><\/tr><\/tbody><\/table><\/figure>\n\n\n\n<figure class=\"wp-block-table\"><table><thead><tr><th><mark class=\"has-inline-color has-vivid-red-color\" style=\"background-color: rgba(0, 0, 0, 0);\"><strong>R\u00e9f\u00e9rence<\/strong><\/mark><\/th><\/tr><\/thead><tbody><tr><td><strong>RA013-08<\/strong><br><strong>Cr\u00e9\u00e9s en milieu psychiatrique : des objets en instance ?<\/strong><br>Journ\u00e9es de Printemps 2019<\/td><\/tr><\/tbody><\/table><\/figure>\n\n\n\n<figure class=\"wp-block-table\"><table><thead><tr><th><mark class=\"has-inline-color has-vivid-red-color\" style=\"background-color: rgba(0, 0, 0, 0);\"><strong>Cat\u00e9gories<\/strong><\/mark><\/th><\/tr><\/thead><tbody><tr><td>Dispositif de m\u00e9diation<br>\u00c9thique<\/td><\/tr><\/tbody><\/table><\/figure>\n<\/div>\n<\/div>\n","protected":false},"excerpt":{"rendered":"<p>Le Trusquin est un atelier th\u00e9rapeutique de l\u2019EPSM de l\u2019agglom\u00e9ration lilloise. Situ\u00e9 \u00e0 Roubaix, il est rattach\u00e9 au secteur 59G12 mais propose un accueil intersectoriel. Les patients, ici appel\u00e9s \u00ab stagiaires \u00bb, y sont accompagn\u00e9s par une \u00e9quipe pluridisciplinaire : infirmier, \u00e9ducatrice technique sp\u00e9cialis\u00e9e, moniteur d\u2019atelier et neuropsychologue. Inscrit dans&hellip;<\/p>\n","protected":false},"author":2,"featured_media":0,"comment_status":"closed","ping_status":"open","sticky":false,"template":"","format":"standard","meta":{"pmpro_default_level":"","ngg_post_thumbnail":0,"footnotes":""},"categories":[783],"tags":[778,505,502,802],"class_list":["post-3606","post","type-post","status-publish","format-standard","hentry","category-bonin-noemie","tag-crees-en-milieu-psychiatrique-des-objets-en-instance","tag-dispositif-de-mediation","tag-ethique","tag-ra013-08","pmpro-has-access"],"_links":{"self":[{"href":"https:\/\/bibliotheque-sfpe-at.com\/index.php\/wp-json\/wp\/v2\/posts\/3606","targetHints":{"allow":["GET"]}}],"collection":[{"href":"https:\/\/bibliotheque-sfpe-at.com\/index.php\/wp-json\/wp\/v2\/posts"}],"about":[{"href":"https:\/\/bibliotheque-sfpe-at.com\/index.php\/wp-json\/wp\/v2\/types\/post"}],"author":[{"embeddable":true,"href":"https:\/\/bibliotheque-sfpe-at.com\/index.php\/wp-json\/wp\/v2\/users\/2"}],"replies":[{"embeddable":true,"href":"https:\/\/bibliotheque-sfpe-at.com\/index.php\/wp-json\/wp\/v2\/comments?post=3606"}],"version-history":[{"count":2,"href":"https:\/\/bibliotheque-sfpe-at.com\/index.php\/wp-json\/wp\/v2\/posts\/3606\/revisions"}],"predecessor-version":[{"id":4678,"href":"https:\/\/bibliotheque-sfpe-at.com\/index.php\/wp-json\/wp\/v2\/posts\/3606\/revisions\/4678"}],"wp:attachment":[{"href":"https:\/\/bibliotheque-sfpe-at.com\/index.php\/wp-json\/wp\/v2\/media?parent=3606"}],"wp:term":[{"taxonomy":"category","embeddable":true,"href":"https:\/\/bibliotheque-sfpe-at.com\/index.php\/wp-json\/wp\/v2\/categories?post=3606"},{"taxonomy":"post_tag","embeddable":true,"href":"https:\/\/bibliotheque-sfpe-at.com\/index.php\/wp-json\/wp\/v2\/tags?post=3606"}],"curies":[{"name":"wp","href":"https:\/\/api.w.org\/{rel}","templated":true}]}}