{"id":3608,"date":"2025-01-22T13:13:02","date_gmt":"2025-01-22T12:13:02","guid":{"rendered":"https:\/\/sfpe-at.com\/?p=3608"},"modified":"2025-03-24T19:20:11","modified_gmt":"2025-03-24T18:20:11","slug":"des-travaux-et-des-oeuvres-la-creation-dune-artotheque-en-epsm","status":"publish","type":"post","link":"https:\/\/bibliotheque-sfpe-at.com\/index.php\/2025\/01\/22\/des-travaux-et-des-oeuvres-la-creation-dune-artotheque-en-epsm\/","title":{"rendered":"Des travaux et des \u0153uvres. La cr\u00e9ation d\u2019une artoth\u00e8que en EPSM"},"content":{"rendered":"\n<p><\/p>\n\n\n\n<div class=\"wp-block-columns is-layout-flex wp-container-core-columns-is-layout-28f84493 wp-block-columns-is-layout-flex\">\n<div class=\"wp-block-column is-layout-flow wp-block-column-is-layout-flow\" style=\"flex-basis:66.66%\">\n<p>L\u2019EPSM a \u00e9labor\u00e9 une politique culturelle volontariste avec trois vertus : aider les patients \u00e0 retrouver la libert\u00e9 de s\u2019exprimer, de se cultiver, d\u2019\u00eatre citoyen ; cr\u00e9er des espaces de pens\u00e9e pour la communaut\u00e9 professionnelle de l\u2019\u00e9tablissement ; changer le regard de la soci\u00e9t\u00e9 sur les souffrances psychiques. Dans ce contexte, les membres de la commission culturelle sont attentifs aux travaux men\u00e9s par les usagers dans le cadre d\u2019activit\u00e9s artistiques et ont souhait\u00e9 proposer une solution de pr\u00e9servation des productions (notamment d\u2019art plastique) r\u00e9alis\u00e9es par les usagers lorsque ces derniers ne souhaitent pas les conserver.<br>De cette reconnaissance et de ce souci de conservation est n\u00e9e la cr\u00e9ation d\u2019une artoth\u00e8que qui permet aux services de d\u00e9poser les productions des usagers dans des conditions respectueuses, de les recenser et d\u2019envisager leur circulation libre et gratuite dans le cadre d\u2019op\u00e9rations de communication permettant de changer les regards sur la sant\u00e9 mentale.<br>Au travers de l\u2019histoire de la cr\u00e9ation de cette artoth\u00e8que, de nombreuses questions \u00e9thiques et juridiques seront pos\u00e9es : du gribouillis \u00e0 l\u2019\u0153uvre d\u2019art, qu\u2019est-ce qui distingue les productions d\u2019\u0153uvres ? Faut-il faire un choix pour les d\u00e9p\u00f4ts ? Qui serait alors membre d\u2019une commission et donc d\u00e9positaire d\u2019un jugement esth\u00e9tique ? Quel choix juridique entre le d\u00e9p\u00f4t et le don ? Qu\u2019en est-il de l\u2019anonymat et du secret m\u00e9dical dans le r\u00e9f\u00e9rencement des productions ? Faut-il valoriser les productions et si oui, comment ? La perspective d\u2019une exposition peut-elle \u00eatre stimulante dans la relation th\u00e9rapeutique ou au contraire d\u00e9vastatrice ? Comment \u00e9tablir les conventions d\u2019emprunt des productions sans pour autant leur donner une valeur financi\u00e8re ? Et quelle relation avec le march\u00e9 de l\u2019art brut?\u2026<\/p>\n\n\n\n<p class=\"has-text-color has-link-color wp-elements-0c5dd61414d2cb4c88e3596780dedeb0\" style=\"color:#2753a5\"><strong><em>Pour lire le texte complet <a href=\"\/index.php\/options-dinscription\/\"><mark style=\"background-color:rgba(0, 0, 0, 0)\" class=\"has-inline-color has-vivid-cyan-blue-color\">s&rsquo;inscrire<\/mark><\/a> ou <a href=\"\/index.php\/my-account\/edit-account\/\"><mark style=\"background-color:rgba(0, 0, 0, 0)\" class=\"has-inline-color has-vivid-cyan-blue-color\">se connecter<\/mark><\/a><\/em><\/strong><\/p>\n\n\n\n\n\n<div style=\"height:100px\" aria-hidden=\"true\" class=\"wp-block-spacer\"><\/div>\n\n\n\n<div class=\"wp-block-buttons is-content-justification-center is-layout-flex wp-container-core-buttons-is-layout-a89b3969 wp-block-buttons-is-layout-flex\">\n<div class=\"wp-block-button has-custom-font-size has-small-font-size\"><a class=\"wp-block-button__link has-vivid-red-background-color has-background wp-element-button\" href=\"\/index.php\/2025\/01\/22\/crees-en-milieu-psychiatrique-des-objets-en-instance\/\">&lt;&#8211; retour<\/a><\/div>\n<\/div>\n<\/div>\n\n\n\n<div class=\"wp-block-column is-layout-flow wp-block-column-is-layout-flow\" style=\"flex-basis:33.33%\">\n<figure class=\"wp-block-table\"><table class=\"has-background\" style=\"background-color:#f8f2f2\"><thead><tr><th><mark class=\"has-inline-color has-vivid-red-color\" style=\"background-color: rgba(0, 0, 0, 0);\"><strong>Auteur<\/strong><\/mark><\/th><\/tr><\/thead><tbody><tr><td><strong>Maud Piontek<\/strong><br><strong>Christelle R\u00e9my<\/strong><\/td><\/tr><\/tbody><\/table><\/figure>\n\n\n\n<figure class=\"wp-block-table\"><table><thead><tr><th><mark class=\"has-inline-color has-vivid-red-color\" style=\"background-color: rgba(0, 0, 0, 0);\"><strong>R\u00e9f\u00e9rence<\/strong><\/mark><\/th><\/tr><\/thead><tbody><tr><td><strong>RA013-09<\/strong><br><strong>Cr\u00e9\u00e9s en milieu psychiatrique : des objets en instance ?<\/strong><br>Journ\u00e9es de Printemps 2019<\/td><\/tr><\/tbody><\/table><\/figure>\n\n\n\n<figure class=\"wp-block-table\"><table><thead><tr><th><mark class=\"has-inline-color has-vivid-red-color\" style=\"background-color: rgba(0, 0, 0, 0);\"><strong>Cat\u00e9gories<\/strong><\/mark><\/th><\/tr><\/thead><tbody><tr><td>Mus\u00e9e, exposition, spectacle<br>M\u00e9thodologie<\/td><\/tr><\/tbody><\/table><\/figure>\n<\/div>\n<\/div>\n","protected":false},"excerpt":{"rendered":"<p>L\u2019EPSM a \u00e9labor\u00e9 une politique culturelle volontariste avec trois vertus : aider les patients \u00e0 retrouver la libert\u00e9 de s\u2019exprimer, de se cultiver, d\u2019\u00eatre citoyen ; cr\u00e9er des espaces de pens\u00e9e pour la communaut\u00e9 professionnelle de l\u2019\u00e9tablissement ; changer le regard de la soci\u00e9t\u00e9 sur les souffrances psychiques. Dans ce&hellip;<\/p>\n","protected":false},"author":2,"featured_media":0,"comment_status":"closed","ping_status":"open","sticky":false,"template":"","format":"standard","meta":{"pmpro_default_level":"","ngg_post_thumbnail":0,"footnotes":""},"categories":[784,785],"tags":[778,786,571,803],"class_list":["post-3608","post","type-post","status-publish","format-standard","hentry","category-piontek-maud","category-remy-christelle","tag-crees-en-milieu-psychiatrique-des-objets-en-instance","tag-methodologie","tag-musees-expositions-spectacles","tag-ra013-09","pmpro-has-access"],"_links":{"self":[{"href":"https:\/\/bibliotheque-sfpe-at.com\/index.php\/wp-json\/wp\/v2\/posts\/3608","targetHints":{"allow":["GET"]}}],"collection":[{"href":"https:\/\/bibliotheque-sfpe-at.com\/index.php\/wp-json\/wp\/v2\/posts"}],"about":[{"href":"https:\/\/bibliotheque-sfpe-at.com\/index.php\/wp-json\/wp\/v2\/types\/post"}],"author":[{"embeddable":true,"href":"https:\/\/bibliotheque-sfpe-at.com\/index.php\/wp-json\/wp\/v2\/users\/2"}],"replies":[{"embeddable":true,"href":"https:\/\/bibliotheque-sfpe-at.com\/index.php\/wp-json\/wp\/v2\/comments?post=3608"}],"version-history":[{"count":2,"href":"https:\/\/bibliotheque-sfpe-at.com\/index.php\/wp-json\/wp\/v2\/posts\/3608\/revisions"}],"predecessor-version":[{"id":4679,"href":"https:\/\/bibliotheque-sfpe-at.com\/index.php\/wp-json\/wp\/v2\/posts\/3608\/revisions\/4679"}],"wp:attachment":[{"href":"https:\/\/bibliotheque-sfpe-at.com\/index.php\/wp-json\/wp\/v2\/media?parent=3608"}],"wp:term":[{"taxonomy":"category","embeddable":true,"href":"https:\/\/bibliotheque-sfpe-at.com\/index.php\/wp-json\/wp\/v2\/categories?post=3608"},{"taxonomy":"post_tag","embeddable":true,"href":"https:\/\/bibliotheque-sfpe-at.com\/index.php\/wp-json\/wp\/v2\/tags?post=3608"}],"curies":[{"name":"wp","href":"https:\/\/api.w.org\/{rel}","templated":true}]}}