{"id":3610,"date":"2025-01-22T13:18:05","date_gmt":"2025-01-22T12:18:05","guid":{"rendered":"https:\/\/sfpe-at.com\/?p=3610"},"modified":"2025-03-24T19:20:52","modified_gmt":"2025-03-24T18:20:52","slug":"conserver-et-partager-quelle-ethique-pour-une-artotheque-hospitaliere","status":"publish","type":"post","link":"https:\/\/bibliotheque-sfpe-at.com\/index.php\/2025\/01\/22\/conserver-et-partager-quelle-ethique-pour-une-artotheque-hospitaliere\/","title":{"rendered":"Conserver et partager\u00a0: quelle\u00a0 \u00e9thique pour une artoth\u00e8que hospitali\u00e8re"},"content":{"rendered":"\n<p><\/p>\n\n\n\n<div class=\"wp-block-columns is-layout-flex wp-container-core-columns-is-layout-28f84493 wp-block-columns-is-layout-flex\">\n<div class=\"wp-block-column is-layout-flow wp-block-column-is-layout-flow\" style=\"flex-basis:66.66%\">\n<p>Au cours de l\u2019histoire de la cr\u00e9ation de l\u2019artoth\u00e8que de l\u2019EPSM, de nombreuses questions juridiques et \u00e9thiques se sont pos\u00e9es : du gribouillis \u00e0 l\u2019\u0153uvre d\u2019art, qu\u2019est-ce qui distinguait les \u0153uvres des travaux ? Fallait-il faire un choix parmi les tr\u00e8s nombreuses productions \u00e0 stocker dans l\u2019artoth\u00e8que ? Qui serait alors membre d\u2019une commission et expert ? Et quelle expertise prioriser : historique ? th\u00e9rapeu\u00adtique ? esth\u00e9tique ? marketing ? Lors du recensement, quelles solutions juridiques permettaient-elles de garantir la propri\u00e9t\u00e9 intellectuelle des auteurs ? Qu\u2019en \u00e9tait-il de l\u2019anonymat et du secret m\u00e9dical dans le r\u00e9f\u00e9rencement des productions ? Enfin, fallait-il valoriser les productions pour les publics, et si oui, comment ? La perspective d\u2019une exposition \u00e9tait-elle stimulante dans la relation th\u00e9rapeu\u00adtique ou au contraire d\u00e9vastatrice ? Comment \u00e9tablir les conventions d\u2019em\u00adprunt des productions sans pour autant leur donner une valeur financi\u00e8re ?<br>L\u2019artoth\u00e8que devait-elle entretenir des relations avec le march\u00e9 de l\u2019art brut ?<br>Loin de r\u00e9pondre \u00e0 toutes les questions, cette pr\u00e9sentation esp\u00e8re faire part de quelques recommandations pour garantir l\u2019\u00e9thique d\u2019un tel projet et son existence dans un \u00e9tablissement de sant\u00e9 de service public.<\/p>\n\n\n\n<p class=\"has-text-color has-link-color wp-elements-0c5dd61414d2cb4c88e3596780dedeb0\" style=\"color:#2753a5\"><strong><em>Pour lire le texte complet <a href=\"\/index.php\/options-dinscription\/\"><mark style=\"background-color:rgba(0, 0, 0, 0)\" class=\"has-inline-color has-vivid-cyan-blue-color\">s&rsquo;inscrire<\/mark><\/a> ou <a href=\"\/index.php\/my-account\/edit-account\/\"><mark style=\"background-color:rgba(0, 0, 0, 0)\" class=\"has-inline-color has-vivid-cyan-blue-color\">se connecter<\/mark><\/a><\/em><\/strong><\/p>\n\n\n\n\n\n<div style=\"height:100px\" aria-hidden=\"true\" class=\"wp-block-spacer\"><\/div>\n\n\n\n<div class=\"wp-block-buttons is-content-justification-center is-layout-flex wp-container-core-buttons-is-layout-a89b3969 wp-block-buttons-is-layout-flex\">\n<div class=\"wp-block-button has-custom-font-size has-small-font-size\"><a class=\"wp-block-button__link has-vivid-red-background-color has-background wp-element-button\" href=\"\/index.php\/2025\/01\/22\/crees-en-milieu-psychiatrique-des-objets-en-instance\/\">&lt;&#8211; retour<\/a><\/div>\n<\/div>\n<\/div>\n\n\n\n<div class=\"wp-block-column is-layout-flow wp-block-column-is-layout-flow\" style=\"flex-basis:33.33%\">\n<figure class=\"wp-block-table\"><table class=\"has-background\" style=\"background-color:#f8f2f2\"><thead><tr><th><mark class=\"has-inline-color has-vivid-red-color\" style=\"background-color: rgba(0, 0, 0, 0);\"><strong>Auteur<\/strong><\/mark><\/th><\/tr><\/thead><tbody><tr><td><strong>Maud Piontek<\/strong><\/td><\/tr><\/tbody><\/table><\/figure>\n\n\n\n<figure class=\"wp-block-table\"><table><thead><tr><th><mark class=\"has-inline-color has-vivid-red-color\" style=\"background-color: rgba(0, 0, 0, 0);\"><strong>R\u00e9f\u00e9rence<\/strong><\/mark><\/th><\/tr><\/thead><tbody><tr><td><strong>RA013-10<\/strong><br><strong>Cr\u00e9\u00e9s en milieu psychiatrique : des objets en instance ?<\/strong><br>Journ\u00e9es de Printemps 2019<\/td><\/tr><\/tbody><\/table><\/figure>\n\n\n\n<figure class=\"wp-block-table\"><table><thead><tr><th><mark class=\"has-inline-color has-vivid-red-color\" style=\"background-color: rgba(0, 0, 0, 0);\"><strong>Cat\u00e9gories<\/strong><\/mark><\/th><\/tr><\/thead><tbody><tr><td>Mus\u00e9e, exposition, spectacle<br>\u00c9thique<\/td><\/tr><\/tbody><\/table><\/figure>\n<\/div>\n<\/div>\n","protected":false},"excerpt":{"rendered":"<p>Au cours de l\u2019histoire de la cr\u00e9ation de l\u2019artoth\u00e8que de l\u2019EPSM, de nombreuses questions juridiques et \u00e9thiques se sont pos\u00e9es : du gribouillis \u00e0 l\u2019\u0153uvre d\u2019art, qu\u2019est-ce qui distinguait les \u0153uvres des travaux ? Fallait-il faire un choix parmi les tr\u00e8s nombreuses productions \u00e0 stocker dans l\u2019artoth\u00e8que ? Qui serait&hellip;<\/p>\n","protected":false},"author":2,"featured_media":0,"comment_status":"closed","ping_status":"open","sticky":false,"template":"","format":"standard","meta":{"pmpro_default_level":"","ngg_post_thumbnail":0,"footnotes":""},"categories":[784],"tags":[778,502,571,804],"class_list":["post-3610","post","type-post","status-publish","format-standard","hentry","category-piontek-maud","tag-crees-en-milieu-psychiatrique-des-objets-en-instance","tag-ethique","tag-musees-expositions-spectacles","tag-ra013-10","pmpro-has-access"],"_links":{"self":[{"href":"https:\/\/bibliotheque-sfpe-at.com\/index.php\/wp-json\/wp\/v2\/posts\/3610","targetHints":{"allow":["GET"]}}],"collection":[{"href":"https:\/\/bibliotheque-sfpe-at.com\/index.php\/wp-json\/wp\/v2\/posts"}],"about":[{"href":"https:\/\/bibliotheque-sfpe-at.com\/index.php\/wp-json\/wp\/v2\/types\/post"}],"author":[{"embeddable":true,"href":"https:\/\/bibliotheque-sfpe-at.com\/index.php\/wp-json\/wp\/v2\/users\/2"}],"replies":[{"embeddable":true,"href":"https:\/\/bibliotheque-sfpe-at.com\/index.php\/wp-json\/wp\/v2\/comments?post=3610"}],"version-history":[{"count":2,"href":"https:\/\/bibliotheque-sfpe-at.com\/index.php\/wp-json\/wp\/v2\/posts\/3610\/revisions"}],"predecessor-version":[{"id":4680,"href":"https:\/\/bibliotheque-sfpe-at.com\/index.php\/wp-json\/wp\/v2\/posts\/3610\/revisions\/4680"}],"wp:attachment":[{"href":"https:\/\/bibliotheque-sfpe-at.com\/index.php\/wp-json\/wp\/v2\/media?parent=3610"}],"wp:term":[{"taxonomy":"category","embeddable":true,"href":"https:\/\/bibliotheque-sfpe-at.com\/index.php\/wp-json\/wp\/v2\/categories?post=3610"},{"taxonomy":"post_tag","embeddable":true,"href":"https:\/\/bibliotheque-sfpe-at.com\/index.php\/wp-json\/wp\/v2\/tags?post=3610"}],"curies":[{"name":"wp","href":"https:\/\/api.w.org\/{rel}","templated":true}]}}