{"id":3612,"date":"2025-01-22T13:22:25","date_gmt":"2025-01-22T12:22:25","guid":{"rendered":"https:\/\/sfpe-at.com\/?p=3612"},"modified":"2025-03-24T19:21:15","modified_gmt":"2025-03-24T18:21:15","slug":"au-sujet-de-lobjet","status":"publish","type":"post","link":"https:\/\/bibliotheque-sfpe-at.com\/index.php\/2025\/01\/22\/au-sujet-de-lobjet\/","title":{"rendered":"Au sujet de l\u2019objet"},"content":{"rendered":"\n<p><\/p>\n\n\n\n<div class=\"wp-block-columns is-layout-flex wp-container-core-columns-is-layout-28f84493 wp-block-columns-is-layout-flex\">\n<div class=\"wp-block-column is-layout-flow wp-block-column-is-layout-flow\" style=\"flex-basis:66.66%\">\n<p>Contrairement aux cr\u00e9ations connues des malades mentaux des asiles d\u2019ali\u00e9n\u00e9s, collectionn\u00e9es apr\u00e8s coup sous l\u2019appellation d\u2019art brut, les objets fa\u00e7onn\u00e9s en psychiatrie aujourd\u2019hui le sont rarement \u00e0 l\u2019initiative des personnes hospitalis\u00e9es.<br>Les productions conserv\u00e9es dans les armoires de l\u2019h\u00f4pital ont le plus souvent \u00e9t\u00e9 impuls\u00e9es par des professionnels de sant\u00e9 et\/ou des artistes au cours d\u2019ateliers th\u00e9rapeutiques avec des mat\u00e9riaux d\u00e9termin\u00e9s et un cadre plus ou moins contraignant.<br>Au-del\u00e0 de la question de la qualit\u00e9 artistique de l\u2019\u0153uvre confectionn\u00e9e au cours de l\u2019atelier th\u00e9rapeutique se pose celle de sa fonction d\u2019objet m\u00e9diateur, support d\u2019expressions et de paroles adress\u00e9es aux soignants qui ont initi\u00e9 l\u2019atelier.<br>Qu\u2019en est-il alors du statut de ces objets m\u00e9diateurs ? Qui en est le propri\u00e9taire ? Qu\u2019est-ce que le patient confie quand il remet son objet au soignant?<br>Ce sont ces questions que nous pose la cr\u00e9ation de l\u2019Artoth\u00e8que de l\u2019EPSM-AL de Saint-Andr\u00e9 et que nous tenterons d\u2019articuler \u2014 autour de notions comme la demande, la parole, l\u2019adresse \u2014 aux pr\u00e9requis d\u2019un atelier th\u00e9rapeutique que nous avons mis en place \u00e0 l\u2019h\u00f4pital.<\/p>\n\n\n\n<p class=\"has-text-color has-link-color wp-elements-0c5dd61414d2cb4c88e3596780dedeb0\" style=\"color:#2753a5\"><strong><em>Pour lire le texte complet <a href=\"\/index.php\/options-dinscription\/\"><mark style=\"background-color:rgba(0, 0, 0, 0)\" class=\"has-inline-color has-vivid-cyan-blue-color\">s&rsquo;inscrire<\/mark><\/a> ou <a href=\"\/index.php\/my-account\/edit-account\/\"><mark style=\"background-color:rgba(0, 0, 0, 0)\" class=\"has-inline-color has-vivid-cyan-blue-color\">se connecter<\/mark><\/a><\/em><\/strong><\/p>\n\n\n\n\n\n<div style=\"height:100px\" aria-hidden=\"true\" class=\"wp-block-spacer\"><\/div>\n\n\n\n<div class=\"wp-block-buttons is-content-justification-center is-layout-flex wp-container-core-buttons-is-layout-a89b3969 wp-block-buttons-is-layout-flex\">\n<div class=\"wp-block-button has-custom-font-size has-small-font-size\"><a class=\"wp-block-button__link has-vivid-red-background-color has-background wp-element-button\" href=\"\/index.php\/2025\/01\/22\/crees-en-milieu-psychiatrique-des-objets-en-instance\/\">&lt;&#8211; retour<\/a><\/div>\n<\/div>\n<\/div>\n\n\n\n<div class=\"wp-block-column is-layout-flow wp-block-column-is-layout-flow\" style=\"flex-basis:33.33%\">\n<figure class=\"wp-block-table\"><table class=\"has-background\" style=\"background-color:#f8f2f2\"><thead><tr><th><mark class=\"has-inline-color has-vivid-red-color\" style=\"background-color: rgba(0, 0, 0, 0);\"><strong>Auteur<\/strong><\/mark><\/th><\/tr><\/thead><tbody><tr><td><strong>Marjorie Joyez<br>Edith Vandenabeele<\/strong><\/td><\/tr><\/tbody><\/table><\/figure>\n\n\n\n<figure class=\"wp-block-table\"><table><thead><tr><th><mark class=\"has-inline-color has-vivid-red-color\" style=\"background-color: rgba(0, 0, 0, 0);\"><strong>R\u00e9f\u00e9rence<\/strong><\/mark><\/th><\/tr><\/thead><tbody><tr><td><strong>RA013-11<\/strong><br><strong>Cr\u00e9\u00e9s en milieu psychiatrique : des objets en instance ?<\/strong><br>Journ\u00e9es de Printemps 2019<\/td><\/tr><\/tbody><\/table><\/figure>\n\n\n\n<figure class=\"wp-block-table\"><table><thead><tr><th><mark class=\"has-inline-color has-vivid-red-color\" style=\"background-color: rgba(0, 0, 0, 0);\"><strong>Cat\u00e9gories<\/strong><\/mark><\/th><\/tr><\/thead><tbody><tr><td>Art-th\u00e9rapie<br>Dispositif de m\u00e9diation<br>Collage<br>\u00c9thique<\/td><\/tr><\/tbody><\/table><\/figure>\n<\/div>\n<\/div>\n","protected":false},"excerpt":{"rendered":"<p>Contrairement aux cr\u00e9ations connues des malades mentaux des asiles d\u2019ali\u00e9n\u00e9s, collectionn\u00e9es apr\u00e8s coup sous l\u2019appellation d\u2019art brut, les objets fa\u00e7onn\u00e9s en psychiatrie aujourd\u2019hui le sont rarement \u00e0 l\u2019initiative des personnes hospitalis\u00e9es.Les productions conserv\u00e9es dans les armoires de l\u2019h\u00f4pital ont le plus souvent \u00e9t\u00e9 impuls\u00e9es par des professionnels de sant\u00e9 et\/ou&hellip;<\/p>\n","protected":false},"author":2,"featured_media":0,"comment_status":"closed","ping_status":"open","sticky":false,"template":"","format":"standard","meta":{"pmpro_default_level":"","ngg_post_thumbnail":0,"footnotes":""},"categories":[788,789],"tags":[492,787,778,505,502,805],"class_list":["post-3612","post","type-post","status-publish","format-standard","hentry","category-joyez-marjorie","category-vandenabeele-edith","tag-art-therapie","tag-collage","tag-crees-en-milieu-psychiatrique-des-objets-en-instance","tag-dispositif-de-mediation","tag-ethique","tag-ra013-11","pmpro-has-access"],"_links":{"self":[{"href":"https:\/\/bibliotheque-sfpe-at.com\/index.php\/wp-json\/wp\/v2\/posts\/3612","targetHints":{"allow":["GET"]}}],"collection":[{"href":"https:\/\/bibliotheque-sfpe-at.com\/index.php\/wp-json\/wp\/v2\/posts"}],"about":[{"href":"https:\/\/bibliotheque-sfpe-at.com\/index.php\/wp-json\/wp\/v2\/types\/post"}],"author":[{"embeddable":true,"href":"https:\/\/bibliotheque-sfpe-at.com\/index.php\/wp-json\/wp\/v2\/users\/2"}],"replies":[{"embeddable":true,"href":"https:\/\/bibliotheque-sfpe-at.com\/index.php\/wp-json\/wp\/v2\/comments?post=3612"}],"version-history":[{"count":2,"href":"https:\/\/bibliotheque-sfpe-at.com\/index.php\/wp-json\/wp\/v2\/posts\/3612\/revisions"}],"predecessor-version":[{"id":4681,"href":"https:\/\/bibliotheque-sfpe-at.com\/index.php\/wp-json\/wp\/v2\/posts\/3612\/revisions\/4681"}],"wp:attachment":[{"href":"https:\/\/bibliotheque-sfpe-at.com\/index.php\/wp-json\/wp\/v2\/media?parent=3612"}],"wp:term":[{"taxonomy":"category","embeddable":true,"href":"https:\/\/bibliotheque-sfpe-at.com\/index.php\/wp-json\/wp\/v2\/categories?post=3612"},{"taxonomy":"post_tag","embeddable":true,"href":"https:\/\/bibliotheque-sfpe-at.com\/index.php\/wp-json\/wp\/v2\/tags?post=3612"}],"curies":[{"name":"wp","href":"https:\/\/api.w.org\/{rel}","templated":true}]}}