{"id":3615,"date":"2025-01-22T13:27:52","date_gmt":"2025-01-22T12:27:52","guid":{"rendered":"https:\/\/sfpe-at.com\/?p=3615"},"modified":"2025-03-24T19:21:46","modified_gmt":"2025-03-24T18:21:46","slug":"des-creations-libres-aux-epreuves-expressives-reflexions-epistemologiques-et-methodologiques","status":"publish","type":"post","link":"https:\/\/bibliotheque-sfpe-at.com\/index.php\/2025\/01\/22\/des-creations-libres-aux-epreuves-expressives-reflexions-epistemologiques-et-methodologiques\/","title":{"rendered":"Des cr\u00e9ations libres aux \u00e9preuves expressives\u00a0: r\u00e9flexions \u00e9pist\u00e9mologiques et m\u00e9thodologiques"},"content":{"rendered":"\n<p><\/p>\n\n\n\n<div class=\"wp-block-columns is-layout-flex wp-container-core-columns-is-layout-28f84493 wp-block-columns-is-layout-flex\">\n<div class=\"wp-block-column is-layout-flow wp-block-column-is-layout-flow\" style=\"flex-basis:66.66%\">\n<p>Nous pr\u00e9senterons quelques r\u00e9flexions \u00e9pist\u00e9mologiques et m\u00e9thodologiques concernant le statut des productions artistiques cr\u00e9\u00e9es au cours des s\u00e9ances d\u2019art-th\u00e9rapie. En particulier, nous allons aborder l\u2019\u00e9volution r\u00e9cente au niveau des \u00e9preuves dites \u00ab expressives \u00bb et documenter leur pertinence pour la recherche en psychologie clinique.<br>\u00c0 l\u2019heure actuelle, les \u00e9preuves expressives ont un r\u00f4le important \u00e0 jouer dans le cadre des plans exp\u00e9rimentaux mixtes, \u00e0 condition qu\u2019on dispose de grilles d\u2019analyse appropri\u00e9es, permettant de passer de l\u2019analyse qualitative \u00e0 la quantification et \u00e0 l\u2019utilisation des statistiques inf\u00e9rentielles et multidimensionnelles non param\u00e9triques. Leur int\u00e9r\u00eat, reconnu par la recherche internationale, a \u00e9t\u00e9 mis en \u00e9vidence dans le cadre d\u2019\u00e9tudes longitudinales.<br>Nous aborderons \u00e9galement la question de l\u2019appartenance et de la conservation des \u0153uvres cr\u00e9\u00e9es. Selon le statut de l\u2019institution, leur destin\u00e9e est diff\u00e9rente.<br>Nos r\u00e9flexions th\u00e9oriques seront illustr\u00e9es par la pr\u00e9sentation de mat\u00e9riel r\u00e9alis\u00e9 en milieu hospitalier, carc\u00e9ral et associatif.<\/p>\n\n\n\n<p class=\"has-text-color has-link-color wp-elements-0c5dd61414d2cb4c88e3596780dedeb0\" style=\"color:#2753a5\"><strong><em>Pour lire le texte complet <a href=\"\/index.php\/options-dinscription\/\"><mark style=\"background-color:rgba(0, 0, 0, 0)\" class=\"has-inline-color has-vivid-cyan-blue-color\">s&rsquo;inscrire<\/mark><\/a> ou <a href=\"\/index.php\/my-account\/edit-account\/\"><mark style=\"background-color:rgba(0, 0, 0, 0)\" class=\"has-inline-color has-vivid-cyan-blue-color\">se connecter<\/mark><\/a><\/em><\/strong><\/p>\n\n\n\n\n\n<div style=\"height:100px\" aria-hidden=\"true\" class=\"wp-block-spacer\"><\/div>\n\n\n\n<div class=\"wp-block-buttons is-content-justification-center is-layout-flex wp-container-core-buttons-is-layout-a89b3969 wp-block-buttons-is-layout-flex\">\n<div class=\"wp-block-button has-custom-font-size has-small-font-size\"><a class=\"wp-block-button__link has-vivid-red-background-color has-background wp-element-button\" href=\"\/index.php\/2025\/01\/22\/crees-en-milieu-psychiatrique-des-objets-en-instance\/\">&lt;&#8211; retour<\/a><\/div>\n<\/div>\n<\/div>\n\n\n\n<div class=\"wp-block-column is-layout-flow wp-block-column-is-layout-flow\" style=\"flex-basis:33.33%\">\n<figure class=\"wp-block-table\"><table class=\"has-background\" style=\"background-color:#f8f2f2\"><thead><tr><th><mark class=\"has-inline-color has-vivid-red-color\" style=\"background-color: rgba(0, 0, 0, 0);\"><strong>Auteur<\/strong><\/mark><\/th><\/tr><\/thead><tbody><tr><td><strong>Lony Schiltz<\/strong><\/td><\/tr><\/tbody><\/table><\/figure>\n\n\n\n<figure class=\"wp-block-table\"><table><thead><tr><th><mark class=\"has-inline-color has-vivid-red-color\" style=\"background-color: rgba(0, 0, 0, 0);\"><strong>R\u00e9f\u00e9rence<\/strong><\/mark><\/th><\/tr><\/thead><tbody><tr><td><strong>RA013-12<\/strong><br><strong>Cr\u00e9\u00e9s en milieu psychiatrique : des objets en instance ?<\/strong><br>Journ\u00e9es de Printemps 2019<\/td><\/tr><\/tbody><\/table><\/figure>\n\n\n\n<figure class=\"wp-block-table\"><table><thead><tr><th><mark class=\"has-inline-color has-vivid-red-color\" style=\"background-color: rgba(0, 0, 0, 0);\"><strong>Cat\u00e9gories<\/strong><\/mark><\/th><\/tr><\/thead><tbody><tr><td>Art-th\u00e9rapie<br>Mus\u00e9e, exposition, spectacle<br>Evaluation<br>\u00c9thique<br>M\u00e9thodologie<br>Evaluation<\/td><\/tr><\/tbody><\/table><\/figure>\n<\/div>\n<\/div>\n","protected":false},"excerpt":{"rendered":"<p>Nous pr\u00e9senterons quelques r\u00e9flexions \u00e9pist\u00e9mologiques et m\u00e9thodologiques concernant le statut des productions artistiques cr\u00e9\u00e9es au cours des s\u00e9ances d\u2019art-th\u00e9rapie. En particulier, nous allons aborder l\u2019\u00e9volution r\u00e9cente au niveau des \u00e9preuves dites \u00ab expressives \u00bb et documenter leur pertinence pour la recherche en psychologie clinique.\u00c0 l\u2019heure actuelle, les \u00e9preuves expressives ont&hellip;<\/p>\n","protected":false},"author":2,"featured_media":0,"comment_status":"closed","ping_status":"open","sticky":false,"template":"","format":"standard","meta":{"pmpro_default_level":"","ngg_post_thumbnail":0,"footnotes":""},"categories":[98],"tags":[492,778,502,561,786,571,806],"class_list":["post-3615","post","type-post","status-publish","format-standard","hentry","category-schiltz-lony","tag-art-therapie","tag-crees-en-milieu-psychiatrique-des-objets-en-instance","tag-ethique","tag-evaluation","tag-methodologie","tag-musees-expositions-spectacles","tag-ra013-12","pmpro-has-access"],"_links":{"self":[{"href":"https:\/\/bibliotheque-sfpe-at.com\/index.php\/wp-json\/wp\/v2\/posts\/3615","targetHints":{"allow":["GET"]}}],"collection":[{"href":"https:\/\/bibliotheque-sfpe-at.com\/index.php\/wp-json\/wp\/v2\/posts"}],"about":[{"href":"https:\/\/bibliotheque-sfpe-at.com\/index.php\/wp-json\/wp\/v2\/types\/post"}],"author":[{"embeddable":true,"href":"https:\/\/bibliotheque-sfpe-at.com\/index.php\/wp-json\/wp\/v2\/users\/2"}],"replies":[{"embeddable":true,"href":"https:\/\/bibliotheque-sfpe-at.com\/index.php\/wp-json\/wp\/v2\/comments?post=3615"}],"version-history":[{"count":2,"href":"https:\/\/bibliotheque-sfpe-at.com\/index.php\/wp-json\/wp\/v2\/posts\/3615\/revisions"}],"predecessor-version":[{"id":4682,"href":"https:\/\/bibliotheque-sfpe-at.com\/index.php\/wp-json\/wp\/v2\/posts\/3615\/revisions\/4682"}],"wp:attachment":[{"href":"https:\/\/bibliotheque-sfpe-at.com\/index.php\/wp-json\/wp\/v2\/media?parent=3615"}],"wp:term":[{"taxonomy":"category","embeddable":true,"href":"https:\/\/bibliotheque-sfpe-at.com\/index.php\/wp-json\/wp\/v2\/categories?post=3615"},{"taxonomy":"post_tag","embeddable":true,"href":"https:\/\/bibliotheque-sfpe-at.com\/index.php\/wp-json\/wp\/v2\/tags?post=3615"}],"curies":[{"name":"wp","href":"https:\/\/api.w.org\/{rel}","templated":true}]}}