{"id":3617,"date":"2025-01-22T13:31:22","date_gmt":"2025-01-22T12:31:22","guid":{"rendered":"https:\/\/sfpe-at.com\/?p=3617"},"modified":"2025-03-24T19:22:26","modified_gmt":"2025-03-24T18:22:26","slug":"finalite-et-destin-des-creations-en-milieu-psychiatrique","status":"publish","type":"post","link":"https:\/\/bibliotheque-sfpe-at.com\/index.php\/2025\/01\/22\/finalite-et-destin-des-creations-en-milieu-psychiatrique\/","title":{"rendered":"Finalit\u00e9 et destin des cr\u00e9ations en milieu psychiatrique"},"content":{"rendered":"\n<p><\/p>\n\n\n\n<div class=\"wp-block-columns is-layout-flex wp-container-core-columns-is-layout-28f84493 wp-block-columns-is-layout-flex\">\n<div class=\"wp-block-column is-layout-flow wp-block-column-is-layout-flow\" style=\"flex-basis:66.66%\">\n<p><em>\u00ab Le mieux c\u2019est que \u00e7a reste entre nous\u2026 apr\u00e8s\u2026 on verra\u2026 \u00bb<\/em><br>Pascale<br>L\u2019existence d\u2019un atelier de libre expression en milieu psychiatrique ne saurait \u00e9viter la question essentielle de la compatibilit\u00e9 entre deux ordres de consid\u00e9rations divergentes.<br>Le premier concerne les conceptions et principes fondamentaux du fonctionnement de cette activit\u00e9, ses objectifs \u00e0 vis\u00e9e essentiellement th\u00e9rapeutique, les engagements qu\u2019elle suppose vis-\u00e0-vis des patients ainsi que les exigences \u00e9thiques et d\u00e9ontologiques qu\u2019elle requiert.<br>Le second se rapporte \u00e0 la sortie des \u0153uvres hors du lieu ayant fond\u00e9 la valeur et le sens de leur \u00e9laboration pour leur importation dans des espaces publics s\u2019ouvrant parfois sur la recherche, mais le plus souvent d\u00e9volus \u00e0 des fins d\u2019exposition, de divulgation voire de commercialisation.<br>Comment transmettre une \u0153uvre en l\u2019arrachant \u00e0 l\u2019exp\u00e9rience v\u00e9cue de sa mise au monde ? Comment la pr\u00e9server et lui rendre hommage tout en respectant la volont\u00e9 actuelle de l\u2019auteur ou celle exprim\u00e9e de son vivant ?<br>La remarque de Pascale A. concernant l\u2019activit\u00e9 en elle-m\u00eame et le devenir des productions rejoint l\u2019opinion, formul\u00e9e explicitement par les participants ou demeurant implicite, selon laquelle l\u2019essentiel est ce qui se passe hic et nunc, qui ne saurait \u00eatre confondu avec l\u2019objet produit. Inscrire \u00e0 son origine l&rsquo;\u00e9lan cr\u00e9ateur dans une direction, lui d\u00e9finir un but, c\u2019est d\u00e9naturer, voire st\u00e9riliser sa nature spontan\u00e9e. Et apr\u00e8s\u2026? Apr\u00e8s, reste \u00e0 nous en d\u00e9brouiller\u2026<\/p>\n\n\n\n<p class=\"has-text-color has-link-color wp-elements-0c5dd61414d2cb4c88e3596780dedeb0\" style=\"color:#2753a5\"><strong><em>Pour lire le texte complet <a href=\"\/index.php\/options-dinscription\/\"><mark style=\"background-color:rgba(0, 0, 0, 0)\" class=\"has-inline-color has-vivid-cyan-blue-color\">s&rsquo;inscrire<\/mark><\/a> ou <a href=\"\/index.php\/my-account\/edit-account\/\"><mark style=\"background-color:rgba(0, 0, 0, 0)\" class=\"has-inline-color has-vivid-cyan-blue-color\">se connecter<\/mark><\/a><\/em><\/strong><\/p>\n\n\n\n\n\n<div style=\"height:100px\" aria-hidden=\"true\" class=\"wp-block-spacer\"><\/div>\n\n\n\n<div class=\"wp-block-buttons is-content-justification-center is-layout-flex wp-container-core-buttons-is-layout-a89b3969 wp-block-buttons-is-layout-flex\">\n<div class=\"wp-block-button has-custom-font-size has-small-font-size\"><a class=\"wp-block-button__link has-vivid-red-background-color has-background wp-element-button\" href=\"\/index.php\/2025\/01\/22\/crees-en-milieu-psychiatrique-des-objets-en-instance\/\">&lt;&#8211; retour<\/a><\/div>\n<\/div>\n<\/div>\n\n\n\n<div class=\"wp-block-column is-layout-flow wp-block-column-is-layout-flow\" style=\"flex-basis:33.33%\">\n<figure class=\"wp-block-table\"><table class=\"has-background\" style=\"background-color:#f8f2f2\"><thead><tr><th><mark class=\"has-inline-color has-vivid-red-color\" style=\"background-color: rgba(0, 0, 0, 0);\"><strong>Auteur<\/strong><\/mark><\/th><\/tr><\/thead><tbody><tr><td><strong>Michel Ternoy<br>Jean-Marie Barth\u00e9l\u00e9my<\/strong><\/td><\/tr><\/tbody><\/table><\/figure>\n\n\n\n<figure class=\"wp-block-table\"><table><thead><tr><th><mark class=\"has-inline-color has-vivid-red-color\" style=\"background-color: rgba(0, 0, 0, 0);\"><strong>R\u00e9f\u00e9rence<\/strong><\/mark><\/th><\/tr><\/thead><tbody><tr><td><strong>RA013-13<\/strong><br><strong>Cr\u00e9\u00e9s en milieu psychiatrique : des objets en instance ?<\/strong><br>Journ\u00e9es de Printemps 2019<\/td><\/tr><\/tbody><\/table><\/figure>\n\n\n\n<figure class=\"wp-block-table\"><table><thead><tr><th><mark class=\"has-inline-color has-vivid-red-color\" style=\"background-color: rgba(0, 0, 0, 0);\"><strong>Cat\u00e9gories<\/strong><\/mark><\/th><\/tr><\/thead><tbody><tr><td>Art-th\u00e9rapie<br>Dessin<br>Peinture<br>Dispositif de m\u00e9diation<br>\u00c9thique<\/td><\/tr><\/tbody><\/table><\/figure>\n<\/div>\n<\/div>\n","protected":false},"excerpt":{"rendered":"<p>\u00ab Le mieux c\u2019est que \u00e7a reste entre nous\u2026 apr\u00e8s\u2026 on verra\u2026 \u00bbPascaleL\u2019existence d\u2019un atelier de libre expression en milieu psychiatrique ne saurait \u00e9viter la question essentielle de la compatibilit\u00e9 entre deux ordres de consid\u00e9rations divergentes.Le premier concerne les conceptions et principes fondamentaux du fonctionnement de cette activit\u00e9, ses objectifs&hellip;<\/p>\n","protected":false},"author":2,"featured_media":0,"comment_status":"closed","ping_status":"open","sticky":false,"template":"","format":"standard","meta":{"pmpro_default_level":"","ngg_post_thumbnail":0,"footnotes":""},"categories":[31,790],"tags":[492,778,508,505,502,484,807],"class_list":["post-3617","post","type-post","status-publish","format-standard","hentry","category-barthelemy-jean-marie","category-ternoy-michel","tag-art-therapie","tag-crees-en-milieu-psychiatrique-des-objets-en-instance","tag-dessin","tag-dispositif-de-mediation","tag-ethique","tag-peinture","tag-ra013-13","pmpro-has-access"],"_links":{"self":[{"href":"https:\/\/bibliotheque-sfpe-at.com\/index.php\/wp-json\/wp\/v2\/posts\/3617","targetHints":{"allow":["GET"]}}],"collection":[{"href":"https:\/\/bibliotheque-sfpe-at.com\/index.php\/wp-json\/wp\/v2\/posts"}],"about":[{"href":"https:\/\/bibliotheque-sfpe-at.com\/index.php\/wp-json\/wp\/v2\/types\/post"}],"author":[{"embeddable":true,"href":"https:\/\/bibliotheque-sfpe-at.com\/index.php\/wp-json\/wp\/v2\/users\/2"}],"replies":[{"embeddable":true,"href":"https:\/\/bibliotheque-sfpe-at.com\/index.php\/wp-json\/wp\/v2\/comments?post=3617"}],"version-history":[{"count":2,"href":"https:\/\/bibliotheque-sfpe-at.com\/index.php\/wp-json\/wp\/v2\/posts\/3617\/revisions"}],"predecessor-version":[{"id":4683,"href":"https:\/\/bibliotheque-sfpe-at.com\/index.php\/wp-json\/wp\/v2\/posts\/3617\/revisions\/4683"}],"wp:attachment":[{"href":"https:\/\/bibliotheque-sfpe-at.com\/index.php\/wp-json\/wp\/v2\/media?parent=3617"}],"wp:term":[{"taxonomy":"category","embeddable":true,"href":"https:\/\/bibliotheque-sfpe-at.com\/index.php\/wp-json\/wp\/v2\/categories?post=3617"},{"taxonomy":"post_tag","embeddable":true,"href":"https:\/\/bibliotheque-sfpe-at.com\/index.php\/wp-json\/wp\/v2\/tags?post=3617"}],"curies":[{"name":"wp","href":"https:\/\/api.w.org\/{rel}","templated":true}]}}