{"id":3619,"date":"2025-01-22T13:34:04","date_gmt":"2025-01-22T12:34:04","guid":{"rendered":"https:\/\/sfpe-at.com\/?p=3619"},"modified":"2025-03-24T19:23:00","modified_gmt":"2025-03-24T18:23:00","slug":"creations-en-psychiatrie-une-existence-temporelle-a-part","status":"publish","type":"post","link":"https:\/\/bibliotheque-sfpe-at.com\/index.php\/2025\/01\/22\/creations-en-psychiatrie-une-existence-temporelle-a-part\/","title":{"rendered":"Cr\u00e9ations en psychiatrie\u00a0: une existence temporelle \u00e0 part"},"content":{"rendered":"\n<p><\/p>\n\n\n\n<div class=\"wp-block-columns is-layout-flex wp-container-core-columns-is-layout-28f84493 wp-block-columns-is-layout-flex\">\n<div class=\"wp-block-column is-layout-flow wp-block-column-is-layout-flow\" style=\"flex-basis:66.66%\">\n<p>Ces objets d\u00e9pos\u00e9s dans des asiles \u2014 asile que l\u2019on entend dans sa d\u00e9finition la plus pleine et exon\u00e9r\u00e9 de l\u2019imaginaire claustral qu\u2019il recouvre, l\u2019asile comme refuge qui fait rep\u00e8re en p\u00e9riode d\u2019exil psychique, l\u2019asile comme lieu de d\u00e9p\u00f4t de soi \u2014 font figures d\u2019un pr\u00e9sent qui ne passe pas.<br>Parmi les cr\u00e9ateurs en milieu psychiatrique, ceux de l\u2019Art Brut font date et ce pr\u00e9sent incessamment actuel initie bien souvent le geste artistique des cr\u00e9ateurs. Cette permanente actualit\u00e9 du pr\u00e9sent est celle dans laquelle vivent les amours toujours naissantes et qui ne cessent de fleurir l\u2019\u0153uvre d\u2019Alo\u00efse ; il est celui de l\u2019impossibilit\u00e9 de la perte v\u00e9cue par la cr\u00e9atrice de la robe de Bonneval dont l\u2019id\u00e9e d\u2019une retrouvaille avec son mari d\u00e9funt prend corps dans la r\u00e9alisation de son ouvrage textile ; il est celui du syncr\u00e9tisme esth\u00e9tique et psychique v\u00e9cu dans le d\u00e9lire de certains auteurs.<br>Cette actualit\u00e9 du pr\u00e9sent pathologique fait des productions d\u2019Art Brut des cr\u00e9ations \u00e0 l\u2019\u0153uvre, dont la monstration de l\u2019objet cr\u00e9\u00e9 les arrache \u00e0 leur processus de r\u00e9alisation jamais totalement clos sur lui-m\u00eame plut\u00f4t que de cr\u00e9ations mises en \u0153uvre, c\u2019est-\u00e0-dire pens\u00e9es pour devenir \u0153uvre expos\u00e9e, adress\u00e9e relevant \u00e0 la fois d\u2019un propos intellectualis\u00e9 de l\u2019artiste et ouverte au champ discursif de la critique.<br>Cette impossible cl\u00f4ture temporelle rend d\u2019autant plus ind\u00e9finissable la qualit\u00e9 de l\u2019objet cr\u00e9\u00e9 et la mani\u00e8re de se saisir de son existence, en effet, quel espace d\u2019accueil, quel champ de visibilit\u00e9 pour des objets hors-temps ? Notre r\u00e9flexion sera parcourue d\u2019\u0153uvres issues de la Collection de Dubuffet mais \u00e9galement d\u2019\u0153uvres issues d\u2019ateliers d\u2019art-th\u00e9rapie afin d\u2019entrevoir la cr\u00e9ation en milieu psychiatrique sur un temps long et renouvel\u00e9.<\/p>\n\n\n\n<p class=\"has-text-color has-link-color wp-elements-0c5dd61414d2cb4c88e3596780dedeb0\" style=\"color:#2753a5\"><strong><em>Pour lire le texte complet <a href=\"\/index.php\/options-dinscription\/\"><mark style=\"background-color:rgba(0, 0, 0, 0)\" class=\"has-inline-color has-vivid-cyan-blue-color\">s&rsquo;inscrire<\/mark><\/a> ou <a href=\"\/index.php\/my-account\/edit-account\/\"><mark style=\"background-color:rgba(0, 0, 0, 0)\" class=\"has-inline-color has-vivid-cyan-blue-color\">se connecter<\/mark><\/a><\/em><\/strong><\/p>\n\n\n\n\n\n<div style=\"height:100px\" aria-hidden=\"true\" class=\"wp-block-spacer\"><\/div>\n\n\n\n<div class=\"wp-block-buttons is-content-justification-center is-layout-flex wp-container-core-buttons-is-layout-a89b3969 wp-block-buttons-is-layout-flex\">\n<div class=\"wp-block-button has-custom-font-size has-small-font-size\"><a class=\"wp-block-button__link has-vivid-red-background-color has-background wp-element-button\" href=\"\/index.php\/2025\/01\/22\/crees-en-milieu-psychiatrique-des-objets-en-instance\/\">&lt;&#8211; retour<\/a><\/div>\n<\/div>\n<\/div>\n\n\n\n<div class=\"wp-block-column is-layout-flow wp-block-column-is-layout-flow\" style=\"flex-basis:33.33%\">\n<figure class=\"wp-block-table\"><table class=\"has-background\" style=\"background-color:#f8f2f2\"><thead><tr><th><mark class=\"has-inline-color has-vivid-red-color\" style=\"background-color: rgba(0, 0, 0, 0);\"><strong>Auteur<\/strong><\/mark><\/th><\/tr><\/thead><tbody><tr><td><strong>Flavie Beuvin<\/strong><\/td><\/tr><\/tbody><\/table><\/figure>\n\n\n\n<figure class=\"wp-block-table\"><table><thead><tr><th><mark class=\"has-inline-color has-vivid-red-color\" style=\"background-color: rgba(0, 0, 0, 0);\"><strong>R\u00e9f\u00e9rence<\/strong><\/mark><\/th><\/tr><\/thead><tbody><tr><td><strong>RA013-13<\/strong><br><strong>Cr\u00e9\u00e9s en milieu psychiatrique : des objets en instance ?<\/strong><br>Journ\u00e9es de Printemps 2019<\/td><\/tr><\/tbody><\/table><\/figure>\n\n\n\n<figure class=\"wp-block-table\"><table><thead><tr><th><mark class=\"has-inline-color has-vivid-red-color\" style=\"background-color: rgba(0, 0, 0, 0);\"><strong>Cat\u00e9gories<\/strong><\/mark><\/th><\/tr><\/thead><tbody><tr><td>Ph\u00e9nom\u00e9nologie<br>Psychopathologie de l\u2019expression<br>Peinture<br>Art textile<br>Cas clinique<\/td><\/tr><\/tbody><\/table><\/figure>\n<\/div>\n<\/div>\n","protected":false},"excerpt":{"rendered":"<p>Ces objets d\u00e9pos\u00e9s dans des asiles \u2014 asile que l\u2019on entend dans sa d\u00e9finition la plus pleine et exon\u00e9r\u00e9 de l\u2019imaginaire claustral qu\u2019il recouvre, l\u2019asile comme refuge qui fait rep\u00e8re en p\u00e9riode d\u2019exil psychique, l\u2019asile comme lieu de d\u00e9p\u00f4t de soi \u2014 font figures d\u2019un pr\u00e9sent qui ne passe pas.Parmi&hellip;<\/p>\n","protected":false},"author":2,"featured_media":0,"comment_status":"closed","ping_status":"open","sticky":false,"template":"","format":"standard","meta":{"pmpro_default_level":"","ngg_post_thumbnail":0,"footnotes":""},"categories":[478],"tags":[781,778,493,484,486,488,808],"class_list":["post-3619","post","type-post","status-publish","format-standard","hentry","category-beuvin-flavie","tag-art-textile","tag-crees-en-milieu-psychiatrique-des-objets-en-instance","tag-cas-clinique","tag-peinture","tag-phenomenologie","tag-psychopathologie-de-lexpression","tag-ra013-14","pmpro-has-access"],"_links":{"self":[{"href":"https:\/\/bibliotheque-sfpe-at.com\/index.php\/wp-json\/wp\/v2\/posts\/3619","targetHints":{"allow":["GET"]}}],"collection":[{"href":"https:\/\/bibliotheque-sfpe-at.com\/index.php\/wp-json\/wp\/v2\/posts"}],"about":[{"href":"https:\/\/bibliotheque-sfpe-at.com\/index.php\/wp-json\/wp\/v2\/types\/post"}],"author":[{"embeddable":true,"href":"https:\/\/bibliotheque-sfpe-at.com\/index.php\/wp-json\/wp\/v2\/users\/2"}],"replies":[{"embeddable":true,"href":"https:\/\/bibliotheque-sfpe-at.com\/index.php\/wp-json\/wp\/v2\/comments?post=3619"}],"version-history":[{"count":2,"href":"https:\/\/bibliotheque-sfpe-at.com\/index.php\/wp-json\/wp\/v2\/posts\/3619\/revisions"}],"predecessor-version":[{"id":4684,"href":"https:\/\/bibliotheque-sfpe-at.com\/index.php\/wp-json\/wp\/v2\/posts\/3619\/revisions\/4684"}],"wp:attachment":[{"href":"https:\/\/bibliotheque-sfpe-at.com\/index.php\/wp-json\/wp\/v2\/media?parent=3619"}],"wp:term":[{"taxonomy":"category","embeddable":true,"href":"https:\/\/bibliotheque-sfpe-at.com\/index.php\/wp-json\/wp\/v2\/categories?post=3619"},{"taxonomy":"post_tag","embeddable":true,"href":"https:\/\/bibliotheque-sfpe-at.com\/index.php\/wp-json\/wp\/v2\/tags?post=3619"}],"curies":[{"name":"wp","href":"https:\/\/api.w.org\/{rel}","templated":true}]}}