{"id":3621,"date":"2025-01-22T13:36:56","date_gmt":"2025-01-22T12:36:56","guid":{"rendered":"https:\/\/sfpe-at.com\/?p=3621"},"modified":"2025-03-24T19:23:30","modified_gmt":"2025-03-24T18:23:30","slug":"memento-sur-les-aspects-legislatifs-et-museologiques-des-oeuvres-en-art-therapie","status":"publish","type":"post","link":"https:\/\/bibliotheque-sfpe-at.com\/index.php\/2025\/01\/22\/memento-sur-les-aspects-legislatifs-et-museologiques-des-oeuvres-en-art-therapie\/","title":{"rendered":"M\u00e9mento sur les aspects l\u00e9gislatifs et mus\u00e9ologiques des \u0153uvres en art-th\u00e9rapie"},"content":{"rendered":"\n<p><\/p>\n\n\n\n<div class=\"wp-block-columns is-layout-flex wp-container-core-columns-is-layout-28f84493 wp-block-columns-is-layout-flex\">\n<div class=\"wp-block-column is-layout-flow wp-block-column-is-layout-flow\" style=\"flex-basis:66.66%\">\n<p>La conservation des productions en art-th\u00e9rapie est devenue un probl\u00e8me au fil de leur accumulation depuis des ann\u00e9es, avec le roulement des animateurs, la transformation ou la suppression des ateliers, selon les contextes locaux \u00e9conomiques et architecturaux, dans le sanitaire comme dans le m\u00e9dico-social.<br>Faut-il seulement conserver, selon quels objectifs de l\u2019A-T ?<br>En position pragmatique, force est de constater le hiatus entre droit d\u2019auteur, de la personne, du malade, et le fonctionnement institutionnel habituel, qui poss\u00e8de quoi ?<br>Pourtant la conservation peut avoir des int\u00e9r\u00eats en sant\u00e9 mentale et pour la recherche, clinique ou esth\u00e9tique.<br>Cependant, l\u2019exemple des collections des ali\u00e9nistes n\u2019est pas satisfaisante car biais\u00e9e par la chronicisation oblig\u00e9e de l\u2019\u00e8re pr\u00e9th\u00e9rapeutique, l\u2019institutionnalisation mus\u00e9ale ne sera pas v\u00e9cue comme les expositions \u00e9ph\u00e9m\u00e8res, le consentement dans notre sp\u00e9cialit\u00e9 pose des probl\u00e8mes, quels crit\u00e8res pour quels experts ?<br>Bien d\u2019autres questions peuvent se poser \u00e0 nous, mais d\u2019autres r\u00e9alit\u00e9s nous d\u00e9passent d\u00e9j\u00e0. Le double circuit des productions qui s\u2019est mis en place, celui du soin avec ses r\u00e8gles d\u00e9ontologiques, et celui hors soin de la r\u00e9insertion et du march\u00e9 qui en sont d\u00e9li\u00e9s. Comment se situer au regard de l\u2019\u00e9thique quand on observe leurs diff\u00e9rences de fonctionnement et comment \u00e9voluer \u00e0 partir de ces constats ?<br>Mus\u00e9ologie et sc\u00e9nographie :<br>Un \u00e9l\u00e9ment de r\u00e9flexion en parall\u00e8le : les sc\u00e9nographies des diff\u00e9rents lieux d&rsquo;Art Brut, du noir de Lausanne au blanc contemporain de Porto-San Joao De Madeira, des am\u00e9nagements intra-hospitaliers de Gand-Dr Guislain \u00e0 Heidelberg ou au Mahhsa, des mus\u00e9es de m\u00e9decine de Bologne ou de Montpellier, ou du mus\u00e9e de la folie \u00e0 San Servolo \u00e0 Venise, des lieux patrimoniaux comme l&rsquo;Abbaye de Sainte-Croix aux Sables d&rsquo;OIonne ou celle de Beaulieu-en-Rouergue, ou encore la Halle St Pierre, ou le Madmus\u00e9e ou Art en marge \u00e0 Bruxelles, ou des lieux d&rsquo;exploitation comme Gugging ou les galeries. \u00c0 voir aussi le Bethlam Hospital \u00e0 Londres et le Folk aux Etats-Unis. Tout doit \u00eatre r\u00e9fl\u00e9chi, cadre, site, objectifs.<\/p>\n\n\n\n<p class=\"has-text-color has-link-color wp-elements-0c5dd61414d2cb4c88e3596780dedeb0\" style=\"color:#2753a5\"><strong><em>Pour lire le texte complet <a href=\"\/index.php\/options-dinscription\/\"><mark style=\"background-color:rgba(0, 0, 0, 0)\" class=\"has-inline-color has-vivid-cyan-blue-color\">s&rsquo;inscrire<\/mark><\/a> ou <a href=\"\/index.php\/my-account\/edit-account\/\"><mark style=\"background-color:rgba(0, 0, 0, 0)\" class=\"has-inline-color has-vivid-cyan-blue-color\">se connecter<\/mark><\/a><\/em><\/strong><\/p>\n\n\n\n\n\n<div style=\"height:100px\" aria-hidden=\"true\" class=\"wp-block-spacer\"><\/div>\n\n\n\n<div class=\"wp-block-buttons is-content-justification-center is-layout-flex wp-container-core-buttons-is-layout-a89b3969 wp-block-buttons-is-layout-flex\">\n<div class=\"wp-block-button has-custom-font-size has-small-font-size\"><a class=\"wp-block-button__link has-vivid-red-background-color has-background wp-element-button\" href=\"\/index.php\/2025\/01\/22\/crees-en-milieu-psychiatrique-des-objets-en-instance\/\">&lt;&#8211; retour<\/a><\/div>\n<\/div>\n<\/div>\n\n\n\n<div class=\"wp-block-column is-layout-flow wp-block-column-is-layout-flow\" style=\"flex-basis:33.33%\">\n<figure class=\"wp-block-table\"><table class=\"has-background\" style=\"background-color:#f8f2f2\"><thead><tr><th><mark class=\"has-inline-color has-vivid-red-color\" style=\"background-color: rgba(0, 0, 0, 0);\"><strong>Auteur<\/strong><\/mark><\/th><\/tr><\/thead><tbody><tr><td><strong>Fran\u00e7ois Granier<\/strong><\/td><\/tr><\/tbody><\/table><\/figure>\n\n\n\n<figure class=\"wp-block-table\"><table><thead><tr><th><mark class=\"has-inline-color has-vivid-red-color\" style=\"background-color: rgba(0, 0, 0, 0);\"><strong>R\u00e9f\u00e9rence<\/strong><\/mark><\/th><\/tr><\/thead><tbody><tr><td><strong>RA013-15<\/strong><br><strong>Cr\u00e9\u00e9s en milieu psychiatrique : des objets en instance ?<\/strong><br>Journ\u00e9es de Printemps 2019<\/td><\/tr><\/tbody><\/table><\/figure>\n\n\n\n<figure class=\"wp-block-table\"><table><thead><tr><th><mark class=\"has-inline-color has-vivid-red-color\" style=\"background-color: rgba(0, 0, 0, 0);\"><strong>Cat\u00e9gories<\/strong><\/mark><\/th><\/tr><\/thead><tbody><tr><td>Mus\u00e9e, exposition, spectacle<br>Art-th\u00e9rapie<br>Droit<br>\u00c9thique<\/td><\/tr><\/tbody><\/table><\/figure>\n<\/div>\n<\/div>\n","protected":false},"excerpt":{"rendered":"<p>La conservation des productions en art-th\u00e9rapie est devenue un probl\u00e8me au fil de leur accumulation depuis des ann\u00e9es, avec le roulement des animateurs, la transformation ou la suppression des ateliers, selon les contextes locaux \u00e9conomiques et architecturaux, dans le sanitaire comme dans le m\u00e9dico-social.Faut-il seulement conserver, selon quels objectifs de&hellip;<\/p>\n","protected":false},"author":2,"featured_media":0,"comment_status":"closed","ping_status":"open","sticky":false,"template":"","format":"standard","meta":{"pmpro_default_level":"","ngg_post_thumbnail":0,"footnotes":""},"categories":[131],"tags":[492,778,591,502,571,809],"class_list":["post-3621","post","type-post","status-publish","format-standard","hentry","category-granier-francois","tag-art-therapie","tag-crees-en-milieu-psychiatrique-des-objets-en-instance","tag-droit","tag-ethique","tag-musees-expositions-spectacles","tag-ra013-15","pmpro-has-access"],"_links":{"self":[{"href":"https:\/\/bibliotheque-sfpe-at.com\/index.php\/wp-json\/wp\/v2\/posts\/3621","targetHints":{"allow":["GET"]}}],"collection":[{"href":"https:\/\/bibliotheque-sfpe-at.com\/index.php\/wp-json\/wp\/v2\/posts"}],"about":[{"href":"https:\/\/bibliotheque-sfpe-at.com\/index.php\/wp-json\/wp\/v2\/types\/post"}],"author":[{"embeddable":true,"href":"https:\/\/bibliotheque-sfpe-at.com\/index.php\/wp-json\/wp\/v2\/users\/2"}],"replies":[{"embeddable":true,"href":"https:\/\/bibliotheque-sfpe-at.com\/index.php\/wp-json\/wp\/v2\/comments?post=3621"}],"version-history":[{"count":3,"href":"https:\/\/bibliotheque-sfpe-at.com\/index.php\/wp-json\/wp\/v2\/posts\/3621\/revisions"}],"predecessor-version":[{"id":4685,"href":"https:\/\/bibliotheque-sfpe-at.com\/index.php\/wp-json\/wp\/v2\/posts\/3621\/revisions\/4685"}],"wp:attachment":[{"href":"https:\/\/bibliotheque-sfpe-at.com\/index.php\/wp-json\/wp\/v2\/media?parent=3621"}],"wp:term":[{"taxonomy":"category","embeddable":true,"href":"https:\/\/bibliotheque-sfpe-at.com\/index.php\/wp-json\/wp\/v2\/categories?post=3621"},{"taxonomy":"post_tag","embeddable":true,"href":"https:\/\/bibliotheque-sfpe-at.com\/index.php\/wp-json\/wp\/v2\/tags?post=3621"}],"curies":[{"name":"wp","href":"https:\/\/api.w.org\/{rel}","templated":true}]}}