{"id":3626,"date":"2025-01-22T13:43:06","date_gmt":"2025-01-22T12:43:06","guid":{"rendered":"https:\/\/sfpe-at.com\/?p=3626"},"modified":"2025-03-18T23:27:26","modified_gmt":"2025-03-18T22:27:26","slug":"la-construction-penser-un-lieu-dhospitalite","status":"publish","type":"post","link":"https:\/\/bibliotheque-sfpe-at.com\/index.php\/2025\/01\/22\/la-construction-penser-un-lieu-dhospitalite\/","title":{"rendered":"La construction. Penser un lieu d\u2019hospitalit\u00e9"},"content":{"rendered":"\n<p><\/p>\n\n\n\n<div class=\"wp-block-columns is-layout-flex wp-container-core-columns-is-layout-28f84493 wp-block-columns-is-layout-flex\">\n<div class=\"wp-block-column is-layout-flow wp-block-column-is-layout-flow\" style=\"flex-basis:66.66%\">\n<p>La Construction est le journal d\u2019un architecte auquel on vient de confier la r\u00e9alisation d\u2019un asile psychiatrique. Ce livre est publi\u00e9 sous forme d\u2019un plan de 4m20 sur 1 pli\u00e9 dans une bo\u00eete. C\u2019est le lecteur, en pliant et d\u00e9pliant le plan, qui construit le livre. C\u2019est \u00e0 son propre rythme aussi qu\u2019il d\u00e9couvre que l\u2019architecte est enferm\u00e9 dans cet asile qu\u2019il se propose de b\u00e2tir.<br>La Construction est donc un objet cr\u00e9\u00e9 \u00e0 plein temps au sein m\u00eame de l&rsquo;h\u00f4pital ; dans sa cellule, sur les murs, avec cailloux, papier, stylos, avec l\u2019observation des autres, l\u2019architecte construit l&rsquo;h\u00f4pital id\u00e9al : un lieu absolument imaginaire, absolument extraordinaire, absolument r\u00e9el, un lieu qui (le) sauve. Son travail est r\u00e9guli\u00e8rement d\u00e9truit, soit par lui, soit par l&rsquo;h\u00f4pital, et constamment reconstruit par le lecteur et ses gestes.<br>Ma premi\u00e8re r\u00e9f\u00e9rence pour \u00e9crire ce livre f\u00fbt la repr\u00e9sentation par un ali\u00e9n\u00e9 de l\u2019h\u00f4pital o\u00f9 il vivait (dessin expos\u00e9 \u00e0 la Maison Rouge lors de \u00ab L\u2019asile des photographies \u00bb). Je retracerai l\u2019\u00e9laboration de ce livre\/plan chor\u00e9graphique, ses mouvements internes de destruction et de reconstruction qui interrogent la conservation de ces cr\u00e9ations intimes. La part importante de l\u2019iconographie pr\u00e9sente dans le livre permettra aussi de tracer une br\u00e8ve histoire de l\u2019architecture asilaire et de ses tentatives pour permettre la cr\u00e9ation en ses murs.<\/p>\n\n\n\n<p class=\"has-text-color has-link-color wp-elements-0c5dd61414d2cb4c88e3596780dedeb0\" style=\"color:#2753a5\"><strong><em>Pour lire le texte complet <a href=\"\/index.php\/options-dinscription\/\"><mark style=\"background-color:rgba(0, 0, 0, 0)\" class=\"has-inline-color has-vivid-cyan-blue-color\">s&rsquo;inscrire<\/mark><\/a> ou <a href=\"\/index.php\/my-account\/edit-account\/\"><mark style=\"background-color:rgba(0, 0, 0, 0)\" class=\"has-inline-color has-vivid-cyan-blue-color\">se connecter<\/mark><\/a><\/em><\/strong><\/p>\n\n\n\n\n\n<div style=\"height:100px\" aria-hidden=\"true\" class=\"wp-block-spacer\"><\/div>\n\n\n\n<div class=\"wp-block-buttons is-content-justification-center is-layout-flex wp-container-core-buttons-is-layout-a89b3969 wp-block-buttons-is-layout-flex\">\n<div class=\"wp-block-button has-custom-font-size has-small-font-size\"><a class=\"wp-block-button__link has-vivid-red-background-color has-background wp-element-button\" href=\"\/index.php\/2025\/01\/22\/crees-en-milieu-psychiatrique-des-objets-en-instance\/\">&lt;&#8211; retour<\/a><\/div>\n<\/div>\n<\/div>\n\n\n\n<div class=\"wp-block-column is-layout-flow wp-block-column-is-layout-flow\" style=\"flex-basis:33.33%\">\n<figure class=\"wp-block-table\"><table class=\"has-background\" style=\"background-color:#f8f2f2\"><thead><tr><th><mark class=\"has-inline-color has-vivid-red-color\" style=\"background-color: rgba(0, 0, 0, 0);\"><strong>Auteur<\/strong><\/mark><\/th><\/tr><\/thead><tbody><tr><td><strong>Perrine Le Querrec<\/strong><\/td><\/tr><\/tbody><\/table><\/figure>\n\n\n\n<figure class=\"wp-block-table\"><table><thead><tr><th><mark class=\"has-inline-color has-vivid-red-color\" style=\"background-color: rgba(0, 0, 0, 0);\"><strong>R\u00e9f\u00e9rence<\/strong><\/mark><\/th><\/tr><\/thead><tbody><tr><td><strong>RA013-17<\/strong><br><strong>Cr\u00e9\u00e9s en milieu psychiatrique : des objets en instance ?<\/strong><br>Journ\u00e9es de Printemps 2019<\/td><\/tr><\/tbody><\/table><\/figure>\n\n\n\n<figure class=\"wp-block-table\"><table><thead><tr><th><mark class=\"has-inline-color has-vivid-red-color\" style=\"background-color: rgba(0, 0, 0, 0);\"><strong>Cat\u00e9gories<\/strong><\/mark><\/th><\/tr><\/thead><tbody><tr><td>Litt\u00e9rature<br>Architecture<br>Psychiatrie<\/td><\/tr><\/tbody><\/table><\/figure>\n<\/div>\n<\/div>\n","protected":false},"excerpt":{"rendered":"<p>La Construction est le journal d\u2019un architecte auquel on vient de confier la r\u00e9alisation d\u2019un asile psychiatrique. Ce livre est publi\u00e9 sous forme d\u2019un plan de 4m20 sur 1 pli\u00e9 dans une bo\u00eete. C\u2019est le lecteur, en pliant et d\u00e9pliant le plan, qui construit le livre. C\u2019est \u00e0 son propre&hellip;<\/p>\n","protected":false},"author":2,"featured_media":0,"comment_status":"closed","ping_status":"open","sticky":false,"template":"","format":"standard","meta":{"pmpro_default_level":"","ngg_post_thumbnail":0,"footnotes":""},"categories":[179],"tags":[513,778,509,574,811],"class_list":["post-3626","post","type-post","status-publish","format-standard","hentry","category-le-querrec-perrine","tag-architecture","tag-crees-en-milieu-psychiatrique-des-objets-en-instance","tag-litterature","tag-psychiatrie","tag-ra013-17","pmpro-has-access"],"_links":{"self":[{"href":"https:\/\/bibliotheque-sfpe-at.com\/index.php\/wp-json\/wp\/v2\/posts\/3626","targetHints":{"allow":["GET"]}}],"collection":[{"href":"https:\/\/bibliotheque-sfpe-at.com\/index.php\/wp-json\/wp\/v2\/posts"}],"about":[{"href":"https:\/\/bibliotheque-sfpe-at.com\/index.php\/wp-json\/wp\/v2\/types\/post"}],"author":[{"embeddable":true,"href":"https:\/\/bibliotheque-sfpe-at.com\/index.php\/wp-json\/wp\/v2\/users\/2"}],"replies":[{"embeddable":true,"href":"https:\/\/bibliotheque-sfpe-at.com\/index.php\/wp-json\/wp\/v2\/comments?post=3626"}],"version-history":[{"count":2,"href":"https:\/\/bibliotheque-sfpe-at.com\/index.php\/wp-json\/wp\/v2\/posts\/3626\/revisions"}],"predecessor-version":[{"id":4305,"href":"https:\/\/bibliotheque-sfpe-at.com\/index.php\/wp-json\/wp\/v2\/posts\/3626\/revisions\/4305"}],"wp:attachment":[{"href":"https:\/\/bibliotheque-sfpe-at.com\/index.php\/wp-json\/wp\/v2\/media?parent=3626"}],"wp:term":[{"taxonomy":"category","embeddable":true,"href":"https:\/\/bibliotheque-sfpe-at.com\/index.php\/wp-json\/wp\/v2\/categories?post=3626"},{"taxonomy":"post_tag","embeddable":true,"href":"https:\/\/bibliotheque-sfpe-at.com\/index.php\/wp-json\/wp\/v2\/tags?post=3626"}],"curies":[{"name":"wp","href":"https:\/\/api.w.org\/{rel}","templated":true}]}}