{"id":3628,"date":"2025-01-22T13:45:29","date_gmt":"2025-01-22T12:45:29","guid":{"rendered":"https:\/\/sfpe-at.com\/?p=3628"},"modified":"2025-03-24T19:24:57","modified_gmt":"2025-03-24T18:24:57","slug":"pour-une-renaissance-des-anonymes","status":"publish","type":"post","link":"https:\/\/bibliotheque-sfpe-at.com\/index.php\/2025\/01\/22\/pour-une-renaissance-des-anonymes\/","title":{"rendered":"Pour une renaissance des anonymes"},"content":{"rendered":"\n<p><\/p>\n\n\n\n<div class=\"wp-block-columns is-layout-flex wp-container-core-columns-is-layout-28f84493 wp-block-columns-is-layout-flex\">\n<div class=\"wp-block-column is-layout-flow wp-block-column-is-layout-flow\" style=\"flex-basis:66.66%\">\n<p>Durant la pr\u00e9-Renaissance, nombre d\u2019artistes s\u2019effac\u00e8rent devant l\u2019Auteur divin au point de refouler leur patronyme et de voir leurs \u0153uvres surnomm\u00e9es par des historiens d\u2019art \u00e0 partir du sujet trait\u00e9. La d\u00e9finition du sp\u00e9cialiste vint, en baptisant l\u2019\u0153uvre, faire suppl\u00e9ance au nom propre du cr\u00e9ateur, un peu comme le discours m\u00e9dical surnomme le sujet \u00e0 l&rsquo;aide de simples initiales. On fit ainsi peu cas du v\u00e9cu de l&rsquo;artiste \u00e0 l&rsquo;\u00e9gard de ce qui le maintenait dans cette cr\u00e9puscularisation sociale.<br>Cette exclusion larv\u00e9e avance masqu\u00e9e y compris en nos art-th\u00e9rapies quand le sujet de l\u2019\u0153uvre se substitue au sujet \u00e0 l\u2019\u0153uvre et qu\u2019elles d\u00e9voilent ainsi leur point de solidarit\u00e9 entre la d\u00e9votion du pr\u00e9-renaissant et celle du patient psychotique qui, dans une forme d\u2019automutilation identitaire, gomme son nom propre de l\u2019\u0153uvre qu\u2019il d\u00e9pose sur l\u2019autel d\u2019un dieu obscur. L\u2019institution peut \u2014 sans le savoir \u2014 en prendre le visage lorsqu\u2019elle soumet les productions des patients \u00e0 une m\u00eame violence, que ce soit celle de la r\u00e9tention, de l\u2019assignation \u00e0 r\u00e9sidence, ou celle de l\u2019expulsion, voire de la destruction.<br>Il serait bon de penser un lieu d&rsquo;accueil o\u00f9 les productions cessent d&rsquo;osciller, comme le sujet psychotique lui-m\u00eame, de tr\u00e9sor \u00e0 d\u00e9chet. Ce serait le r\u00f4le d\u2019un mus\u00e9e o\u00f9 historiens de l&rsquo;art et autres sp\u00e9cialistes, r\u00e9unis dans une recherche permettant de mieux comprendre les processus de cr\u00e9ation, travailleraient \u00e0 la renaissance des anonymes \u00ab d\u00e9senferm\u00e9s \u00bb en surnommant leurs \u0153uvres pour qu&rsquo;elles trouvent une v\u00e9ritable place dans le Symbolique et pour ne pas oublier qu\u2019elles ne sont pas tomb\u00e9es du ciel.<\/p>\n\n\n\n<p class=\"has-text-color has-link-color wp-elements-0c5dd61414d2cb4c88e3596780dedeb0\" style=\"color:#2753a5\"><strong><em>Pour lire le texte complet <a href=\"\/index.php\/options-dinscription\/\"><mark style=\"background-color:rgba(0, 0, 0, 0)\" class=\"has-inline-color has-vivid-cyan-blue-color\">s&rsquo;inscrire<\/mark><\/a> ou <a href=\"\/index.php\/my-account\/edit-account\/\"><mark style=\"background-color:rgba(0, 0, 0, 0)\" class=\"has-inline-color has-vivid-cyan-blue-color\">se connecter<\/mark><\/a><\/em><\/strong><\/p>\n\n\n\n\n\n<div style=\"height:100px\" aria-hidden=\"true\" class=\"wp-block-spacer\"><\/div>\n\n\n\n<div class=\"wp-block-buttons is-content-justification-center is-layout-flex wp-container-core-buttons-is-layout-a89b3969 wp-block-buttons-is-layout-flex\">\n<div class=\"wp-block-button has-custom-font-size has-small-font-size\"><a class=\"wp-block-button__link has-vivid-red-background-color has-background wp-element-button\" href=\"\/index.php\/2025\/01\/22\/crees-en-milieu-psychiatrique-des-objets-en-instance\/\">&lt;&#8211; retour<\/a><\/div>\n<\/div>\n<\/div>\n\n\n\n<div class=\"wp-block-column is-layout-flow wp-block-column-is-layout-flow\" style=\"flex-basis:33.33%\">\n<figure class=\"wp-block-table\"><table class=\"has-background\" style=\"background-color:#f8f2f2\"><thead><tr><th><mark class=\"has-inline-color has-vivid-red-color\" style=\"background-color: rgba(0, 0, 0, 0);\"><strong>Auteur<\/strong><\/mark><\/th><\/tr><\/thead><tbody><tr><td><strong>Jean-Pierre Royol<\/strong><\/td><\/tr><\/tbody><\/table><\/figure>\n\n\n\n<figure class=\"wp-block-table\"><table><thead><tr><th><mark class=\"has-inline-color has-vivid-red-color\" style=\"background-color: rgba(0, 0, 0, 0);\"><strong>R\u00e9f\u00e9rence<\/strong><\/mark><\/th><\/tr><\/thead><tbody><tr><td><strong>RA013-18<\/strong><br><strong>Cr\u00e9\u00e9s en milieu psychiatrique : des objets en instance ?<\/strong><br>Journ\u00e9es de Printemps 2019<\/td><\/tr><\/tbody><\/table><\/figure>\n\n\n\n<figure class=\"wp-block-table\"><table><thead><tr><th><mark class=\"has-inline-color has-vivid-red-color\" style=\"background-color: rgba(0, 0, 0, 0);\"><strong>Cat\u00e9gories<\/strong><\/mark><\/th><\/tr><\/thead><tbody><tr><td>Histoire<br>Psychiatrie<br>Psychanalyse<br>\u00c9thique<\/td><\/tr><\/tbody><\/table><\/figure>\n<\/div>\n<\/div>\n","protected":false},"excerpt":{"rendered":"<p>Durant la pr\u00e9-Renaissance, nombre d\u2019artistes s\u2019effac\u00e8rent devant l\u2019Auteur divin au point de refouler leur patronyme et de voir leurs \u0153uvres surnomm\u00e9es par des historiens d\u2019art \u00e0 partir du sujet trait\u00e9. La d\u00e9finition du sp\u00e9cialiste vint, en baptisant l\u2019\u0153uvre, faire suppl\u00e9ance au nom propre du cr\u00e9ateur, un peu comme le discours&hellip;<\/p>\n","protected":false},"author":2,"featured_media":0,"comment_status":"closed","ping_status":"open","sticky":false,"template":"","format":"standard","meta":{"pmpro_default_level":"","ngg_post_thumbnail":0,"footnotes":""},"categories":[83],"tags":[778,502,575,494,574,812],"class_list":["post-3628","post","type-post","status-publish","format-standard","hentry","category-royol-jean-pierre","tag-crees-en-milieu-psychiatrique-des-objets-en-instance","tag-ethique","tag-histoire","tag-psychanalyse","tag-psychiatrie","tag-ra013-18","pmpro-has-access"],"_links":{"self":[{"href":"https:\/\/bibliotheque-sfpe-at.com\/index.php\/wp-json\/wp\/v2\/posts\/3628","targetHints":{"allow":["GET"]}}],"collection":[{"href":"https:\/\/bibliotheque-sfpe-at.com\/index.php\/wp-json\/wp\/v2\/posts"}],"about":[{"href":"https:\/\/bibliotheque-sfpe-at.com\/index.php\/wp-json\/wp\/v2\/types\/post"}],"author":[{"embeddable":true,"href":"https:\/\/bibliotheque-sfpe-at.com\/index.php\/wp-json\/wp\/v2\/users\/2"}],"replies":[{"embeddable":true,"href":"https:\/\/bibliotheque-sfpe-at.com\/index.php\/wp-json\/wp\/v2\/comments?post=3628"}],"version-history":[{"count":2,"href":"https:\/\/bibliotheque-sfpe-at.com\/index.php\/wp-json\/wp\/v2\/posts\/3628\/revisions"}],"predecessor-version":[{"id":4687,"href":"https:\/\/bibliotheque-sfpe-at.com\/index.php\/wp-json\/wp\/v2\/posts\/3628\/revisions\/4687"}],"wp:attachment":[{"href":"https:\/\/bibliotheque-sfpe-at.com\/index.php\/wp-json\/wp\/v2\/media?parent=3628"}],"wp:term":[{"taxonomy":"category","embeddable":true,"href":"https:\/\/bibliotheque-sfpe-at.com\/index.php\/wp-json\/wp\/v2\/categories?post=3628"},{"taxonomy":"post_tag","embeddable":true,"href":"https:\/\/bibliotheque-sfpe-at.com\/index.php\/wp-json\/wp\/v2\/tags?post=3628"}],"curies":[{"name":"wp","href":"https:\/\/api.w.org\/{rel}","templated":true}]}}