{"id":3634,"date":"2025-01-22T13:56:25","date_gmt":"2025-01-22T12:56:25","guid":{"rendered":"https:\/\/sfpe-at.com\/?p=3634"},"modified":"2025-01-22T14:06:52","modified_gmt":"2025-01-22T13:06:52","slug":"presentation-de-deux-films","status":"publish","type":"post","link":"https:\/\/bibliotheque-sfpe-at.com\/index.php\/2025\/01\/22\/presentation-de-deux-films\/","title":{"rendered":"Pr\u00e9sentation de deux films"},"content":{"rendered":"\n<p><\/p>\n\n\n\n<div class=\"wp-block-columns is-layout-flex wp-container-core-columns-is-layout-28f84493 wp-block-columns-is-layout-flex\">\n<div class=\"wp-block-column is-layout-flow wp-block-column-is-layout-flow\" style=\"flex-basis:66.66%\">\n<p><br><strong>Le sous-bois des insens\u00e9s<\/strong><br>Depuis son bureau de la clinique de La Borde, Jean Oury raconte une vie pass\u00e9e \u00e0 accueillir la folie. T\u00e9moignage pr\u00e9cieux d\u2019un des acteurs majeurs de la psychiatrie du xxe si\u00e8cle, ce film nous invite \u00e0 partager la qualit\u00e9 d\u2019une rencontre dont les enjeux exc\u00e8dent de toute part le champ clinique. En nous entra\u00eenant au plus proche d\u2019une connaissance subtile de la psychose, il renvoie chacun \u00e0 une essentielle reconqu\u00eate d\u2019humanit\u00e9.<br>Douceur, humour, r\u00e9voltes et impertinence alternent tout au long de ces entretiens passionnants, tourn\u00e9s peu avant sa mort le 15 mai 2014.<\/p>\n\n\n\n<p><strong>Les heures heureuses<\/strong><br>Entre 1939 et 1945, plus de 40 000 intern\u00e9s sont morts de faim dans les h\u00f4pitaux psychiatriques fran\u00e7ais. Un seul lieu \u00e9chappe \u00e0 cette h\u00e9catombe, l\u2019asile d\u2019un village isol\u00e9 du centre de la France : Saint-Alban-sur-Limagnole.<br>Que s\u2019est-il pass\u00e9, ici et nulle part ailleurs, qui ait fait exception ?<br>La r\u00e9ponse se trouve peut-\u00eatre dans ces quelques heures de films d\u2019amateurs, que j\u2019ai par hasard retrouv\u00e9s et qui, surgissant du pass\u00e9, viennent t\u00e9moigner des mille et une inventions quotidiennes d\u2019un heu de r\u00e9sistance.<\/p>\n\n\n\n\n\n<div style=\"height:100px\" aria-hidden=\"true\" class=\"wp-block-spacer\"><\/div>\n\n\n\n<div class=\"wp-block-buttons is-content-justification-center is-layout-flex wp-container-core-buttons-is-layout-a89b3969 wp-block-buttons-is-layout-flex\">\n<div class=\"wp-block-button has-custom-font-size has-small-font-size\"><a class=\"wp-block-button__link has-vivid-red-background-color has-background wp-element-button\" href=\"\/index.php\/2025\/01\/22\/crees-en-milieu-psychiatrique-des-objets-en-instance\/\">&lt;&#8211; retour<\/a><\/div>\n<\/div>\n<\/div>\n\n\n\n<div class=\"wp-block-column is-layout-flow wp-block-column-is-layout-flow\" style=\"flex-basis:33.33%\">\n<figure class=\"wp-block-table\"><table class=\"has-background\" style=\"background-color:#f8f2f2\"><thead><tr><th><mark class=\"has-inline-color has-vivid-red-color\" style=\"background-color: rgba(0, 0, 0, 0);\"><strong>Auteur<\/strong><\/mark><\/th><\/tr><\/thead><tbody><tr><td><strong>Martine<\/strong> <strong>Deyres <\/strong><\/td><\/tr><\/tbody><\/table><\/figure>\n\n\n\n<figure class=\"wp-block-table\"><table><thead><tr><th><mark class=\"has-inline-color has-vivid-red-color\" style=\"background-color: rgba(0, 0, 0, 0);\"><strong>R\u00e9f\u00e9rence<\/strong><\/mark><\/th><\/tr><\/thead><tbody><tr><td><strong>RA013-21<\/strong><br><strong>Cr\u00e9\u00e9s en milieu psychiatrique : des objets en instance ?<\/strong><br>Journ\u00e9es de Printemps 2019<\/td><\/tr><\/tbody><\/table><\/figure>\n\n\n\n<figure class=\"wp-block-table\"><table><thead><tr><th><mark class=\"has-inline-color has-vivid-red-color\" style=\"background-color: rgba(0, 0, 0, 0);\"><strong>Cat\u00e9gories<\/strong><\/mark><\/th><\/tr><\/thead><tbody><tr><td>Psychiatrie<br>Histoire<br>Cin\u00e9ma<\/td><\/tr><\/tbody><\/table><\/figure>\n<\/div>\n<\/div>\n","protected":false},"excerpt":{"rendered":"<p>Le sous-bois des insens\u00e9sDepuis son bureau de la clinique de La Borde, Jean Oury raconte une vie pass\u00e9e \u00e0 accueillir la folie. T\u00e9moignage pr\u00e9cieux d\u2019un des acteurs majeurs de la psychiatrie du xxe si\u00e8cle, ce film nous invite \u00e0 partager la qualit\u00e9 d\u2019une rencontre dont les enjeux exc\u00e8dent de toute&hellip;<\/p>\n","protected":false},"author":2,"featured_media":0,"comment_status":"closed","ping_status":"open","sticky":false,"template":"","format":"standard","meta":{"pmpro_default_level":"","ngg_post_thumbnail":0,"footnotes":""},"categories":[794],"tags":[510,778,575,574,815],"class_list":["post-3634","post","type-post","status-publish","format-standard","hentry","category-deyres-martine","tag-cinema","tag-crees-en-milieu-psychiatrique-des-objets-en-instance","tag-histoire","tag-psychiatrie","tag-ra013-21","pmpro-has-access"],"_links":{"self":[{"href":"https:\/\/bibliotheque-sfpe-at.com\/index.php\/wp-json\/wp\/v2\/posts\/3634","targetHints":{"allow":["GET"]}}],"collection":[{"href":"https:\/\/bibliotheque-sfpe-at.com\/index.php\/wp-json\/wp\/v2\/posts"}],"about":[{"href":"https:\/\/bibliotheque-sfpe-at.com\/index.php\/wp-json\/wp\/v2\/types\/post"}],"author":[{"embeddable":true,"href":"https:\/\/bibliotheque-sfpe-at.com\/index.php\/wp-json\/wp\/v2\/users\/2"}],"replies":[{"embeddable":true,"href":"https:\/\/bibliotheque-sfpe-at.com\/index.php\/wp-json\/wp\/v2\/comments?post=3634"}],"version-history":[{"count":1,"href":"https:\/\/bibliotheque-sfpe-at.com\/index.php\/wp-json\/wp\/v2\/posts\/3634\/revisions"}],"predecessor-version":[{"id":3635,"href":"https:\/\/bibliotheque-sfpe-at.com\/index.php\/wp-json\/wp\/v2\/posts\/3634\/revisions\/3635"}],"wp:attachment":[{"href":"https:\/\/bibliotheque-sfpe-at.com\/index.php\/wp-json\/wp\/v2\/media?parent=3634"}],"wp:term":[{"taxonomy":"category","embeddable":true,"href":"https:\/\/bibliotheque-sfpe-at.com\/index.php\/wp-json\/wp\/v2\/categories?post=3634"},{"taxonomy":"post_tag","embeddable":true,"href":"https:\/\/bibliotheque-sfpe-at.com\/index.php\/wp-json\/wp\/v2\/tags?post=3634"}],"curies":[{"name":"wp","href":"https:\/\/api.w.org\/{rel}","templated":true}]}}