{"id":3767,"date":"2025-01-24T15:57:52","date_gmt":"2025-01-24T14:57:52","guid":{"rendered":"https:\/\/sfpe-at.com\/?p=3767"},"modified":"2025-03-24T19:42:49","modified_gmt":"2025-03-24T18:42:49","slug":"ratures-et-recommencements","status":"publish","type":"post","link":"https:\/\/bibliotheque-sfpe-at.com\/index.php\/2025\/01\/24\/ratures-et-recommencements\/","title":{"rendered":"Ratures et recommencements"},"content":{"rendered":"\n<div class=\"wp-block-columns is-layout-flex wp-container-core-columns-is-layout-28f84493 wp-block-columns-is-layout-flex\">\n<div class=\"wp-block-column is-layout-flow wp-block-column-is-layout-flow\" style=\"flex-basis:66.66%\">\n<p>La musique fait r\u00eaver et favorise les errances imaginaires \u00e0 travers le temps et l\u2019espace. De ce fait, une forme sp\u00e9ciale de psychoth\u00e9rapie \u00e0 m\u00e9diation artistique, bas\u00e9e sur l\u2019\u00e9criture d\u2019histoires sous induction musicale, suivie d\u2019une \u00e9laboration verbale focalis\u00e9e sur la cr\u00e9ation de sens, peut se montrer propice dans la r\u00e9solution des crises identitaires.<\/p>\n\n\n\n<p>Un projet de recherche portant sur N = 90 sujets avait pour but de comparer les strat\u00e9gies d\u2019\u00e9laboration imaginaire et symbolique rencontr\u00e9es dans les textes, induites par la musique \u00e0 trois moments cruciaux de la qu\u00eate d\u2019identit\u00e9 : l\u2019adolescence, l\u2019\u00e2ge adulte moyen, l\u2019\u00e2ge adulte avanc\u00e9.<\/p>\n\n\n\n<p>Des illustrations cliniques documentent diff\u00e9rents types d\u2019errances imaginaires rencontr\u00e9es dans les histoires.<\/p>\n\n\n\n<p>Les r\u00e9sultats de l\u2019\u00e9tude montrent l\u2019int\u00e9r\u00eat de ce type de psychoth\u00e9rapie int\u00e9gr\u00e9e dans la prise en charge pr\u00e9ventive et curative des avatars de la qu\u00eate d\u2019identit\u00e9.<\/p>\n\n\n\n<p class=\"has-text-color has-link-color wp-elements-0c5dd61414d2cb4c88e3596780dedeb0\" style=\"color:#2753a5\"><strong><em>Pour lire le texte complet <a href=\"\/index.php\/options-dinscription\/\"><mark style=\"background-color:rgba(0, 0, 0, 0)\" class=\"has-inline-color has-vivid-cyan-blue-color\">s&rsquo;inscrire<\/mark><\/a> ou <a href=\"\/index.php\/my-account\/edit-account\/\"><mark style=\"background-color:rgba(0, 0, 0, 0)\" class=\"has-inline-color has-vivid-cyan-blue-color\">se connecter<\/mark><\/a><\/em><\/strong><\/p>\n\n\n\n\n\n<div style=\"height:100px\" aria-hidden=\"true\" class=\"wp-block-spacer\"><\/div>\n\n\n\n<div class=\"wp-block-buttons is-content-justification-center is-layout-flex wp-container-core-buttons-is-layout-a89b3969 wp-block-buttons-is-layout-flex\">\n<div class=\"wp-block-button has-custom-font-size is-style-fill has-small-font-size\"><a class=\"wp-block-button__link has-vivid-red-background-color has-background wp-element-button\" href=\"\/index.php\/2021\/03\/22\/errances\/\">&lt;&#8211;retour<\/a><\/div>\n<\/div>\n<\/div>\n\n\n\n<div class=\"wp-block-column is-layout-flow wp-block-column-is-layout-flow\" style=\"flex-basis:33.33%\">\n<figure class=\"wp-block-table\"><table class=\"has-background\" style=\"background-color:#f8f2f2\"><thead><tr><th><mark class=\"has-inline-color has-vivid-red-color\" style=\"background-color: rgba(0, 0, 0, 0);\"><strong>Auteur<\/strong><\/mark><\/th><\/tr><\/thead><tbody><tr><td><strong>Perrine Le Querrec<\/strong><\/td><\/tr><\/tbody><\/table><\/figure>\n\n\n\n<figure class=\"wp-block-table\"><table><thead><tr><th><mark class=\"has-inline-color has-vivid-red-color\" style=\"background-color: rgba(0, 0, 0, 0);\"><strong>R\u00e9f\u00e9rence<\/strong><\/mark><\/th><\/tr><\/thead><tbody><tr><td><strong>RA016-23<\/strong><br>Errances<br>Journ\u00e9es de Printemps 2021<\/td><\/tr><\/tbody><\/table><\/figure>\n\n\n\n<figure class=\"wp-block-table\"><table><thead><tr><th><mark class=\"has-inline-color has-vivid-red-color\" style=\"background-color: rgba(0, 0, 0, 0);\"><strong>Cat\u00e9gories<\/strong><\/mark><\/th><\/tr><\/thead><tbody><tr><td>Litt\u00e9rature<br>\u00c9criture<\/td><\/tr><\/tbody><\/table><\/figure>\n<\/div>\n<\/div>\n","protected":false},"excerpt":{"rendered":"<p>La musique fait r\u00eaver et favorise les errances imaginaires \u00e0 travers le temps et l\u2019espace. De ce fait, une forme sp\u00e9ciale de psychoth\u00e9rapie \u00e0 m\u00e9diation artistique, bas\u00e9e sur l\u2019\u00e9criture d\u2019histoires sous induction musicale, suivie d\u2019une \u00e9laboration verbale focalis\u00e9e sur la cr\u00e9ation de sens, peut se montrer propice dans la r\u00e9solution&hellip;<\/p>\n","protected":false},"author":2,"featured_media":0,"comment_status":"closed","ping_status":"open","sticky":false,"template":"","format":"standard","meta":{"pmpro_default_level":"","ngg_post_thumbnail":0,"footnotes":""},"categories":[179],"tags":[497,343,509,818],"class_list":["post-3767","post","type-post","status-publish","format-standard","hentry","category-le-querrec-perrine","tag-ecriture","tag-errances","tag-litterature","tag-ra016-23","pmpro-has-access"],"_links":{"self":[{"href":"https:\/\/bibliotheque-sfpe-at.com\/index.php\/wp-json\/wp\/v2\/posts\/3767","targetHints":{"allow":["GET"]}}],"collection":[{"href":"https:\/\/bibliotheque-sfpe-at.com\/index.php\/wp-json\/wp\/v2\/posts"}],"about":[{"href":"https:\/\/bibliotheque-sfpe-at.com\/index.php\/wp-json\/wp\/v2\/types\/post"}],"author":[{"embeddable":true,"href":"https:\/\/bibliotheque-sfpe-at.com\/index.php\/wp-json\/wp\/v2\/users\/2"}],"replies":[{"embeddable":true,"href":"https:\/\/bibliotheque-sfpe-at.com\/index.php\/wp-json\/wp\/v2\/comments?post=3767"}],"version-history":[{"count":2,"href":"https:\/\/bibliotheque-sfpe-at.com\/index.php\/wp-json\/wp\/v2\/posts\/3767\/revisions"}],"predecessor-version":[{"id":4714,"href":"https:\/\/bibliotheque-sfpe-at.com\/index.php\/wp-json\/wp\/v2\/posts\/3767\/revisions\/4714"}],"wp:attachment":[{"href":"https:\/\/bibliotheque-sfpe-at.com\/index.php\/wp-json\/wp\/v2\/media?parent=3767"}],"wp:term":[{"taxonomy":"category","embeddable":true,"href":"https:\/\/bibliotheque-sfpe-at.com\/index.php\/wp-json\/wp\/v2\/categories?post=3767"},{"taxonomy":"post_tag","embeddable":true,"href":"https:\/\/bibliotheque-sfpe-at.com\/index.php\/wp-json\/wp\/v2\/tags?post=3767"}],"curies":[{"name":"wp","href":"https:\/\/api.w.org\/{rel}","templated":true}]}}