{"id":398,"date":"2021-03-22T19:03:46","date_gmt":"2021-03-22T19:03:46","guid":{"rendered":"http:\/\/localhost\/Wordpress\/?p=398"},"modified":"2024-06-03T15:53:16","modified_gmt":"2024-06-03T13:53:16","slug":"errances","status":"publish","type":"post","link":"https:\/\/bibliotheque-sfpe-at.com\/index.php\/2021\/03\/22\/errances\/","title":{"rendered":"Errances"},"content":{"rendered":"<div class=\"wp-block-image\">\n<figure class=\"alignright size-large is-resized\"><img loading=\"lazy\" decoding=\"async\" width=\"724\" height=\"1024\" src=\"https:\/\/bibliotheque-sfpe-at.com\/wp-content\/uploads\/2024\/06\/RA016-Errances-724x1024.jpg\" alt=\"\" class=\"wp-image-1486\" style=\"width:350px\" srcset=\"https:\/\/bibliotheque-sfpe-at.com\/wp-content\/uploads\/2024\/06\/RA016-Errances-724x1024.jpg 724w, https:\/\/bibliotheque-sfpe-at.com\/wp-content\/uploads\/2024\/06\/RA016-Errances-600x848.jpg 600w, https:\/\/bibliotheque-sfpe-at.com\/wp-content\/uploads\/2024\/06\/RA016-Errances-212x300.jpg 212w, https:\/\/bibliotheque-sfpe-at.com\/wp-content\/uploads\/2024\/06\/RA016-Errances-768x1086.jpg 768w, https:\/\/bibliotheque-sfpe-at.com\/wp-content\/uploads\/2024\/06\/RA016-Errances-241x340.jpg 241w, https:\/\/bibliotheque-sfpe-at.com\/wp-content\/uploads\/2024\/06\/RA016-Errances-425x600.jpg 425w, https:\/\/bibliotheque-sfpe-at.com\/wp-content\/uploads\/2024\/06\/RA016-Errances.jpg 849w\" sizes=\"auto, (max-width: 724px) 100vw, 724px\" \/><\/figure>\n<\/div>\n\n\n<p>Comment le geste artistique, nos pratiques cliniques, les dynamiques soci\u00e9tales peuvent-ils \u00eatre sujet et objet d\u2019errances&nbsp;? Pr\u00e9sente dans la clinique, l\u2019errance a partie li\u00e9e avec l\u2019\u00e9chec th\u00e9rapeutique et la fugue. Dans nos rues, dans les couloirs de nos institutions, le long des lignes d\u2019erre des autistes mat\u00e9rialis\u00e9es par Deligny, nous les voyons d\u00e9ambuler sans horizon. Sont-ils en fuite&nbsp;? Cherchent-ils une rencontre qui donnerait une signification \u00e0 leur route&nbsp;? La d\u00e9sinsertion, la pr\u00e9carisation, l\u2019ali\u00e9nation sociale peuvent prendre chez des patients, des sujets sans domicile fixe ou des migrants, les formes les plus extr\u00eames de l\u2019errance et du d\u00e9sarrimage. \u00c0 cette errance physique s\u2019associe une errance mentale, parfois revendiqu\u00e9e, mais souvent aussi source de pathologie, ins\u00e9parable de l\u2019angoisse d\u2019une qu\u00eate identitaire, de la recherche d\u2019un lieu enfin stabilis\u00e9.<\/p>\n\n\n\n<p>Contrairement au voyage, l\u2019errance est sans rep\u00e8res apparents. Elle ne s\u2019oppose pas \u00e0 l\u2019absence de but, mais ne conna\u00eet pas le chemin trac\u00e9 pour y parvenir. Elle n\u2019est pas non plus erreur, mais inscription h\u00e9sitante dans le temps et dans l\u2019espace que nombre d\u2019\u00e9crivains ont c\u00e9l\u00e9br\u00e9e (Rousseau dans Ses r\u00eaveries du promeneur solitaire, George Sand dans sa Lettre \u00e0 un voyageur) et de musiciens (Schubert et ses Wanderlieder ou sa Winterreise, Mahler dans son Chant de la Terre). Plus proches de nous, des artistes contemporains comme Raymond Depardon ont pu saisir l\u2019errance dans leurs photographies ou des cin\u00e9astes la montrer dans le road movie ou le western&#8230;<\/p>\n\n\n\n<p>La pratique artistique, quant \u00e0 elle, engage l\u2019errance dans son geste, son contenu ou encore dans sa r\u00e9ception m\u00eame. Le saisissement esth\u00e9tique que produit l\u2019\u0153uvre d\u2019art \u2014 la figure de Charlot chez Charlie Chaplin, le geste incertain d\u2019un Cy Twombly, l\u2019ironie d\u2019un Jean-Luc Godard estimant s\u2019\u00eatre tromp\u00e9 de plan\u00e8te \u2014 nous met aux prises avec l\u2019incertitude et le vacillement propres \u00e0 l\u2019errance. Comment l\u2019\u0153uvre s\u2019en saisit-elle ? Quelles repr\u00e9sentations en surgissent tant dans le travail artistique qu\u2019art-th\u00e9rapeutique ? C\u2019est \u00e0 ces diff\u00e9rentes questions \u2014 cliniques, soci\u00e9tales, artistiques, th\u00e9rapeutiques \u2014 que nous tenterons de r\u00e9pondre en mettant \u00e0 l\u2019\u00e9tude, lors des interventions, interm\u00e8des artistiques, les figures de l\u2019errance, les errances, et le travail de mise en sens \u00e0 leur \u00e9gard.<\/p>\n\n\n<div class='pt-cv-wrapper'> <div class=\"pt-cv-view pt-cv-blockgrid iscvblock iscvreal grid1 layout2 cveffect-zoomin\" id=\"pt-cv-view-3i0h7lt2\"><div data-id=\"pt-cv-page-1\" class=\"pt-cv-page\" data-cvc=\"4\"><div class=\" pt-cv-content-item pt-cv-1-col\" ><div class=\"pt-cv-taxoterm above_title\"><a href='https:\/\/bibliotheque-sfpe-at.com\/index.php\/category\/auteurs\/martineau-jean-pierre\/' title='Martineau Jean-Pierre' class='pt-cv-tax-martineau-jean-pierre'>Martineau Jean-Pierre<\/a><\/div>\n<h4 class=\"pt-cv-title\"><a href=\"https:\/\/bibliotheque-sfpe-at.com\/index.php\/2024\/06\/03\/de-lerrance-de-lire-a-litinerance-relire-et-relier\/\" class=\"_self\" target=\"_self\" >De l\u2019errance (de-lire) \u00e0 l\u2019itin\u00e9rance (relire et relier)<\/a><\/h4>\n<div class=\"pt-cv-content\">\u00ab Le chemin se fait en marchant \u00bb (Antonio Machado) Du diable vauvert au Jardin de la Fontaine : eu \u00e9gard \u00e0 la ville de N\u00eemes et aux voies de la Romanit\u00e9, ce trajet dit le travail qui incombe aux th\u00e9rapeutes convaincus qu\u2019aussi erratiques soient &#8230;<\/div>\n<div class=\"pt-cv-rmwrap\"><a href=\"https:\/\/bibliotheque-sfpe-at.com\/index.php\/2024\/06\/03\/de-lerrance-de-lire-a-litinerance-relire-et-relier\/\" class=\"_self pt-cv-readmore btn btn-success\" target=\"_self\" >Lire La Suite\u2026<\/a><\/div><\/div>\n<div class=\" pt-cv-content-item pt-cv-1-col\" ><div class=\"pt-cv-taxoterm above_title\"><a href='https:\/\/bibliotheque-sfpe-at.com\/index.php\/category\/auteurs\/massardier-luc\/' title='Massardier Luc' class='pt-cv-tax-massardier-luc'>Massardier Luc<\/a><\/div>\n<h4 class=\"pt-cv-title\"><a href=\"https:\/\/bibliotheque-sfpe-at.com\/index.php\/2024\/06\/12\/les-domaines-de-lerrance\/\" class=\"_self\" target=\"_self\" >Les domaines de l\u2019errance<\/a><\/h4>\n<div class=\"pt-cv-content\">La premi\u00e8re association qui vient autour de l\u2019errance est celle de la connotation n\u00e9gative qui lui est associ\u00e9e. On pourrait pourtant ne voir en elle qu\u2019un simple comportement d\u2019h\u00e9sitation ou d\u2019attente, comme celles des amoureux, des chercheurs ou de l\u2019amateur d\u2019art. Le probl\u00e8me survient quand &#8230;<\/div>\n<div class=\"pt-cv-rmwrap\"><a href=\"https:\/\/bibliotheque-sfpe-at.com\/index.php\/2024\/06\/12\/les-domaines-de-lerrance\/\" class=\"_self pt-cv-readmore btn btn-success\" target=\"_self\" >Lire La Suite\u2026<\/a><\/div><\/div>\n<div class=\" pt-cv-content-item pt-cv-1-col\" ><div class=\"pt-cv-taxoterm above_title\"><a href='https:\/\/bibliotheque-sfpe-at.com\/index.php\/category\/auteurs\/salah-djamila\/' title='Salah Djamila' class='pt-cv-tax-salah-djamila'>Salah Djamila<\/a><a href='https:\/\/bibliotheque-sfpe-at.com\/index.php\/category\/auteurs\/sicard-marie\/' title='Sicard Marie' class='pt-cv-tax-sicard-marie'>Sicard Marie<\/a><\/div>\n<h4 class=\"pt-cv-title\"><a href=\"https:\/\/bibliotheque-sfpe-at.com\/index.php\/2024\/06\/12\/la-ou-je-ne-suis-pas\/\" class=\"_self\" target=\"_self\" >\u00ab L\u00e0 o\u00f9 je ne suis pas \u00bb<\/a><\/h4>\n<div class=\"pt-cv-content\">Errance, d\u00e9plier ce mot. Un espace ? Un mouvement ? Une qu\u00eate ? Lorsque Depardon accepte un travail sur l\u2019errance, il se demande comment la photographier, comment lui donner des traces, un corps, une dur\u00e9e. Il s\u2019appuie sur un texte d\u2019Alexandre Laumonier : \u00ab L\u2019errance &#8230;<\/div>\n<div class=\"pt-cv-rmwrap\"><a href=\"https:\/\/bibliotheque-sfpe-at.com\/index.php\/2024\/06\/12\/la-ou-je-ne-suis-pas\/\" class=\"_self pt-cv-readmore btn btn-success\" target=\"_self\" >Lire La Suite\u2026<\/a><\/div><\/div>\n<div class=\" pt-cv-content-item pt-cv-1-col\" ><div class=\"pt-cv-taxoterm above_title\"><a href='https:\/\/bibliotheque-sfpe-at.com\/index.php\/category\/auteurs\/lamblin-berlende\/' title='Lamblin Berlende' class='pt-cv-tax-lamblin-berlende'>Lamblin Berlende<\/a><\/div>\n<h4 class=\"pt-cv-title\"><a href=\"https:\/\/bibliotheque-sfpe-at.com\/index.php\/2024\/06\/12\/leonard-de-vinci-ou-les-errances-dun-genie\/\" class=\"_self\" target=\"_self\" >L\u00e9onard de Vinci ou \u00ab Les errances d\u2019un g\u00e9nie \u00bb<\/a><\/h4>\n<div class=\"pt-cv-content\">L\u00e9onard, natif du village de Vinci, inscrit sa trajectoire dans un mouvement discontinu sans cesse renouvel\u00e9, \u00e0 travers des recherches \u00e9labor\u00e9es \u00e0 la fois de la forme et de la fonction de ce qui nous constitue, corps habit\u00e9 par la parole. Son \u00e9criture invers\u00e9e de &#8230;<\/div>\n<div class=\"pt-cv-rmwrap\"><a href=\"https:\/\/bibliotheque-sfpe-at.com\/index.php\/2024\/06\/12\/leonard-de-vinci-ou-les-errances-dun-genie\/\" class=\"_self pt-cv-readmore btn btn-success\" target=\"_self\" >Lire La Suite\u2026<\/a><\/div><\/div>\n<div class=\" pt-cv-content-item pt-cv-1-col\" ><div class=\"pt-cv-taxoterm above_title\"><a href='https:\/\/bibliotheque-sfpe-at.com\/index.php\/category\/auteurs\/chemama-steiner-beatrice\/' title='Chemama-Steiner B\u00e9atrice' class='pt-cv-tax-chemama-steiner-beatrice'>Chemama-Steiner B\u00e9atrice<\/a><\/div>\n<h4 class=\"pt-cv-title\"><a href=\"https:\/\/bibliotheque-sfpe-at.com\/index.php\/2024\/06\/12\/la-blanche-cavale\/\" class=\"_self\" target=\"_self\" >La blanche cavale<\/a><\/h4>\n<div class=\"pt-cv-content\">\u00ab D\u00e9lirants, certes, ils le sont. Mais n\u2019ont-ils pas leur m\u00e9thode ? \u00bbShakespeare. Hamlet La blanche cavale : deux mots pi\u00e9g\u00e9s dans le coin d\u2019une feuille \u00e0 l\u2019int\u00e9rieur de l\u2019un des carnets d\u2019Alo\u00efse. Deux mots qui ont donn\u00e9 son titre \u00e0 ce carnet dat\u00e9 de &#8230;<\/div>\n<div class=\"pt-cv-rmwrap\"><a href=\"https:\/\/bibliotheque-sfpe-at.com\/index.php\/2024\/06\/12\/la-blanche-cavale\/\" class=\"_self pt-cv-readmore btn btn-success\" target=\"_self\" >Lire La Suite\u2026<\/a><\/div><\/div>\n<div class=\" pt-cv-content-item pt-cv-1-col\" ><div class=\"pt-cv-taxoterm above_title\"><a href='https:\/\/bibliotheque-sfpe-at.com\/index.php\/category\/auteurs\/demolliens-laetitia\/' title='Demolliens Laetitia' class='pt-cv-tax-demolliens-laetitia'>Demolliens Laetitia<\/a><\/div>\n<h4 class=\"pt-cv-title\"><a href=\"https:\/\/bibliotheque-sfpe-at.com\/index.php\/2024\/06\/12\/aux-croisements-de-nos-errances-partagees\/\" class=\"_self\" target=\"_self\" >Aux croisements de nos errances partag\u00e9es<\/a><\/h4>\n<div class=\"pt-cv-content\">L\u2019errance comme vagabondage, \u00e9garement ou encore instabilit\u00e9 peut tenir une fonction essentielle dans l\u2019existence en ce qu\u2019elle permet la rencontre. Le psychologue erre dans les couloirs de l\u2019institution \u00e0 la recherche de son patient, le photographe erre dans les rues \u00e0 la recherche de l\u2019image, &#8230;<\/div>\n<div class=\"pt-cv-rmwrap\"><a href=\"https:\/\/bibliotheque-sfpe-at.com\/index.php\/2024\/06\/12\/aux-croisements-de-nos-errances-partagees\/\" class=\"_self pt-cv-readmore btn btn-success\" target=\"_self\" >Lire La Suite\u2026<\/a><\/div><\/div>\n<div class=\" pt-cv-content-item pt-cv-1-col\" ><div class=\"pt-cv-taxoterm above_title\"><a href='https:\/\/bibliotheque-sfpe-at.com\/index.php\/category\/auteurs\/mourtada-youssef\/' title='Mourtada Youssef' class='pt-cv-tax-mourtada-youssef'>Mourtada Youssef<\/a><\/div>\n<h4 class=\"pt-cv-title\"><a href=\"https:\/\/bibliotheque-sfpe-at.com\/index.php\/2024\/06\/12\/errances-diagnostiques\/\" class=\"_self\" target=\"_self\" >Errances diagnostiques<\/a><\/h4>\n<div class=\"pt-cv-content\">L\u2019existence est un dr\u00f4le de voyage, un voyage qu\u2019on d\u00e9bute sans vouloir, on s\u2019illusionne de conna\u00eetre le chemin et on se rassure \u00e0 \u00eatre norm\u00e9, en refoulant l\u2019autre param\u00e8tre de ce voyage \u00e0 savoir que sa fin, \u00e0 chaque instant, ne d\u00e9pend pas de nous &#8230;<\/div>\n<div class=\"pt-cv-rmwrap\"><a href=\"https:\/\/bibliotheque-sfpe-at.com\/index.php\/2024\/06\/12\/errances-diagnostiques\/\" class=\"_self pt-cv-readmore btn btn-success\" target=\"_self\" >Lire La Suite\u2026<\/a><\/div><\/div>\n<div class=\" pt-cv-content-item pt-cv-1-col\" ><div class=\"pt-cv-taxoterm above_title\"><a href='https:\/\/bibliotheque-sfpe-at.com\/index.php\/category\/auteurs\/granier-francois\/' title='Granier Fran\u00e7ois' class='pt-cv-tax-granier-francois'>Granier Fran\u00e7ois<\/a><\/div>\n<h4 class=\"pt-cv-title\"><a href=\"https:\/\/bibliotheque-sfpe-at.com\/index.php\/2024\/06\/12\/voyager-sur-les-traces-des-expressions-de-la-folie-a-travers-lart-brut-et-lart-therapie\/\" class=\"_self\" target=\"_self\" >Voyager sur les traces des expressions de la folie \u00e0 travers l\u2019Art Brut et l\u2019Art-Th\u00e9rapie<\/a><\/h4>\n<div class=\"pt-cv-content\">Nous rapportons l\u2019exp\u00e9rience de nos voyages (France, Europe, US) depuis des ann\u00e9es pour voir comment sont pr\u00e9sent\u00e9es les expressions de la folie, qu\u2019il s\u2019agisse du milieu de l\u2019AB ou des milieux m\u00e9dicaux. V\u00e9ritable errance tant la vari\u00e9t\u00e9 des sites, des dispositifs sc\u00e9nographiques, des publics, les &#8230;<\/div>\n<div class=\"pt-cv-rmwrap\"><a href=\"https:\/\/bibliotheque-sfpe-at.com\/index.php\/2024\/06\/12\/voyager-sur-les-traces-des-expressions-de-la-folie-a-travers-lart-brut-et-lart-therapie\/\" class=\"_self pt-cv-readmore btn btn-success\" target=\"_self\" >Lire La Suite\u2026<\/a><\/div><\/div>\n<div class=\" pt-cv-content-item pt-cv-1-col\" ><div class=\"pt-cv-taxoterm above_title\"><a href='https:\/\/bibliotheque-sfpe-at.com\/index.php\/category\/auteurs\/gueydan-madeleine\/' title='Gueydan Madeleine' class='pt-cv-tax-gueydan-madeleine'>Gueydan Madeleine<\/a><\/div>\n<h4 class=\"pt-cv-title\"><a href=\"https:\/\/bibliotheque-sfpe-at.com\/index.php\/2024\/06\/12\/lenfant-qui-a-la-tete-en-lair\/\" class=\"_self\" target=\"_self\" >L&rsquo;enfant qui a la t\u00eate en l&rsquo;air<\/a><\/h4>\n<div class=\"pt-cv-content\">L&rsquo;enfant qui a la t\u00eate en l&rsquo;air, si on se d\u00e9tourne, il s&rsquo;envole. Il faudrait une main de fer pour le retenir \u00e0 l&rsquo;\u00e9cole. L&rsquo;enfant qui a la t\u00eate en l&rsquo;air ne le quittez jamais des yeux : car d\u00e8s qu&rsquo;il n&rsquo;a plus rien \u00e0 &#8230;<\/div>\n<div class=\"pt-cv-rmwrap\"><a href=\"https:\/\/bibliotheque-sfpe-at.com\/index.php\/2024\/06\/12\/lenfant-qui-a-la-tete-en-lair\/\" class=\"_self pt-cv-readmore btn btn-success\" target=\"_self\" >Lire La Suite\u2026<\/a><\/div><\/div>\n<div class=\" pt-cv-content-item pt-cv-1-col\" ><div class=\"pt-cv-taxoterm above_title\"><a href='https:\/\/bibliotheque-sfpe-at.com\/index.php\/category\/auteurs\/royol-rantsordas-fabienne\/' title='Royol-Rantsordas Fabienne' class='pt-cv-tax-royol-rantsordas-fabienne'>Royol-Rantsordas Fabienne<\/a><\/div>\n<h4 class=\"pt-cv-title\"><a href=\"https:\/\/bibliotheque-sfpe-at.com\/index.php\/2024\/06\/12\/a-la-conquete-dune-errance-avant-propos-au-documentaire\/\" class=\"_self\" target=\"_self\" >\u00c0 la conqu\u00eate d\u2019une errance, avant-propos au documentaire<\/a><\/h4>\n<div class=\"pt-cv-content\">D\u2019un jet de vague \u00e0 l\u2019\u00e9cume d\u2019un murmure, d\u2019un \u00ab j\u2019sais pas quoi faire, qu\u2019est-ce que je peux faire \u00bb \u00e0 \u00ab on n\u2019est pas s\u00e9rieux quand on a 17 ans \u00bb, l\u2019id\u00e9e sera de partir \u00e0 l\u2019aventure au fil de travers\u00e9es cin\u00e9matographiques d\u00e9fricher quelques &#8230;<\/div>\n<div class=\"pt-cv-rmwrap\"><a href=\"https:\/\/bibliotheque-sfpe-at.com\/index.php\/2024\/06\/12\/a-la-conquete-dune-errance-avant-propos-au-documentaire\/\" class=\"_self pt-cv-readmore btn btn-success\" target=\"_self\" >Lire La Suite\u2026<\/a><\/div><\/div>\n<div class=\" pt-cv-content-item pt-cv-1-col\" ><div class=\"pt-cv-taxoterm above_title\"><a href='https:\/\/bibliotheque-sfpe-at.com\/index.php\/category\/auteurs\/barthelemy-annie\/' title='Barth\u00e9l\u00e9my Annie' class='pt-cv-tax-barthelemy-annie'>Barth\u00e9l\u00e9my Annie<\/a><\/div>\n<h4 class=\"pt-cv-title\"><a href=\"https:\/\/bibliotheque-sfpe-at.com\/index.php\/2024\/06\/12\/les-metaphores-de-lerrance-dans-lembranchement-de-mugby-de-charles-dickens\/\" class=\"_self\" target=\"_self\" >Les m\u00e9taphores de l\u2019errance dans L\u2019Embranchement de Mugby de Charles Dickens<\/a><\/h4>\n<div class=\"pt-cv-content\">\u00ab C\u2019est ainsi qu\u2019\u00e0 l\u2019Embranchement de Mugby, \u00e0 trois heures du matin pass\u00e9es, par un temps \u00e9pouvantable, le voyageur s\u2019en alla o\u00f9 le poussaient les intemp\u00e9ries. [\u2026] plongeant le regard dans la nuit noire, travers\u00e9e par les battements d\u2019aile fr\u00e9n\u00e9tiques d\u2019un ouragan \u00e0 l\u2019esprit encore &#8230;<\/div>\n<div class=\"pt-cv-rmwrap\"><a href=\"https:\/\/bibliotheque-sfpe-at.com\/index.php\/2024\/06\/12\/les-metaphores-de-lerrance-dans-lembranchement-de-mugby-de-charles-dickens\/\" class=\"_self pt-cv-readmore btn btn-success\" target=\"_self\" >Lire La Suite\u2026<\/a><\/div><\/div>\n<div class=\" pt-cv-content-item pt-cv-1-col\" ><div class=\"pt-cv-taxoterm above_title\"><a href='https:\/\/bibliotheque-sfpe-at.com\/index.php\/category\/auteurs\/reillanne-ghislaine\/' title='Reillanne Ghislaine' class='pt-cv-tax-reillanne-ghislaine'>Reillanne Ghislaine<\/a><\/div>\n<h4 class=\"pt-cv-title\"><a href=\"https:\/\/bibliotheque-sfpe-at.com\/index.php\/2024\/06\/12\/don-quichotte-ou-lerrance-en-heritage\/\" class=\"_self\" target=\"_self\" >Don Quichotte ou l\u2019Errance en h\u00e9ritage\u2026<\/a><\/h4>\n<div class=\"pt-cv-content\">Si l\u2019Ing\u00e9nieux Hidalgo Don Quichotte de la Mancha est le h\u00e9ros du roman le plus lu des Temps modernes c\u2019est bien parce qu\u2019il incarne \u00e0 lui seul le mythe universel de l\u2019errance, celle de l\u2019Homme tortur\u00e9 entre deux mondes, celui du r\u00e9el prosa\u00efque et celui &#8230;<\/div>\n<div class=\"pt-cv-rmwrap\"><a href=\"https:\/\/bibliotheque-sfpe-at.com\/index.php\/2024\/06\/12\/don-quichotte-ou-lerrance-en-heritage\/\" class=\"_self pt-cv-readmore btn btn-success\" target=\"_self\" >Lire La Suite\u2026<\/a><\/div><\/div>\n<div class=\" pt-cv-content-item pt-cv-1-col\" ><div class=\"pt-cv-taxoterm above_title\"><a href='https:\/\/bibliotheque-sfpe-at.com\/index.php\/category\/auteurs\/kochen-zebib-wadad\/' title='Kochen-Zebib Wadad' class='pt-cv-tax-kochen-zebib-wadad'>Kochen-Zebib Wadad<\/a><\/div>\n<h4 class=\"pt-cv-title\"><a href=\"https:\/\/bibliotheque-sfpe-at.com\/index.php\/2024\/06\/12\/elle-errait-quelques-temps-en-lair-du-hors-temps-au-tempsrythmique-intemporalite-du-trauma-et-danse-africaine\/\" class=\"_self\" target=\"_self\" >Elle errait quelques temps en l\u2019air \u2014 du Hors temps au Tempsrythmique. Intemporalit\u00e9 du trauma et danse africaine<\/a><\/h4>\n<div class=\"pt-cv-content\">Quel est ce parcours qui nous a men\u00e9s d\u2019une clinique de sujets souffrants dans leur corps d\u2019ob\u00e9sit\u00e9, ou de cancer , deux atteintes somatiques ou psychosomatiques, \u00e0 une pratique avec certains d&rsquo;entre eux de la danse traditionnelle africaine ? Le mutisme de ces patientes et &#8230;<\/div>\n<div class=\"pt-cv-rmwrap\"><a href=\"https:\/\/bibliotheque-sfpe-at.com\/index.php\/2024\/06\/12\/elle-errait-quelques-temps-en-lair-du-hors-temps-au-tempsrythmique-intemporalite-du-trauma-et-danse-africaine\/\" class=\"_self pt-cv-readmore btn btn-success\" target=\"_self\" >Lire La Suite\u2026<\/a><\/div><\/div>\n<div class=\" pt-cv-content-item pt-cv-1-col\" ><div class=\"pt-cv-taxoterm above_title\"><a href='https:\/\/bibliotheque-sfpe-at.com\/index.php\/category\/auteurs\/violon-julia\/' title='Violon Julia' class='pt-cv-tax-violon-julia'>Violon Julia<\/a><\/div>\n<h4 class=\"pt-cv-title\"><a href=\"https:\/\/bibliotheque-sfpe-at.com\/index.php\/2024\/06\/12\/itin-errances-marcher-pour-se-rencontrer\/\" class=\"_self\" target=\"_self\" >Itin-errances : marcher pour se rencontrer<\/a><\/h4>\n<div class=\"pt-cv-content\">Marcher, balader, vagabonder, se d\u00e9placer sont autant de termes qui \u00e9voquent l\u2019espace dans sa dimension exploratoire. Quels rapports entretiennent- ils avec l\u2019errance subjective ? Que dire des fl\u00e2neries de Rousseau, des longues marches de Jean Giono pour retrouver les mots manquants de ses po\u00e8mes ? &#8230;<\/div>\n<div class=\"pt-cv-rmwrap\"><a href=\"https:\/\/bibliotheque-sfpe-at.com\/index.php\/2024\/06\/12\/itin-errances-marcher-pour-se-rencontrer\/\" class=\"_self pt-cv-readmore btn btn-success\" target=\"_self\" >Lire La Suite\u2026<\/a><\/div><\/div>\n<div class=\" pt-cv-content-item pt-cv-1-col\" ><div class=\"pt-cv-taxoterm above_title\"><a href='https:\/\/bibliotheque-sfpe-at.com\/index.php\/category\/auteurs\/royol-jean-pierre\/' title='Royol Jean-Pierre' class='pt-cv-tax-royol-jean-pierre'>Royol Jean-Pierre<\/a><\/div>\n<h4 class=\"pt-cv-title\"><a href=\"https:\/\/bibliotheque-sfpe-at.com\/index.php\/2024\/06\/12\/erre-moi-dans-tes-bras\/\" class=\"_self\" target=\"_self\" >Erre-moi dans tes bras<\/a><\/h4>\n<div class=\"pt-cv-content\">Nomade de la polys\u00e9mie, L\u00e9o papillonne dans tous les sens des mots. Lors d&rsquo;une f\u00eate \u00e0 l&rsquo;h\u00f4pital, il voyage en solitaire suivant des yeux l\u2019infinie duplication des taches de lumi\u00e8re projet\u00e9es sur les murs par une boule de miroirs qui tourne au plafond. Alors qu\u2019en &#8230;<\/div>\n<div class=\"pt-cv-rmwrap\"><a href=\"https:\/\/bibliotheque-sfpe-at.com\/index.php\/2024\/06\/12\/erre-moi-dans-tes-bras\/\" class=\"_self pt-cv-readmore btn btn-success\" target=\"_self\" >Lire La Suite\u2026<\/a><\/div><\/div>\n<div class=\" pt-cv-content-item pt-cv-1-col\" ><div class=\"pt-cv-taxoterm above_title\"><a href='https:\/\/bibliotheque-sfpe-at.com\/index.php\/category\/auteurs\/saint-pierre-olivier\/' title='Saint-Pierre Olivier' class='pt-cv-tax-saint-pierre-olivier'>Saint-Pierre Olivier<\/a><\/div>\n<h4 class=\"pt-cv-title\"><a href=\"https:\/\/bibliotheque-sfpe-at.com\/index.php\/2024\/06\/12\/ici-et-ailleurs\/\" class=\"_self\" target=\"_self\" >Ici et ailleurs<\/a><\/h4>\n<div class=\"pt-cv-content\">Nous avons l\u2019habitude d\u2019entendre l\u2019expression, \u00ab ici et maintenant \u00bb. Si nous regardions du c\u00f4t\u00e9 de \u00ab ici et ailleurs ! \u00bb \u00ab L\u2019ailleurs \u00bb est-il du c\u00f4t\u00e9 de l\u2019acte au c\u00f4t\u00e9 du \u00ab ici \u00bb ou uniquement du c\u00f4t\u00e9 du d\u00e9sistement ? Faut-il croire &#8230;<\/div>\n<div class=\"pt-cv-rmwrap\"><a href=\"https:\/\/bibliotheque-sfpe-at.com\/index.php\/2024\/06\/12\/ici-et-ailleurs\/\" class=\"_self pt-cv-readmore btn btn-success\" target=\"_self\" >Lire La Suite\u2026<\/a><\/div><\/div>\n<div class=\" pt-cv-content-item pt-cv-1-col\" ><div class=\"pt-cv-taxoterm above_title\"><a href='https:\/\/bibliotheque-sfpe-at.com\/index.php\/category\/auteurs\/vaysse-jocelyne\/' title='Vaysse Jocelyne' class='pt-cv-tax-vaysse-jocelyne'>Vaysse Jocelyne<\/a><\/div>\n<h4 class=\"pt-cv-title\"><a href=\"https:\/\/bibliotheque-sfpe-at.com\/index.php\/2024\/06\/12\/franchissements-remous-de-la-mer-errance-des-migrants\/\" class=\"_self\" target=\"_self\" >Franchissements &#8211; Remous de la mer, Errance des migrants<\/a><\/h4>\n<div class=\"pt-cv-content\">Franchir la mer M\u00e9diterran\u00e9e pour des migrants et leurs enfants, c\u2019est affronter une nuit \u00e0 l\u2019issue incertaine, compter sur un ailleurs inconnu, imaginer un exil et un avenir meilleur, alors que le pr\u00e9sent est d\u2019abord une errance vers un rivage, au rythme du remous des &#8230;<\/div>\n<div class=\"pt-cv-rmwrap\"><a href=\"https:\/\/bibliotheque-sfpe-at.com\/index.php\/2024\/06\/12\/franchissements-remous-de-la-mer-errance-des-migrants\/\" class=\"_self pt-cv-readmore btn btn-success\" target=\"_self\" >Lire La Suite\u2026<\/a><\/div><\/div>\n<div class=\" pt-cv-content-item pt-cv-1-col\" ><div class=\"pt-cv-taxoterm above_title\"><a href='https:\/\/bibliotheque-sfpe-at.com\/index.php\/category\/auteurs\/lefebvre-marion\/' title='Lefebvre Marion' class='pt-cv-tax-lefebvre-marion'>Lefebvre Marion<\/a><\/div>\n<h4 class=\"pt-cv-title\"><a href=\"https:\/\/bibliotheque-sfpe-at.com\/index.php\/2024\/06\/12\/de-la-portee-de-ce-qui-nous-meut\/\" class=\"_self\" target=\"_self\" >De la port\u00e9e de ce qui nous meut<\/a><\/h4>\n<div class=\"pt-cv-content\">\u00c0 travers un cas clinique nous proposons de consid\u00e9rer le processus de cr\u00e9ation comme un agent intensificateur de l\u2019errance propre \u00e0 toute tentative de cheminer vers soi-m\u00eame. Nous verrons comment l\u2019\u00e9tendue, g\u00e9n\u00e9r\u00e9e par les mouvements du patient-errant qui n\u2019en finit pas d\u2019en tracer la situation &#8230;<\/div>\n<div class=\"pt-cv-rmwrap\"><a href=\"https:\/\/bibliotheque-sfpe-at.com\/index.php\/2024\/06\/12\/de-la-portee-de-ce-qui-nous-meut\/\" class=\"_self pt-cv-readmore btn btn-success\" target=\"_self\" >Lire La Suite\u2026<\/a><\/div><\/div>\n<div class=\" pt-cv-content-item pt-cv-1-col\" ><div class=\"pt-cv-taxoterm above_title\"><a href='https:\/\/bibliotheque-sfpe-at.com\/index.php\/category\/auteurs\/tremelot-aurelie\/' title='Tr\u00e9melot Aur\u00e9lie' class='pt-cv-tax-tremelot-aurelie'>Tr\u00e9melot Aur\u00e9lie<\/a><\/div>\n<h4 class=\"pt-cv-title\"><a href=\"https:\/\/bibliotheque-sfpe-at.com\/index.php\/2024\/06\/12\/de-la-portee-de-ce-qui-nous-meut-2\/\" class=\"_self\" target=\"_self\" >Balises<\/a><\/h4>\n<div class=\"pt-cv-content\">Puisque dans un portrait, on peut se demander qui du peintre ou du mod\u00e8le est repr\u00e9sent\u00e9, il m\u2019a sembl\u00e9 n\u00e9cessaire dans un premier temps de me demander ce que ce sujet suscite en moi, pourquoi cet int\u00e9r\u00eat pour l\u2019errance, comment s\u2019en emparer \u2014 si tant &#8230;<\/div>\n<div class=\"pt-cv-rmwrap\"><a href=\"https:\/\/bibliotheque-sfpe-at.com\/index.php\/2024\/06\/12\/de-la-portee-de-ce-qui-nous-meut-2\/\" class=\"_self pt-cv-readmore btn btn-success\" target=\"_self\" >Lire La Suite\u2026<\/a><\/div><\/div>\n<div class=\" pt-cv-content-item pt-cv-1-col\" ><div class=\"pt-cv-taxoterm above_title\"><a href='https:\/\/bibliotheque-sfpe-at.com\/index.php\/category\/auteurs\/barthelemy-jean-marie\/' title='Barth\u00e9l\u00e9my Jean-Marie' class='pt-cv-tax-barthelemy-jean-marie'>Barth\u00e9l\u00e9my Jean-Marie<\/a><\/div>\n<h4 class=\"pt-cv-title\"><a href=\"https:\/\/bibliotheque-sfpe-at.com\/index.php\/2024\/06\/12\/co-errances-essai-image-dautobiographie-universelle\/\" class=\"_self\" target=\"_self\" >Co-errances, essai imag\u00e9 d\u2019autobiographie universelle<\/a><\/h4>\n<div class=\"pt-cv-content\">Choisie, m\u00e9connue ou subie, l\u2019errance ne s\u2019exerce jamais ni \u00e0 l\u2019avantage ni au risque d\u2019une blanche solitude muette, mais tra\u00eene toujours derri\u00e8re elle le cort\u00e8ge murmurant, r\u00eaveur, nostalgique, douloureux, parfois tragique, d\u2019ombres quitt\u00e9es, perdues, abandonn\u00e9es avant, esp\u00e9r\u00e9es plus loin, ne serait-ce que dans l\u2019\u00e9chapp\u00e9e r\u00e9flexive, &#8230;<\/div>\n<div class=\"pt-cv-rmwrap\"><a href=\"https:\/\/bibliotheque-sfpe-at.com\/index.php\/2024\/06\/12\/co-errances-essai-image-dautobiographie-universelle\/\" class=\"_self pt-cv-readmore btn btn-success\" target=\"_self\" >Lire La Suite\u2026<\/a><\/div><\/div>\n<div class=\" pt-cv-content-item pt-cv-1-col\" ><div class=\"pt-cv-taxoterm above_title\"><a href='https:\/\/bibliotheque-sfpe-at.com\/index.php\/category\/auteurs\/geoffroy-romane-carol\/' title='Geoffroy-Romane Carol' class='pt-cv-tax-geoffroy-romane-carol'>Geoffroy-Romane Carol<\/a><a href='https:\/\/bibliotheque-sfpe-at.com\/index.php\/category\/auteurs\/senegas-nicolas\/' title='S\u00e9n\u00e9gas Nicolas' class='pt-cv-tax-senegas-nicolas'>S\u00e9n\u00e9gas Nicolas<\/a><\/div>\n<h4 class=\"pt-cv-title\"><a href=\"https:\/\/bibliotheque-sfpe-at.com\/index.php\/2024\/11\/04\/la-mediation-artistique-aupres-des-sans-abris-un-jeru-de-symbolisation\/\" class=\"_self\" target=\"_self\" >La m\u00e9diation artistique aupr\u00e8s des sans-abris : un jeru de symbolisation<\/a><\/h4>\n<div class=\"pt-cv-content\">Le propos s\u2019articulera autour d\u2019une exp\u00e9rience clinique en atelier \u00e0 m\u00e9diation par la photographie aupr\u00e8s de personnes sans-abri. Dans cet espace collectif contenant, la cr\u00e9ation de ces \u00eatres \u00ab sans \u00bb engagea un travail de transformation de l\u2019impens\u00e9, de l\u2019impensable, en repr\u00e9sentations acceptables pour le &#8230;<\/div>\n<div class=\"pt-cv-rmwrap\"><a href=\"https:\/\/bibliotheque-sfpe-at.com\/index.php\/2024\/11\/04\/la-mediation-artistique-aupres-des-sans-abris-un-jeru-de-symbolisation\/\" class=\"_self pt-cv-readmore btn btn-success\" target=\"_self\" >Lire La Suite\u2026<\/a><\/div><\/div>\n<div class=\" pt-cv-content-item pt-cv-1-col\" ><div class=\"pt-cv-taxoterm above_title\"><a href='https:\/\/bibliotheque-sfpe-at.com\/index.php\/category\/auteurs\/schiltz-lony\/' title='Schiltz Lony' class='pt-cv-tax-schiltz-lony'>Schiltz Lony<\/a><\/div>\n<h4 class=\"pt-cv-title\"><a href=\"https:\/\/bibliotheque-sfpe-at.com\/index.php\/2025\/01\/24\/errances-et-construction-de-sens-au-service-de-la-quete-identitaire-resultats-dun-projet-musicotherapeutique\/\" class=\"_self\" target=\"_self\" >Errances et construction de sens au service de la qu\u00eate identitaire. R\u00e9sultats d\u2019un projet musicoth\u00e9rapeutique<\/a><\/h4>\n<div class=\"pt-cv-content\">La musique fait r\u00eaver et favorise les errances imaginaires \u00e0 travers le temps et l\u2019espace. De ce fait, une forme sp\u00e9ciale de psychoth\u00e9rapie \u00e0 m\u00e9diation artistique, bas\u00e9e sur l\u2019\u00e9criture d\u2019histoires sous induction musicale, suivie d\u2019une \u00e9laboration verbale focalis\u00e9e sur la cr\u00e9ation de sens, peut se &#8230;<\/div>\n<div class=\"pt-cv-rmwrap\"><a href=\"https:\/\/bibliotheque-sfpe-at.com\/index.php\/2025\/01\/24\/errances-et-construction-de-sens-au-service-de-la-quete-identitaire-resultats-dun-projet-musicotherapeutique\/\" class=\"_self pt-cv-readmore btn btn-success\" target=\"_self\" >Lire La Suite\u2026<\/a><\/div><\/div>\n<div class=\" pt-cv-content-item pt-cv-1-col\" ><div class=\"pt-cv-taxoterm above_title\"><a href='https:\/\/bibliotheque-sfpe-at.com\/index.php\/category\/auteurs\/le-querrec-perrine\/' title='Le Querrec Perrine' class='pt-cv-tax-le-querrec-perrine'>Le Querrec Perrine<\/a><\/div>\n<h4 class=\"pt-cv-title\"><a href=\"https:\/\/bibliotheque-sfpe-at.com\/index.php\/2025\/01\/24\/ratures-et-recommencements\/\" class=\"_self\" target=\"_self\" >Ratures et recommencements<\/a><\/h4>\n<div class=\"pt-cv-content\">La musique fait r\u00eaver et favorise les errances imaginaires \u00e0 travers le temps et l\u2019espace. De ce fait, une forme sp\u00e9ciale de psychoth\u00e9rapie \u00e0 m\u00e9diation artistique, bas\u00e9e sur l\u2019\u00e9criture d\u2019histoires sous induction musicale, suivie d\u2019une \u00e9laboration verbale focalis\u00e9e sur la cr\u00e9ation de sens, peut se &#8230;<\/div>\n<div class=\"pt-cv-rmwrap\"><a href=\"https:\/\/bibliotheque-sfpe-at.com\/index.php\/2025\/01\/24\/ratures-et-recommencements\/\" class=\"_self pt-cv-readmore btn btn-success\" target=\"_self\" >Lire La Suite\u2026<\/a><\/div><\/div><\/div><\/div> <\/div> <style>\n\n#pt-cv-view-3i0h7lt2 .pt-cv-meta-fields {  }#pt-cv-view-3i0h7lt2 .pt-cv-meta-fields * { font-size: 13px; }#pt-cv-view-3i0h7lt2 .pt-cv-thumb-wrapper:not(.miniwrap) {  }#pt-cv-view-3i0h7lt2 .pt-cv-thumbnail:not(.pt-cv-thumbnailsm) { height: 250px; }#pt-cv-view-3i0h7lt2 .pt-cv-title a { display: block;color: #a83838; }#pt-cv-view-3i0h7lt2 .pt-cv-title:not(.pt-cv-titlesm) a { font-weight: 600;text-decoration: none;font-size: 20px; }#pt-cv-view-3i0h7lt2 .pt-cv-titlesm a { font-weight: 600;font-size: 18px; }#pt-cv-view-3i0h7lt2 .pt-cv-content { font-size: 12px; }#pt-cv-view-3i0h7lt2 .pt-cv-rmwrap {  }#pt-cv-view-3i0h7lt2 .pt-cv-readmore { color: #951a1a;background-color: #ffffff00;font-style: italic;font-size: 12px; }#pt-cv-view-3i0h7lt2 .pt-cv-taxoterm {  }#pt-cv-view-3i0h7lt2 .pt-cv-taxoterm * { color: #9badb7;background-color: #f5f0f057;border-style: solid;font-size: 14px;border-width: 1.5px 1.5px 1.5px 1.5px;border-radius: 8px 8px 8px 8px; }#pt-cv-view-3i0h7lt2 + .pt-cv-pagination-wrapper {  }#pt-cv-view-3i0h7lt2 + .pt-cv-pagination-wrapper a { font-size: 14px; }#pt-cv-view-3i0h7lt2 > .pt-cv-page {grid-template-columns: repeat(4, 1fr);grid-gap: 13px;}\n@media all and (max-width: 1024px) { \n#pt-cv-view-3i0h7lt2 > .pt-cv-page {}\n} \n@media all and (max-width: 767px) { \n#pt-cv-view-3i0h7lt2 > .pt-cv-page {grid-template-columns: repeat(1, 1fr);}\n} <\/style>","protected":false},"excerpt":{"rendered":"<p>Comment le geste artistique, nos pratiques cliniques, les dynamiques soci\u00e9tales peuvent-ils \u00eatre sujet et objet d\u2019errances&nbsp;? Pr\u00e9sente dans la clinique, l\u2019errance a partie li\u00e9e avec l\u2019\u00e9chec th\u00e9rapeutique et la fugue. Dans nos rues, dans les couloirs de nos institutions, le long des lignes d\u2019erre des autistes mat\u00e9rialis\u00e9es par Deligny, nous&hellip;<\/p>\n","protected":false},"author":2,"featured_media":549,"comment_status":"closed","ping_status":"open","sticky":false,"template":"","format":"standard","meta":{"pmpro_default_level":"","ngg_post_thumbnail":0,"footnotes":""},"categories":[3],"tags":[27],"class_list":["post-398","post","type-post","status-publish","format-standard","has-post-thumbnail","hentry","category-journees-de-printemps","tag-apres-2010","pmpro-has-access"],"_links":{"self":[{"href":"https:\/\/bibliotheque-sfpe-at.com\/index.php\/wp-json\/wp\/v2\/posts\/398","targetHints":{"allow":["GET"]}}],"collection":[{"href":"https:\/\/bibliotheque-sfpe-at.com\/index.php\/wp-json\/wp\/v2\/posts"}],"about":[{"href":"https:\/\/bibliotheque-sfpe-at.com\/index.php\/wp-json\/wp\/v2\/types\/post"}],"author":[{"embeddable":true,"href":"https:\/\/bibliotheque-sfpe-at.com\/index.php\/wp-json\/wp\/v2\/users\/2"}],"replies":[{"embeddable":true,"href":"https:\/\/bibliotheque-sfpe-at.com\/index.php\/wp-json\/wp\/v2\/comments?post=398"}],"version-history":[{"count":4,"href":"https:\/\/bibliotheque-sfpe-at.com\/index.php\/wp-json\/wp\/v2\/posts\/398\/revisions"}],"predecessor-version":[{"id":1490,"href":"https:\/\/bibliotheque-sfpe-at.com\/index.php\/wp-json\/wp\/v2\/posts\/398\/revisions\/1490"}],"wp:featuredmedia":[{"embeddable":true,"href":"https:\/\/bibliotheque-sfpe-at.com\/index.php\/wp-json\/wp\/v2\/media\/549"}],"wp:attachment":[{"href":"https:\/\/bibliotheque-sfpe-at.com\/index.php\/wp-json\/wp\/v2\/media?parent=398"}],"wp:term":[{"taxonomy":"category","embeddable":true,"href":"https:\/\/bibliotheque-sfpe-at.com\/index.php\/wp-json\/wp\/v2\/categories?post=398"},{"taxonomy":"post_tag","embeddable":true,"href":"https:\/\/bibliotheque-sfpe-at.com\/index.php\/wp-json\/wp\/v2\/tags?post=398"}],"curies":[{"name":"wp","href":"https:\/\/api.w.org\/{rel}","templated":true}]}}