{"id":419,"date":"2022-11-03T11:19:46","date_gmt":"2022-11-03T11:19:46","guid":{"rendered":"http:\/\/localhost\/Wordpress\/?p=419"},"modified":"2024-06-17T17:29:14","modified_gmt":"2024-06-17T15:29:14","slug":"mesure-et-demesure","status":"publish","type":"post","link":"https:\/\/bibliotheque-sfpe-at.com\/index.php\/2022\/11\/03\/mesure-et-demesure\/","title":{"rendered":"Mesure et D\u00e9mesure"},"content":{"rendered":"<div class=\"wp-block-image\">\n<figure class=\"alignright size-large is-resized\"><a href=\"https:\/\/bibliotheque-sfpe-at.com\/wp-content\/uploads\/2024\/06\/RA019-Mesure-et-demesure.jpg\"><img loading=\"lazy\" decoding=\"async\" width=\"724\" height=\"1024\" src=\"https:\/\/bibliotheque-sfpe-at.com\/wp-content\/uploads\/2024\/06\/RA019-Mesure-et-demesure-724x1024.jpg\" alt=\"\" class=\"wp-image-1659\" style=\"width:350px\" srcset=\"https:\/\/bibliotheque-sfpe-at.com\/wp-content\/uploads\/2024\/06\/RA019-Mesure-et-demesure-724x1024.jpg 724w, https:\/\/bibliotheque-sfpe-at.com\/wp-content\/uploads\/2024\/06\/RA019-Mesure-et-demesure-600x848.jpg 600w, https:\/\/bibliotheque-sfpe-at.com\/wp-content\/uploads\/2024\/06\/RA019-Mesure-et-demesure-212x300.jpg 212w, https:\/\/bibliotheque-sfpe-at.com\/wp-content\/uploads\/2024\/06\/RA019-Mesure-et-demesure-768x1086.jpg 768w, https:\/\/bibliotheque-sfpe-at.com\/wp-content\/uploads\/2024\/06\/RA019-Mesure-et-demesure-241x340.jpg 241w, https:\/\/bibliotheque-sfpe-at.com\/wp-content\/uploads\/2024\/06\/RA019-Mesure-et-demesure-425x600.jpg 425w, https:\/\/bibliotheque-sfpe-at.com\/wp-content\/uploads\/2024\/06\/RA019-Mesure-et-demesure.jpg 849w\" sizes=\"auto, (max-width: 724px) 100vw, 724px\" \/><\/a><\/figure>\n<\/div>\n\n\n<p>Nulle sym\u00e9trie, aucun antagonisme sous-jacents au jumelage de ces deux notions&nbsp;: seulement la suggestion d\u2019une probl\u00e9matique qui les associerait. Dans notre langue, la double r\u00e9sonance du mot <em>mesure<\/em>, \u00e9cartel\u00e9 entre d\u2019une part rigueur math\u00e9matique, architecturale, plus largement scientifique aux implications multiples et de l\u2019autre les plus risqu\u00e9es des appr\u00e9ciations philosophiques, psychologiques, juridiques, artistiques et m\u00eame morales, s\u2019av\u00e8re confront\u00e9e \u00e0 inclinaisons ou d\u00e9clinaisons <em>d\u00e9mesur\u00e9es<\/em> fort disparates. La justesse n\u2019est pas assimilable \u00e0 la justice, la mod\u00e9ration n\u2019a gu\u00e8re \u00e0 voir avec la prudence dans l\u2019interpr\u00e9tation des chiffres, la temp\u00e9rance ne peut \u00eatre qu\u2019une vertu priv\u00e9e ou la\u00efque du savant. Les multiples variantes d\u2019exag\u00e9ration, d\u2019exc\u00e8s, outrance, extravagance, la d\u00e9bauche, l\u2019\u00e9normit\u00e9, la fr\u00e9n\u00e9sie, les extr\u00e9mismes de tout poil, la petite folie comme la grande ne peuvent se superposer. Elles rel\u00e8vent de tendances, capacit\u00e9s, ou m\u00eame talents \u00e0 user d\u2019une palette composite qu\u2019aucune ti\u00e9deur ne parviendra jamais \u00e0 dompter ni pond\u00e9rer.<\/p>\n\n\n\n<p>L\u00e0 o\u00f9 convergent formes et forces dynamiques, dans la fr\u00e9quentation des arts&nbsp; comme dans nos activit\u00e9s cliniques qui nous en instaurent responsables, nous disposons d&rsquo;un observatoire privil\u00e9gi\u00e9 pour comprendre ces ph\u00e9nom\u00e8nes. \u00c0 l\u2019intersection d\u2019une psychopathologie rehauss\u00e9e parfois d\u2019id\u00e9es d\u00e9lirantes de grandeur autant que d\u2019hallucinations lilliputiennes, depuis l\u2019imaginaire infernal d\u2019un Bosch vers les pires noirceurs d\u00e9clin\u00e9es du Divin Marquis de Sade, jusqu\u2019aux \u00e9normit\u00e9s du pouce ou du sein de C\u00e9sar et accumulations poignantes d\u2019un Boltanski, toutes ces bouffissures, au fil de l\u2019expression et de ses accompagnements, serpentent entre expansion et r\u00e9traction. Pourrions-nous contribuer \u00e0 notre mani\u00e8re de praticiens \u00e0 quelque \u00e9clairage original sur ces figures de systole et diastole spatiales, sympt\u00f4mes et t\u00e9moins de variations spasmodiques d\u2019un univers corporel et psychique en mal d\u2019expansion&nbsp;?<\/p>\n\n\n<div class='pt-cv-wrapper'> <div class=\"pt-cv-view pt-cv-blockgrid iscvblock iscvreal grid1 layout2 cveffect-zoomin\" id=\"pt-cv-view-3i0h7lt2\"><div data-id=\"pt-cv-page-1\" class=\"pt-cv-page\" data-cvc=\"4\"><div class=\" pt-cv-content-item pt-cv-1-col\" ><div class=\"pt-cv-taxoterm above_title\"><a href='https:\/\/bibliotheque-sfpe-at.com\/index.php\/category\/auteurs\/barthelemy-jean-marie\/' title='Barth\u00e9l\u00e9my Jean-Marie' class='pt-cv-tax-barthelemy-jean-marie'>Barth\u00e9l\u00e9my Jean-Marie<\/a><\/div>\n<h4 class=\"pt-cv-title\"><a href=\"https:\/\/bibliotheque-sfpe-at.com\/index.php\/2022\/04\/01\/figures-rythmiques-alternees-objectives-et-subjectives-de-la-mesure-et-de-la-demesure\/\" class=\"_self\" target=\"_self\" >Figures rythmiques altern\u00e9es, objectives et subjectives, de la mesure et de la d\u00e9mesure<\/a><\/h4>\n<div class=\"pt-cv-content\">\u00ab L\u2019Homme est la mesure de toute chose\u2026 \u00bb Le fameux adage \u00e0 coloration relativiste, issu d\u2019H\u00e9raclite, n\u2019en finit pas de laisser derri\u00e8re lui un sillage tenace de songeries d\u00e9j\u00e0 fort embarrassant pour Platon. Il l\u2019attribue sans vergogne \u00e0 Protagoras, ce qui l\u2019autorise \u00e0 le &#8230;<\/div>\n<div class=\"pt-cv-rmwrap\"><a href=\"https:\/\/bibliotheque-sfpe-at.com\/index.php\/2022\/04\/01\/figures-rythmiques-alternees-objectives-et-subjectives-de-la-mesure-et-de-la-demesure\/\" class=\"_self pt-cv-readmore btn btn-success\" target=\"_self\" >Lire La Suite\u2026<\/a><\/div><\/div>\n<div class=\" pt-cv-content-item pt-cv-1-col\" ><div class=\"pt-cv-taxoterm above_title\"><a href='https:\/\/bibliotheque-sfpe-at.com\/index.php\/category\/auteurs\/rigaud-bernard\/' title='Rigaud Bernard' class='pt-cv-tax-rigaud-bernard'>Rigaud Bernard<\/a><\/div>\n<h4 class=\"pt-cv-title\"><a href=\"https:\/\/bibliotheque-sfpe-at.com\/index.php\/2022\/04\/02\/tout-evenement-est-demesure-2\/\" class=\"_self\" target=\"_self\" >Tout \u00e9v\u00e9nement est d\u00e9mesure\u00a0!<\/a><\/h4>\n<div class=\"pt-cv-content\">Les dualismes (fini-infini, mesure-d\u00e9mesure) sont tous relatifs aux sciences de la nature, et la suppression de ces dualismes est moins une conqu\u00eate de la pens\u00e9e moderne qu\u2019une conqu\u00eate contemporaine de la constitution de la science et qui se trouve d\u00e9j\u00e0 express\u00e9ment dans Descartes. L\u2019\u00e9v\u00e9nement est &#8230;<\/div>\n<div class=\"pt-cv-rmwrap\"><a href=\"https:\/\/bibliotheque-sfpe-at.com\/index.php\/2022\/04\/02\/tout-evenement-est-demesure-2\/\" class=\"_self pt-cv-readmore btn btn-success\" target=\"_self\" >Lire La Suite\u2026<\/a><\/div><\/div>\n<div class=\" pt-cv-content-item pt-cv-1-col\" ><div class=\"pt-cv-taxoterm above_title\"><a href='https:\/\/bibliotheque-sfpe-at.com\/index.php\/category\/auteurs\/ferrieres-pestureau-suzanne\/' title='Ferri\u00e8res-Pestureau Suzanne' class='pt-cv-tax-ferrieres-pestureau-suzanne'>Ferri\u00e8res-Pestureau Suzanne<\/a><\/div>\n<h4 class=\"pt-cv-title\"><a href=\"https:\/\/bibliotheque-sfpe-at.com\/index.php\/2022\/04\/28\/creer-au-bord-du-vide\/\" class=\"_self\" target=\"_self\" >Garouste : Cr\u00e9er au bord du vide<\/a><\/h4>\n<div class=\"pt-cv-content\">Dans L\u2019Intranquille, un roman autobiographique, G\u00e9rard Garouste met en doute l\u2019id\u00e9e selon laquelle l\u2019art aurait un lien avec la folie, en se fondant sur son exp\u00e9rience de cr\u00e9ateur et son impossibilit\u00e9 \u00e0 cr\u00e9er dans ses p\u00e9riodes de d\u00e9lire. Partant de ce constat, nous tenterons de &#8230;<\/div>\n<div class=\"pt-cv-rmwrap\"><a href=\"https:\/\/bibliotheque-sfpe-at.com\/index.php\/2022\/04\/28\/creer-au-bord-du-vide\/\" class=\"_self pt-cv-readmore btn btn-success\" target=\"_self\" >Lire La Suite\u2026<\/a><\/div><\/div>\n<div class=\" pt-cv-content-item pt-cv-1-col\" ><div class=\"pt-cv-taxoterm above_title\"><a href='https:\/\/bibliotheque-sfpe-at.com\/index.php\/category\/auteurs\/katz-mazilu-irina\/' title='Katz-Mazilu Irina' class='pt-cv-tax-katz-mazilu-irina'>Katz-Mazilu Irina<\/a><\/div>\n<h4 class=\"pt-cv-title\"><a href=\"https:\/\/bibliotheque-sfpe-at.com\/index.php\/2024\/06\/04\/la-bonne-mesure-et-chaque-chose-a-sa-place\/\" class=\"_self\" target=\"_self\" >La bonne mesure et chaque chose \u00e0 sa place<\/a><\/h4>\n<div class=\"pt-cv-content\">Dans la cr\u00e9ation artistique, et autant en art-th\u00e9rapie, que devrions, que pourrions-nous mesurer ? Et pourquoi ? Et comment ? \u00c0 quoi, \u00e0 qui devrions-nous nous mesurer ? \u00c0 soi-m\u00eame \u2013 mon Moi id\u00e9al est-il \u00e0 la mesure de mon id\u00e9al du Moi ? \u00c0 &#8230;<\/div>\n<div class=\"pt-cv-rmwrap\"><a href=\"https:\/\/bibliotheque-sfpe-at.com\/index.php\/2024\/06\/04\/la-bonne-mesure-et-chaque-chose-a-sa-place\/\" class=\"_self pt-cv-readmore btn btn-success\" target=\"_self\" >Lire La Suite\u2026<\/a><\/div><\/div>\n<div class=\" pt-cv-content-item pt-cv-1-col\" ><div class=\"pt-cv-taxoterm above_title\"><a href='https:\/\/bibliotheque-sfpe-at.com\/index.php\/category\/auteurs\/massardier-luc\/' title='Massardier Luc' class='pt-cv-tax-massardier-luc'>Massardier Luc<\/a><\/div>\n<h4 class=\"pt-cv-title\"><a href=\"https:\/\/bibliotheque-sfpe-at.com\/index.php\/2024\/06\/06\/les-defis-et-bonheurs-de-la-demesure\/\" class=\"_self\" target=\"_self\" >Les d\u00e9fis et bonheurs de la d\u00e9mesure<\/a><\/h4>\n<div class=\"pt-cv-content\">Enjamber les vall\u00e9es, relier les oc\u00e9ans, les continents et les \u00eeles, monter sur les sommets les plus hauts, passer sous la mer, sous les montagnes\u2026, autant r\u00eaver qu\u2019il n\u2019y a rien d\u2019impossible et que la d\u00e9mesure de ces ambitions n\u2019est pas un obstacle \u00e0 leur &#8230;<\/div>\n<div class=\"pt-cv-rmwrap\"><a href=\"https:\/\/bibliotheque-sfpe-at.com\/index.php\/2024\/06\/06\/les-defis-et-bonheurs-de-la-demesure\/\" class=\"_self pt-cv-readmore btn btn-success\" target=\"_self\" >Lire La Suite\u2026<\/a><\/div><\/div>\n<div class=\" pt-cv-content-item pt-cv-1-col\" ><div class=\"pt-cv-taxoterm above_title\"><a href='https:\/\/bibliotheque-sfpe-at.com\/index.php\/category\/auteurs\/schneider-francois\/' title='Schneider Fran\u00e7ois' class='pt-cv-tax-schneider-francois'>Schneider Fran\u00e7ois<\/a><\/div>\n<h4 class=\"pt-cv-title\"><a href=\"https:\/\/bibliotheque-sfpe-at.com\/index.php\/2024\/06\/07\/mesure-du-chaos\/\" class=\"_self\" target=\"_self\" >Mesure du chaos<\/a><\/h4>\n<div class=\"pt-cv-content\">Quelle diff\u00e9rence y a-t-il entre un kilo de plumes, plus l\u00e9ger \u00e0 l\u2019oreille qu\u2019un kilo de plomb, et un train de mesures coercitives ? Quelle contenance adopter devant un contenu qui nous d\u00e9sempare et de quelles mesures parlons-nous d\u00e8s lors qu\u2019il s\u2019agit de mesurer le &#8230;<\/div>\n<div class=\"pt-cv-rmwrap\"><a href=\"https:\/\/bibliotheque-sfpe-at.com\/index.php\/2024\/06\/07\/mesure-du-chaos\/\" class=\"_self pt-cv-readmore btn btn-success\" target=\"_self\" >Lire La Suite\u2026<\/a><\/div><\/div>\n<div class=\" pt-cv-content-item pt-cv-1-col\" ><div class=\"pt-cv-taxoterm above_title\"><a href='https:\/\/bibliotheque-sfpe-at.com\/index.php\/category\/auteurs\/mourtada-youssef\/' title='Mourtada Youssef' class='pt-cv-tax-mourtada-youssef'>Mourtada Youssef<\/a><\/div>\n<h4 class=\"pt-cv-title\"><a href=\"https:\/\/bibliotheque-sfpe-at.com\/index.php\/2024\/06\/08\/la-juste-mesure\/\" class=\"_self\" target=\"_self\" >La juste mesure<\/a><\/h4>\n<div class=\"pt-cv-content\">Ce qui caract\u00e9rise l\u2019esp\u00e8ce humaine, c\u2019est la repr\u00e9sentation : on est constamment pr\u00e9sent \u00e0 soi en se repr\u00e9sentant les choses. Autrement dit, le r\u00e9el rel\u00e8ve de l\u2019image : ceci est une \u00e9vidence famili\u00e8re pour les enfants, les primitifs et les schizophr\u00e8nes, mais pas pour le &#8230;<\/div>\n<div class=\"pt-cv-rmwrap\"><a href=\"https:\/\/bibliotheque-sfpe-at.com\/index.php\/2024\/06\/08\/la-juste-mesure\/\" class=\"_self pt-cv-readmore btn btn-success\" target=\"_self\" >Lire La Suite\u2026<\/a><\/div><\/div>\n<div class=\" pt-cv-content-item pt-cv-1-col\" ><div class=\"pt-cv-taxoterm above_title\"><a href='https:\/\/bibliotheque-sfpe-at.com\/index.php\/category\/auteurs\/martineau-jean-pierre\/' title='Martineau Jean-Pierre' class='pt-cv-tax-martineau-jean-pierre'>Martineau Jean-Pierre<\/a><\/div>\n<h4 class=\"pt-cv-title\"><a href=\"https:\/\/bibliotheque-sfpe-at.com\/index.php\/2024\/06\/09\/genie-clinique-et-poietique-ingenieux-et-ingenu\/\" class=\"_self\" target=\"_self\" >G\u00e9nie clinique et po\u00e9tique\u00a0: ing\u00e9nieux et ing\u00e9nu<\/a><\/h4>\n<div class=\"pt-cv-content\">Le G\u00e9nie, l\u2019Ing\u00e9nieur et l\u2019Ing\u00e9nu serait une fable ayant pour morale la mesure vertueuse (s\u00f4phrosun\u00e8) : \u00ab juste \u00bb mais non align\u00e9e \u00e0 l\u2019exactitude born\u00e9e des calculateurs, bonne mesure comme on dit, \u00ab bon poids \u00bb, non pas approximation mais largesse consentie. Pourquoi en psychopathologie &#8230;<\/div>\n<div class=\"pt-cv-rmwrap\"><a href=\"https:\/\/bibliotheque-sfpe-at.com\/index.php\/2024\/06\/09\/genie-clinique-et-poietique-ingenieux-et-ingenu\/\" class=\"_self pt-cv-readmore btn btn-success\" target=\"_self\" >Lire La Suite\u2026<\/a><\/div><\/div>\n<div class=\" pt-cv-content-item pt-cv-1-col\" ><div class=\"pt-cv-taxoterm above_title\"><a href='https:\/\/bibliotheque-sfpe-at.com\/index.php\/category\/auteurs\/cassayre-sylvie\/' title='Cassayre Sylvie' class='pt-cv-tax-cassayre-sylvie'>Cassayre Sylvie<\/a><\/div>\n<h4 class=\"pt-cv-title\"><a href=\"https:\/\/bibliotheque-sfpe-at.com\/index.php\/2024\/06\/10\/albert-camus-le-soleil-de-midi-le-juste\/\" class=\"_self\" target=\"_self\" >Albert Camus, le soleil de \u00ab\u00a0Midi le juste\u00a0\u00bb<\/a><\/h4>\n<div class=\"pt-cv-content\">Albert Camus, lecteur d\u2019H\u00e9raclite dont il aime la difficile conciliation des contraires, auteur d\u2019une th\u00e8se sur Plotin et passionn\u00e9 d\u2019Eschyle, est un h\u00e9ritier de la pens\u00e9e grecque qui fait de la mesure un id\u00e9al architectural, \u00e9thique et philosophique. Cette mesotes, ou juste mesure, selon le &#8230;<\/div>\n<div class=\"pt-cv-rmwrap\"><a href=\"https:\/\/bibliotheque-sfpe-at.com\/index.php\/2024\/06\/10\/albert-camus-le-soleil-de-midi-le-juste\/\" class=\"_self pt-cv-readmore btn btn-success\" target=\"_self\" >Lire La Suite\u2026<\/a><\/div><\/div>\n<div class=\" pt-cv-content-item pt-cv-1-col\" ><div class=\"pt-cv-taxoterm above_title\"><a href='https:\/\/bibliotheque-sfpe-at.com\/index.php\/category\/auteurs\/deschamps-valerie\/' title='Deschamps Val\u00e9rie' class='pt-cv-tax-deschamps-valerie'>Deschamps Val\u00e9rie<\/a><\/div>\n<h4 class=\"pt-cv-title\"><a href=\"https:\/\/bibliotheque-sfpe-at.com\/index.php\/2024\/06\/11\/le-cas-vivian-maier-familles-et-cadre-photographique\/\" class=\"_self\" target=\"_self\" >Le cas Vivian Maier\u00a0: familles et cadre photographique<\/a><\/h4>\n<div class=\"pt-cv-content\">Vivian Maier, photographe franco-am\u00e9ricaine r\u00e9cemment d\u00e9couverte, r\u00e9v\u00e8le par ses clich\u00e9s les m\u00e9andres d\u2019une vie aventureuse et d\u2019une production prolifique rest\u00e9e pourtant cach\u00e9e. Chez elle, la d\u00e9mesure est d\u2019abord celle d\u2019une saga familiale traumatique, associant un fardeau transg\u00e9n\u00e9rationnel aux vicissitudes de la migration. Dans cette famille, &#8230;<\/div>\n<div class=\"pt-cv-rmwrap\"><a href=\"https:\/\/bibliotheque-sfpe-at.com\/index.php\/2024\/06\/11\/le-cas-vivian-maier-familles-et-cadre-photographique\/\" class=\"_self pt-cv-readmore btn btn-success\" target=\"_self\" >Lire La Suite\u2026<\/a><\/div><\/div>\n<div class=\" pt-cv-content-item pt-cv-1-col\" ><div class=\"pt-cv-taxoterm above_title\"><a href='https:\/\/bibliotheque-sfpe-at.com\/index.php\/category\/auteurs\/granier-francois\/' title='Granier Fran\u00e7ois' class='pt-cv-tax-granier-francois'>Granier Fran\u00e7ois<\/a><\/div>\n<h4 class=\"pt-cv-title\"><a href=\"https:\/\/bibliotheque-sfpe-at.com\/index.php\/2024\/06\/12\/le-philosophe-et-lartiste-a-propos-de-piet-mondrian\/\" class=\"_self\" target=\"_self\" >Le philosophe et l\u2019artiste\u00a0: \u00e0 propos de Piet Mondrian<\/a><\/h4>\n<div class=\"pt-cv-content\">L\u2019\u0153uvre de Piet Mondrian, lequel dans son exploration de l\u2019image aboutit \u00e0 l\u2019abstraction pure, s\u2019accompagne de longue date d\u2019un int\u00e9r\u00eat pour la th\u00e9osophie. D\u00e9marche qui \u00e9loigne l\u2019artiste de ses mod\u00e8les, C\u00e9zanne ou le cubisme. Il s\u2019est toujours dit \u00ab un r\u00e9aliste concret \u00bb, \u00e0 la &#8230;<\/div>\n<div class=\"pt-cv-rmwrap\"><a href=\"https:\/\/bibliotheque-sfpe-at.com\/index.php\/2024\/06\/12\/le-philosophe-et-lartiste-a-propos-de-piet-mondrian\/\" class=\"_self pt-cv-readmore btn btn-success\" target=\"_self\" >Lire La Suite\u2026<\/a><\/div><\/div>\n<div class=\" pt-cv-content-item pt-cv-1-col\" ><div class=\"pt-cv-taxoterm above_title\"><a href='https:\/\/bibliotheque-sfpe-at.com\/index.php\/category\/auteurs\/saint-pierre-olivier\/' title='Saint-Pierre Olivier' class='pt-cv-tax-saint-pierre-olivier'>Saint-Pierre Olivier<\/a><\/div>\n<h4 class=\"pt-cv-title\"><a href=\"https:\/\/bibliotheque-sfpe-at.com\/index.php\/2024\/06\/13\/mesure-demesure-leternel-retour\/\" class=\"_self\" target=\"_self\" >Mesure, d\u00e9mesure, l\u2019\u00e9ternel retour<\/a><\/h4>\n<div class=\"pt-cv-content\">Entre la mesure et la d\u00e9mesure, il y a un brouillard de signes. Cela va dans tous les sens. Difficile de reconna\u00eetre une logique de sens. Cela va trop vite. Nous pouvons toutefois faire un constat : ce rapport entre la mesure et la d\u00e9mesure &#8230;<\/div>\n<div class=\"pt-cv-rmwrap\"><a href=\"https:\/\/bibliotheque-sfpe-at.com\/index.php\/2024\/06\/13\/mesure-demesure-leternel-retour\/\" class=\"_self pt-cv-readmore btn btn-success\" target=\"_self\" >Lire La Suite\u2026<\/a><\/div><\/div>\n<div class=\" pt-cv-content-item pt-cv-1-col\" ><div class=\"pt-cv-taxoterm above_title\"><a href='https:\/\/bibliotheque-sfpe-at.com\/index.php\/category\/auteurs\/marsat-martine\/' title='Marsat Martine' class='pt-cv-tax-marsat-martine'>Marsat Martine<\/a><\/div>\n<h4 class=\"pt-cv-title\"><a href=\"https:\/\/bibliotheque-sfpe-at.com\/index.php\/2024\/06\/14\/demesure-et-mesure-pour-un-ideal-humaniste\/\" class=\"_self\" target=\"_self\" >D\u00e9mesure et mesure, pour\u00a0un id\u00e9al humaniste<\/a><\/h4>\n<div class=\"pt-cv-content\">Exc\u00e8s du Gargantua de Rabelais et gigantisme du David de Michel-Ange.Dans la pens\u00e9e de la Renaissance, la mesure dans ses dimensions \u00e9thique et esth\u00e9tique pr\u00e9suppose une r\u00e9f\u00e9rence \u00e0 l\u2019homme g\u00e9n\u00e9rique. Pourtant, Rabelais, embl\u00e9matique \u00e9crivain de la Renaissance fran\u00e7aise, utilise dans son \u0153uvre Gargantua l\u2019exc\u00e8s \u00ab &#8230;<\/div>\n<div class=\"pt-cv-rmwrap\"><a href=\"https:\/\/bibliotheque-sfpe-at.com\/index.php\/2024\/06\/14\/demesure-et-mesure-pour-un-ideal-humaniste\/\" class=\"_self pt-cv-readmore btn btn-success\" target=\"_self\" >Lire La Suite\u2026<\/a><\/div><\/div>\n<div class=\" pt-cv-content-item pt-cv-1-col\" ><div class=\"pt-cv-taxoterm above_title\"><a href='https:\/\/bibliotheque-sfpe-at.com\/index.php\/category\/auteurs\/boute-gerard\/' title='Bout\u00e9 G\u00e9rard' class='pt-cv-tax-boute-gerard'>Bout\u00e9 G\u00e9rard<\/a><\/div>\n<h4 class=\"pt-cv-title\"><a href=\"https:\/\/bibliotheque-sfpe-at.com\/index.php\/2024\/06\/15\/mesure-demesure-dans-loeuvre-de-rodin-le-monument-a-balzac\/\" class=\"_self\" target=\"_self\" >Mesure \u2013 d\u00e9mesure dans l\u2019\u0153uvre de Rodin\u00a0: Le Monument \u00e0 Balzac<\/a><\/h4>\n<div class=\"pt-cv-content\">Mesure \u2013 d\u00e9mesure. La Porte de l\u2019Enfer, inspir\u00e9e de la Divine Com\u00e9die de Dante, emporte des repr\u00e9sentations tragiques, \u00e0 la fois mesure par la proportion humaine des figures et d\u00e9mesure par l\u2019\u00e9chelle de l\u2019ensemble. Si la Porte est l\u2019arche dans laquelle Rodin puisera toute sa &#8230;<\/div>\n<div class=\"pt-cv-rmwrap\"><a href=\"https:\/\/bibliotheque-sfpe-at.com\/index.php\/2024\/06\/15\/mesure-demesure-dans-loeuvre-de-rodin-le-monument-a-balzac\/\" class=\"_self pt-cv-readmore btn btn-success\" target=\"_self\" >Lire La Suite\u2026<\/a><\/div><\/div>\n<div class=\" pt-cv-content-item pt-cv-1-col\" ><div class=\"pt-cv-taxoterm above_title\"><a href='https:\/\/bibliotheque-sfpe-at.com\/index.php\/category\/auteurs\/gillis-alain\/' title='Gillis Alain' class='pt-cv-tax-gillis-alain'>Gillis Alain<\/a><\/div>\n<h4 class=\"pt-cv-title\"><a href=\"https:\/\/bibliotheque-sfpe-at.com\/index.php\/2024\/06\/16\/de-la-perte-dune-petite-chose-qui-change-tout\/\" class=\"_self\" target=\"_self\" >De la perte d\u2019une petite chose qui change tout<\/a><\/h4>\n<div class=\"pt-cv-content\">Lorsque la jeune patiente de Blankenburg, Anne, distingue dans l\u2019ensemble de ses troubles un trait fondamental qu\u2019elle d\u00e9signe comme \u00ab la perte de l\u2019\u00e9vidence naturelle \u00bb,elle isole un \u00e9l\u00e9ment essentiel de la schizophr\u00e9nie \u00e0 partir de la forme h\u00e9b\u00e9phr\u00e9nique. Cette forme pauci-symptomatique n\u2019emp\u00eache pas le &#8230;<\/div>\n<div class=\"pt-cv-rmwrap\"><a href=\"https:\/\/bibliotheque-sfpe-at.com\/index.php\/2024\/06\/16\/de-la-perte-dune-petite-chose-qui-change-tout\/\" class=\"_self pt-cv-readmore btn btn-success\" target=\"_self\" >Lire La Suite\u2026<\/a><\/div><\/div>\n<div class=\" pt-cv-content-item pt-cv-1-col\" ><div class=\"pt-cv-taxoterm above_title\"><a href='https:\/\/bibliotheque-sfpe-at.com\/index.php\/category\/auteurs\/boissiere-anne\/' title='Boissi\u00e8re Anne' class='pt-cv-tax-boissiere-anne'>Boissi\u00e8re Anne<\/a><\/div>\n<h4 class=\"pt-cv-title\"><a href=\"https:\/\/bibliotheque-sfpe-at.com\/index.php\/2024\/06\/17\/mettre-la-bouche-en-voix\/\" class=\"_self\" target=\"_self\" >Mettre la bouche en voix<\/a><\/h4>\n<div class=\"pt-cv-content\">La d\u00e9mesure, c\u2019est la bouche d\u00e9vorante qui engloutit, le corps avec elle. La mesure, c\u2019est la voix. D\u2019un c\u00f4t\u00e9, la bouche ou l\u2019illimit\u00e9 ; de l\u2019autre, la voix ou la limite, y compris quand \u00e7a crie. L\u2019illimit\u00e9, c\u2019est quand c\u2019est tu \u2013 du verbe \u00ab &#8230;<\/div>\n<div class=\"pt-cv-rmwrap\"><a href=\"https:\/\/bibliotheque-sfpe-at.com\/index.php\/2024\/06\/17\/mettre-la-bouche-en-voix\/\" class=\"_self pt-cv-readmore btn btn-success\" target=\"_self\" >Lire La Suite\u2026<\/a><\/div><\/div>\n<div class=\" pt-cv-content-item pt-cv-1-col\" ><div class=\"pt-cv-taxoterm above_title\"><a href='https:\/\/bibliotheque-sfpe-at.com\/index.php\/category\/auteurs\/kochen-zebib-wadad\/' title='Kochen-Zebib Wadad' class='pt-cv-tax-kochen-zebib-wadad'>Kochen-Zebib Wadad<\/a><\/div>\n<h4 class=\"pt-cv-title\"><a href=\"https:\/\/bibliotheque-sfpe-at.com\/index.php\/2024\/06\/18\/rythmes-danses-et-pulsions-indomptables\/\" class=\"_self\" target=\"_self\" >Rythmes dans\u00e9s et pulsions indomptables<\/a><\/h4>\n<div class=\"pt-cv-content\">L\u2019injonction surmo\u00efque et paradoxale \u00ab Reste mince et mange \u00bb, qui fait suite \u00e0 \u00ab Sois belle et tais-toi \u00bb, autorise au nom d\u2019un but id\u00e9alis\u00e9 (rester mince) \u00e0 ne pas renoncer \u00e0 satisfaire ses pulsions boulimiques et \u00e0 manger puis \u00e0 se faire vomir &#8230;<\/div>\n<div class=\"pt-cv-rmwrap\"><a href=\"https:\/\/bibliotheque-sfpe-at.com\/index.php\/2024\/06\/18\/rythmes-danses-et-pulsions-indomptables\/\" class=\"_self pt-cv-readmore btn btn-success\" target=\"_self\" >Lire La Suite\u2026<\/a><\/div><\/div>\n<div class=\" pt-cv-content-item pt-cv-1-col\" ><div class=\"pt-cv-taxoterm above_title\"><a href='https:\/\/bibliotheque-sfpe-at.com\/index.php\/category\/auteurs\/martin-excoffier-laura\/' title='Martin Excoffier Laura' class='pt-cv-tax-martin-excoffier-laura'>Martin Excoffier Laura<\/a><a href='https:\/\/bibliotheque-sfpe-at.com\/index.php\/category\/auteurs\/schiltz-lony\/' title='Schiltz Lony' class='pt-cv-tax-schiltz-lony'>Schiltz Lony<\/a><a href='https:\/\/bibliotheque-sfpe-at.com\/index.php\/category\/auteurs\/sudres-jean-luc\/' title='Sudres Jean-Luc' class='pt-cv-tax-sudres-jean-luc'>Sudres Jean-Luc<\/a><\/div>\n<h4 class=\"pt-cv-title\"><a href=\"https:\/\/bibliotheque-sfpe-at.com\/index.php\/2024\/06\/19\/ladolescent-a-la-croisee-de-lapproche-phenomeno-structurale-en-art-therapie\/\" class=\"_self\" target=\"_self\" >L\u2019adolescent \u00e0 la crois\u00e9e de l\u2019approche ph\u00e9nom\u00e9no-structurale en art-th\u00e9rapie<\/a><\/h4>\n<div class=\"pt-cv-content\">Depuis son \u00e9mergence, l\u2019approche ph\u00e9nom\u00e9no-structurale tente de mettre en exergue des observations, d\u2019apporter un sens l\u00e0 o\u00f9 d\u2019autres m\u00e9thodes cherchent \u00e0 produire des r\u00e9sultats, des explications, des mesures. En effet, la m\u00e9thode ph\u00e9nom\u00e9no-struturale consiste \u00e0 placer le praticien dans une attitude bienveillante d\u2019accueil et de &#8230;<\/div>\n<div class=\"pt-cv-rmwrap\"><a href=\"https:\/\/bibliotheque-sfpe-at.com\/index.php\/2024\/06\/19\/ladolescent-a-la-croisee-de-lapproche-phenomeno-structurale-en-art-therapie\/\" class=\"_self pt-cv-readmore btn btn-success\" target=\"_self\" >Lire La Suite\u2026<\/a><\/div><\/div>\n<div class=\" pt-cv-content-item pt-cv-1-col\" ><div class=\"pt-cv-taxoterm above_title\"><a href='https:\/\/bibliotheque-sfpe-at.com\/index.php\/category\/auteurs\/stirn-senja\/' title='Stirn Senja' class='pt-cv-tax-stirn-senja'>Stirn Senja<\/a><\/div>\n<h4 class=\"pt-cv-title\"><a href=\"https:\/\/bibliotheque-sfpe-at.com\/index.php\/2024\/06\/20\/lenfant-dans-le-chaos-de-la-demesure\/\" class=\"_self\" target=\"_self\" >L\u2019enfant dans le chaos de la d\u00e9mesure<\/a><\/h4>\n<div class=\"pt-cv-content\">Il y a d\u2019abord eu la p\u00e9riode d\u2019avant. Une d\u00e9cennie au moins o\u00f9 la pratique de la mesure, de l\u2019\u00e9valuation chiffr\u00e9e, de la norme et de la normalit\u00e9 ont rechavir\u00e9 nos pratiques. L\u2019ancien monde qui se confronte au nouveau. L\u2019\u00e9ternel retour. Puis, la pand\u00e9mie, plus &#8230;<\/div>\n<div class=\"pt-cv-rmwrap\"><a href=\"https:\/\/bibliotheque-sfpe-at.com\/index.php\/2024\/06\/20\/lenfant-dans-le-chaos-de-la-demesure\/\" class=\"_self pt-cv-readmore btn btn-success\" target=\"_self\" >Lire La Suite\u2026<\/a><\/div><\/div>\n<div class=\" pt-cv-content-item pt-cv-1-col\" ><div class=\"pt-cv-taxoterm above_title\"><a href='https:\/\/bibliotheque-sfpe-at.com\/index.php\/category\/auteurs\/fondacci-francesco\/' title='Fondacci Francesco' class='pt-cv-tax-fondacci-francesco'>Fondacci Francesco<\/a><\/div>\n<h4 class=\"pt-cv-title\"><a href=\"https:\/\/bibliotheque-sfpe-at.com\/index.php\/2024\/06\/21\/mesure-et-demesure-dans-la-sensibilite-feminine-les-petits-mondes-dargile-dania\/\" class=\"_self\" target=\"_self\" >Mesure et d\u00e9mesure dans la sensibilit\u00e9 f\u00e9minine\u00a0: les petits mondes d\u2019argile d\u2019Ania<\/a><\/h4>\n<div class=\"pt-cv-content\">Le travail avec l\u2019argile et la tridimensionnalit\u00e9 ouvrent des possibilit\u00e9s illimit\u00e9es de r\u00e9flexion sur la relation entre r\u00e9alit\u00e9, illusion et symbole. En ce sens, je consid\u00e8re important ce que Mimma della Cagnoletta a \u00e9crit dans Art-th\u00e9rapie. La perspective psychodynamique : reprenant Milner et Winnicot, elle &#8230;<\/div>\n<div class=\"pt-cv-rmwrap\"><a href=\"https:\/\/bibliotheque-sfpe-at.com\/index.php\/2024\/06\/21\/mesure-et-demesure-dans-la-sensibilite-feminine-les-petits-mondes-dargile-dania\/\" class=\"_self pt-cv-readmore btn btn-success\" target=\"_self\" >Lire La Suite\u2026<\/a><\/div><\/div>\n<div class=\" pt-cv-content-item pt-cv-1-col\" ><div class=\"pt-cv-taxoterm above_title\"><a href='https:\/\/bibliotheque-sfpe-at.com\/index.php\/category\/auteurs\/chemama-steiner-beatrice\/' title='Chemama-Steiner B\u00e9atrice' class='pt-cv-tax-chemama-steiner-beatrice'>Chemama-Steiner B\u00e9atrice<\/a><\/div>\n<h4 class=\"pt-cv-title\"><a href=\"https:\/\/bibliotheque-sfpe-at.com\/index.php\/2024\/06\/22\/quand-la-demesure-donne-la-mesure\/\" class=\"_self\" target=\"_self\" >Quand la d\u00e9mesure donne la mesure<\/a><\/h4>\n<div class=\"pt-cv-content\">Dur\u00e9e de l\u2019hospitalisation, profusion de dessins, peintures, \u00e9crits, tout est d\u00e9mesur\u00e9 chez ce patient ! V\u00e9ritable homme-orchestre, il joue sur tous les registres d\u2019une cr\u00e9ativit\u00e9 d\u00e9bordante. Le professeur Volmat a confi\u00e9 \u00e0 la SFPE-AT le soin de prot\u00e9ger et de conserver pas moins de 382 &#8230;<\/div>\n<div class=\"pt-cv-rmwrap\"><a href=\"https:\/\/bibliotheque-sfpe-at.com\/index.php\/2024\/06\/22\/quand-la-demesure-donne-la-mesure\/\" class=\"_self pt-cv-readmore btn btn-success\" target=\"_self\" >Lire La Suite\u2026<\/a><\/div><\/div>\n<div class=\" pt-cv-content-item pt-cv-1-col\" ><div class=\"pt-cv-taxoterm above_title\"><a href='https:\/\/bibliotheque-sfpe-at.com\/index.php\/category\/auteurs\/beuvin-flavie\/' title='Beuvin Flavie' class='pt-cv-tax-beuvin-flavie'>Beuvin Flavie<\/a><\/div>\n<h4 class=\"pt-cv-title\"><a href=\"https:\/\/bibliotheque-sfpe-at.com\/index.php\/2024\/06\/23\/le-corps-createur-a-lecoute-des-formes-resonnantes\/\" class=\"_self\" target=\"_self\" >Le corps cr\u00e9ateur \u00e0 l\u2019\u00e9coute des formes r\u00e9sonnantes<\/a><\/h4>\n<div class=\"pt-cv-content\">S\u00e9raphine Louis entend des voix divines qui lui promettent de grands projets artistiques. Elle est \u00e9lue peintre et fleuriste de la Vierge. Augustin Lesage vit le m\u00eame sacre, au fond de la mine. Il entend alors une lumineuse pr\u00e9diction qui lui annonce sa vocation de &#8230;<\/div>\n<div class=\"pt-cv-rmwrap\"><a href=\"https:\/\/bibliotheque-sfpe-at.com\/index.php\/2024\/06\/23\/le-corps-createur-a-lecoute-des-formes-resonnantes\/\" class=\"_self pt-cv-readmore btn btn-success\" target=\"_self\" >Lire La Suite\u2026<\/a><\/div><\/div>\n<div class=\" pt-cv-content-item pt-cv-1-col\" ><div class=\"pt-cv-taxoterm above_title\"><a href='https:\/\/bibliotheque-sfpe-at.com\/index.php\/category\/auteurs\/vasseur-alain\/' title='Vasseur Alain' class='pt-cv-tax-vasseur-alain'>Vasseur Alain<\/a><\/div>\n<h4 class=\"pt-cv-title\"><a href=\"https:\/\/bibliotheque-sfpe-at.com\/index.php\/2024\/06\/24\/latelier-dart-therapie-un-recueillement-vers-le-simple-un-deploiement-vers-limmense\/\" class=\"_self\" target=\"_self\" >L\u2019atelier d\u2019art-th\u00e9rapie, un recueillement vers le simple, un d\u00e9ploiement vers l\u2019immense<\/a><\/h4>\n<div class=\"pt-cv-content\">Nous vivons dans le d\u00e9saveu et la d\u00e9ception des grandes r\u00e9volutions, des grands projets de soci\u00e9t\u00e9. Mais l\u2019urgence \u00e0 laquelle ils voulaient r\u00e9pondre n\u2019a pas disparu. L\u2019enjeu ne se r\u00e9sume pas \u00e0 quelques questions, comme par exemple le sens de la vie. L\u2019enjeu est dans &#8230;<\/div>\n<div class=\"pt-cv-rmwrap\"><a href=\"https:\/\/bibliotheque-sfpe-at.com\/index.php\/2024\/06\/24\/latelier-dart-therapie-un-recueillement-vers-le-simple-un-deploiement-vers-limmense\/\" class=\"_self pt-cv-readmore btn btn-success\" target=\"_self\" >Lire La Suite\u2026<\/a><\/div><\/div>\n<div class=\" pt-cv-content-item pt-cv-1-col\" ><div class=\"pt-cv-taxoterm above_title\"><a href='https:\/\/bibliotheque-sfpe-at.com\/index.php\/category\/auteurs\/nathan-murat-mireille\/' title='Nathan-Murat Mireille' class='pt-cv-tax-nathan-murat-mireille'>Nathan-Murat Mireille<\/a><\/div>\n<h4 class=\"pt-cv-title\"><a href=\"https:\/\/bibliotheque-sfpe-at.com\/index.php\/2024\/06\/25\/privation-des-pratiques-culturelles-apaisantes-et-contention-en-hospitalisation-psychiatrique\/\" class=\"_self\" target=\"_self\" >Privation des pratiques culturelles apaisantes et contention en hospitalisation psychiatrique<\/a><\/h4>\n<div class=\"pt-cv-content\">Retrait\u00e9e, j\u2019ai re\u00e7u un appel \u00e0 l\u2019aide de l\u2019un de mes anciens patients, qui avait \u00e9t\u00e9 en psychoth\u00e9rapie analytique \u00e0 mon cabinet durant quatre ans. La pratique de l\u2019\u00e9criture \u00e9tait alors un \u00e9l\u00e9ment structurant de sa pens\u00e9e et de ses \u00e9changes, y compris dans la &#8230;<\/div>\n<div class=\"pt-cv-rmwrap\"><a href=\"https:\/\/bibliotheque-sfpe-at.com\/index.php\/2024\/06\/25\/privation-des-pratiques-culturelles-apaisantes-et-contention-en-hospitalisation-psychiatrique\/\" class=\"_self pt-cv-readmore btn btn-success\" target=\"_self\" >Lire La Suite\u2026<\/a><\/div><\/div><\/div><\/div> <\/div> <style>\n\n#pt-cv-view-3i0h7lt2 .pt-cv-meta-fields {  }#pt-cv-view-3i0h7lt2 .pt-cv-meta-fields * { font-size: 13px; }#pt-cv-view-3i0h7lt2 .pt-cv-thumb-wrapper:not(.miniwrap) {  }#pt-cv-view-3i0h7lt2 .pt-cv-thumbnail:not(.pt-cv-thumbnailsm) { height: 250px; }#pt-cv-view-3i0h7lt2 .pt-cv-title a { display: block;color: #a83838; }#pt-cv-view-3i0h7lt2 .pt-cv-title:not(.pt-cv-titlesm) a { font-weight: 600;text-decoration: none;font-size: 20px; }#pt-cv-view-3i0h7lt2 .pt-cv-titlesm a { font-weight: 600;font-size: 18px; }#pt-cv-view-3i0h7lt2 .pt-cv-content { font-size: 12px; }#pt-cv-view-3i0h7lt2 .pt-cv-rmwrap {  }#pt-cv-view-3i0h7lt2 .pt-cv-readmore { color: #951a1a;background-color: #ffffff00;font-style: italic;font-size: 12px; }#pt-cv-view-3i0h7lt2 .pt-cv-taxoterm {  }#pt-cv-view-3i0h7lt2 .pt-cv-taxoterm * { color: #9badb7;background-color: #f5f0f057;border-style: solid;font-size: 14px;border-width: 1.5px 1.5px 1.5px 1.5px;border-radius: 8px 8px 8px 8px; }#pt-cv-view-3i0h7lt2 + .pt-cv-pagination-wrapper {  }#pt-cv-view-3i0h7lt2 + .pt-cv-pagination-wrapper a { font-size: 14px; }#pt-cv-view-3i0h7lt2 > .pt-cv-page {grid-template-columns: repeat(4, 1fr);grid-gap: 13px;}\n@media all and (max-width: 1024px) { \n#pt-cv-view-3i0h7lt2 > .pt-cv-page {}\n} \n@media all and (max-width: 767px) { \n#pt-cv-view-3i0h7lt2 > .pt-cv-page {grid-template-columns: repeat(1, 1fr);}\n} <\/style>\n\n\n<p><\/p>\n","protected":false},"excerpt":{"rendered":"<p>Nulle sym\u00e9trie, aucun antagonisme sous-jacents au jumelage de ces deux notions&nbsp;: seulement la suggestion d\u2019une probl\u00e9matique qui les associerait. Dans notre langue, la double r\u00e9sonance du mot mesure, \u00e9cartel\u00e9 entre d\u2019une part rigueur math\u00e9matique, architecturale, plus largement scientifique aux implications multiples et de l\u2019autre les plus risqu\u00e9es des appr\u00e9ciations philosophiques,&hellip;<\/p>\n","protected":false},"author":2,"featured_media":555,"comment_status":"closed","ping_status":"open","sticky":false,"template":"","format":"standard","meta":{"pmpro_default_level":"","ngg_post_thumbnail":0,"footnotes":""},"categories":[2],"tags":[27],"class_list":["post-419","post","type-post","status-publish","format-standard","has-post-thumbnail","hentry","category-journees-dautomne","tag-apres-2010","pmpro-has-access"],"_links":{"self":[{"href":"https:\/\/bibliotheque-sfpe-at.com\/index.php\/wp-json\/wp\/v2\/posts\/419","targetHints":{"allow":["GET"]}}],"collection":[{"href":"https:\/\/bibliotheque-sfpe-at.com\/index.php\/wp-json\/wp\/v2\/posts"}],"about":[{"href":"https:\/\/bibliotheque-sfpe-at.com\/index.php\/wp-json\/wp\/v2\/types\/post"}],"author":[{"embeddable":true,"href":"https:\/\/bibliotheque-sfpe-at.com\/index.php\/wp-json\/wp\/v2\/users\/2"}],"replies":[{"embeddable":true,"href":"https:\/\/bibliotheque-sfpe-at.com\/index.php\/wp-json\/wp\/v2\/comments?post=419"}],"version-history":[{"count":6,"href":"https:\/\/bibliotheque-sfpe-at.com\/index.php\/wp-json\/wp\/v2\/posts\/419\/revisions"}],"predecessor-version":[{"id":1706,"href":"https:\/\/bibliotheque-sfpe-at.com\/index.php\/wp-json\/wp\/v2\/posts\/419\/revisions\/1706"}],"wp:featuredmedia":[{"embeddable":true,"href":"https:\/\/bibliotheque-sfpe-at.com\/index.php\/wp-json\/wp\/v2\/media\/555"}],"wp:attachment":[{"href":"https:\/\/bibliotheque-sfpe-at.com\/index.php\/wp-json\/wp\/v2\/media?parent=419"}],"wp:term":[{"taxonomy":"category","embeddable":true,"href":"https:\/\/bibliotheque-sfpe-at.com\/index.php\/wp-json\/wp\/v2\/categories?post=419"},{"taxonomy":"post_tag","embeddable":true,"href":"https:\/\/bibliotheque-sfpe-at.com\/index.php\/wp-json\/wp\/v2\/tags?post=419"}],"curies":[{"name":"wp","href":"https:\/\/api.w.org\/{rel}","templated":true}]}}