{"id":426,"date":"2022-04-03T11:29:24","date_gmt":"2022-04-03T11:29:24","guid":{"rendered":"http:\/\/localhost\/Wordpress\/?p=426"},"modified":"2024-06-13T19:46:00","modified_gmt":"2024-06-13T17:46:00","slug":"linattendu","status":"publish","type":"post","link":"https:\/\/bibliotheque-sfpe-at.com\/index.php\/2022\/04\/03\/linattendu\/","title":{"rendered":"L&rsquo;Inattendu"},"content":{"rendered":"<div class=\"wp-block-image\">\n<figure class=\"alignright size-large is-resized\"><a href=\"https:\/\/bibliotheque-sfpe-at.com\/wp-content\/uploads\/2024\/06\/RA018-LInattendu.jpg\"><img loading=\"lazy\" decoding=\"async\" width=\"724\" height=\"1024\" src=\"https:\/\/bibliotheque-sfpe-at.com\/wp-content\/uploads\/2024\/06\/RA018-LInattendu-724x1024.jpg\" alt=\"\" class=\"wp-image-1608\" style=\"width:350px\" srcset=\"https:\/\/bibliotheque-sfpe-at.com\/wp-content\/uploads\/2024\/06\/RA018-LInattendu-724x1024.jpg 724w, https:\/\/bibliotheque-sfpe-at.com\/wp-content\/uploads\/2024\/06\/RA018-LInattendu-600x848.jpg 600w, https:\/\/bibliotheque-sfpe-at.com\/wp-content\/uploads\/2024\/06\/RA018-LInattendu-212x300.jpg 212w, https:\/\/bibliotheque-sfpe-at.com\/wp-content\/uploads\/2024\/06\/RA018-LInattendu-768x1086.jpg 768w, https:\/\/bibliotheque-sfpe-at.com\/wp-content\/uploads\/2024\/06\/RA018-LInattendu-241x340.jpg 241w, https:\/\/bibliotheque-sfpe-at.com\/wp-content\/uploads\/2024\/06\/RA018-LInattendu-425x600.jpg 425w, https:\/\/bibliotheque-sfpe-at.com\/wp-content\/uploads\/2024\/06\/RA018-LInattendu.jpg 849w\" sizes=\"auto, (max-width: 724px) 100vw, 724px\" \/><\/a><\/figure>\n<\/div>\n\n\n<p><\/p>\n\n\n\n<p>Saint Hubert et saint Paul croisent sur leur chemin l\u2019inattendu : c\u2019est le choc de la r\u00e9v\u00e9lation. Un jeune psychiatre espagnol exil\u00e9 arrive par hasard sur les hauts plateaux isol\u00e9s et d\u00e9sertiques de la Loz\u00e8re. C\u2019est la d\u00e9couverte de la psychoth\u00e9rapie institutionnelle mais qui ne fut possible que par les circonstances de la guerre. Le peintre qui sait se saisir de l\u2019accident sur la toile pour changer son regard ; le musicien lou\u00e9 pour ses improvisations, mais possibles gr\u00e2ce \u00e0 un long travail ; l\u2019inventeur au prix d\u2019une longue recherche ; le patient qui p\u00e9n\u00e8tre la premi\u00e8re fois dans l\u2019atelier d\u2019art-th\u00e9rapie dans les effusions de ses affects ; le visiteur qui re\u00e7oit le choc face \u00e0 une \u0153uvre dans un mus\u00e9e. Autant de formes de l\u2019inattendu. Toujours l\u2019aff\u00fbt de l\u2019inspiration, conscient ou inconscient, comme pour l\u2019ange de la Melancholia de D\u00fcrer.<\/p>\n\n\n\n<p>Jailli de l\u2019absence, de mise en tension apparente vers un objet, est-il toujours le m\u00eame, surprise, impr\u00e9voyance, technique assum\u00e9e, avec profonds changements ou subtiles r\u00e9interpr\u00e9tations ? Le sujet n\u2019est pas vide, certes, mais pourquoi les manifestations si diverses de ses contenus, et quelles r\u00e9actions dans l\u2019apr\u00e8s-coup ? D\u2019ailleurs est-il uniquement du c\u00f4t\u00e9 du sujet ou de l\u2019entourage, avec quelles cons\u00e9quences ?<\/p>\n\n\n\n<p>La psychopathologie est aussi un th\u00e9\u00e2tre de l\u2019inattendu, qui peut nous aider \u00e0 mieux le d\u00e9finir et expliquer sa diversit\u00e9 et ses al\u00e9as. Allant des manifestations n\u00e9vrotiques du refoulement, avec leur sublimation mais inscrites dans le social, \u00e0 l\u2019effondrement de la psychose. Soubresaut dans la continuit\u00e9 d\u2019un c\u00f4t\u00e9, ou rupture dans la continuit\u00e9 de l\u2019\u00eatre de l\u2019autre. \u00c0 moins que l\u2019effet de surprise ne soit utilis\u00e9 dans le jeu ou la manipulation.<\/p>\n\n\n\n<p>Toujours associ\u00e9 \u00e0 la cr\u00e9ation, pour l\u2019\u0153uvre ou pour le soi, comment l\u2019utiliser en art-th\u00e9rapie ?&nbsp;<\/p>\n\n\n\n<p><\/p>\n\n\n<div class='pt-cv-wrapper'> <div class=\"pt-cv-view pt-cv-blockgrid iscvblock iscvreal grid1 layout2 cveffect-zoomin\" id=\"pt-cv-view-3i0h7lt2\"><div data-id=\"pt-cv-page-1\" class=\"pt-cv-page\" data-cvc=\"4\"><div class=\" pt-cv-content-item pt-cv-1-col\" ><div class=\"pt-cv-taxoterm above_title\"><a href='https:\/\/bibliotheque-sfpe-at.com\/index.php\/category\/auteurs\/rigaud-bernard\/' title='Rigaud Bernard' class='pt-cv-tax-rigaud-bernard'>Rigaud Bernard<\/a><\/div>\n<h4 class=\"pt-cv-title\"><a href=\"https:\/\/bibliotheque-sfpe-at.com\/index.php\/2024\/06\/13\/le-reel-cest-ce-quon-nattendait-pas\/\" class=\"_self\" target=\"_self\" >Le r\u00e9el, c\u2019est ce qu\u2019on n\u2019attendait pas\u2026<\/a><\/h4>\n<div class=\"pt-cv-content\">La formule du philosophe Henri Maldiney, penseur de l\u2019homme et de la folie, penseur de l\u2019art, du langage et de l\u2019art-th\u00e9rapie, est maintenant assez connue\u2026 Elle est capitale pour une nouvelle approche de la psychopathologie et de l\u2019esth\u00e9tique. Lacan, lui, \u00e9crit que \u00ab le r\u00e9el, &#8230;<\/div>\n<div class=\"pt-cv-rmwrap\"><a href=\"https:\/\/bibliotheque-sfpe-at.com\/index.php\/2024\/06\/13\/le-reel-cest-ce-quon-nattendait-pas\/\" class=\"_self pt-cv-readmore btn btn-success\" target=\"_self\" >Lire La Suite\u2026<\/a><\/div><\/div>\n<div class=\" pt-cv-content-item pt-cv-1-col\" ><div class=\"pt-cv-taxoterm above_title\"><a href='https:\/\/bibliotheque-sfpe-at.com\/index.php\/category\/auteurs\/mourtada-youssef\/' title='Mourtada Youssef' class='pt-cv-tax-mourtada-youssef'>Mourtada Youssef<\/a><\/div>\n<h4 class=\"pt-cv-title\"><a href=\"https:\/\/bibliotheque-sfpe-at.com\/index.php\/2024\/06\/13\/lattente\/\" class=\"_self\" target=\"_self\" >L&rsquo;attente<\/a><\/h4>\n<div class=\"pt-cv-content\">L\u2019attente comme l\u2019attentat ne laissent pas indiff\u00e9rent : dans l\u2019un et l\u2019autre, on se retrouve confront\u00e9 \u00e0 l\u2019inattendu. Cet inattendu, c\u2019est la devinette fort spirituelle de saint Augustin, cette chose finie et lieu d\u2019infini qui nous \u00e9veille \u00e0 notre existence, cette chose grandiose qui est &#8230;<\/div>\n<div class=\"pt-cv-rmwrap\"><a href=\"https:\/\/bibliotheque-sfpe-at.com\/index.php\/2024\/06\/13\/lattente\/\" class=\"_self pt-cv-readmore btn btn-success\" target=\"_self\" >Lire La Suite\u2026<\/a><\/div><\/div>\n<div class=\" pt-cv-content-item pt-cv-1-col\" ><div class=\"pt-cv-taxoterm above_title\"><a href='https:\/\/bibliotheque-sfpe-at.com\/index.php\/category\/auteurs\/barthelemy-jean-marie\/' title='Barth\u00e9l\u00e9my Jean-Marie' class='pt-cv-tax-barthelemy-jean-marie'>Barth\u00e9l\u00e9my Jean-Marie<\/a><\/div>\n<h4 class=\"pt-cv-title\"><a href=\"https:\/\/bibliotheque-sfpe-at.com\/index.php\/2024\/06\/13\/ca-se-merite-linattendu\/\" class=\"_self\" target=\"_self\" >\u00c7a se m\u00e9rite, l\u2019inattendu\u2026\u00a0!<\/a><\/h4>\n<div class=\"pt-cv-content\">Entre un jeune chercheur qui confiait \u00e0 notre relecture m\u00e9dus\u00e9e son premier projet de publication, dont une \u00ab conclusion \u00bb compos\u00e9e d\u2019une litanie monotone de paragraphes commen\u00e7ant presque tous par \u00ab Comme attendu \u00bb, et une patiente ang\u00e9lique qui, \u00e0 contresens de notre bienveillance t\u00e9l\u00e9guid\u00e9e, &#8230;<\/div>\n<div class=\"pt-cv-rmwrap\"><a href=\"https:\/\/bibliotheque-sfpe-at.com\/index.php\/2024\/06\/13\/ca-se-merite-linattendu\/\" class=\"_self pt-cv-readmore btn btn-success\" target=\"_self\" >Lire La Suite\u2026<\/a><\/div><\/div>\n<div class=\" pt-cv-content-item pt-cv-1-col\" ><div class=\"pt-cv-taxoterm above_title\"><a href='https:\/\/bibliotheque-sfpe-at.com\/index.php\/category\/auteurs\/chemin-isabelle\/' title='Chemin Isabelle' class='pt-cv-tax-chemin-isabelle'>Chemin Isabelle<\/a><\/div>\n<h4 class=\"pt-cv-title\"><a href=\"https:\/\/bibliotheque-sfpe-at.com\/index.php\/2024\/06\/13\/echanges-ecocitoyens-entre-plage-et-banquise\/\" class=\"_self\" target=\"_self\" >\u00c9changes \u00e9cocitoyens entre plage et banquise<\/a><\/h4>\n<div class=\"pt-cv-content\">Entre d\u00e9cembre 2021 et f\u00e9vrier 2022, des ateliers hebdomadaires en foyer de vie sur le th\u00e8me de l\u2019\u00e9cocitoyennet\u00e9 ont permis un partage inattendu entre un groupe de r\u00e9sidents handicap\u00e9s et les chercheurs hivernants de la base Dumont d\u2019\u2019Urville en Antarctique. Le mot \u00ab inattendu \u00bb &#8230;<\/div>\n<div class=\"pt-cv-rmwrap\"><a href=\"https:\/\/bibliotheque-sfpe-at.com\/index.php\/2024\/06\/13\/echanges-ecocitoyens-entre-plage-et-banquise\/\" class=\"_self pt-cv-readmore btn btn-success\" target=\"_self\" >Lire La Suite\u2026<\/a><\/div><\/div>\n<div class=\" pt-cv-content-item pt-cv-1-col\" ><div class=\"pt-cv-taxoterm above_title\"><a href='https:\/\/bibliotheque-sfpe-at.com\/index.php\/category\/auteurs\/berthelot-pascale\/' title='Berthelot Pascale' class='pt-cv-tax-berthelot-pascale'>Berthelot Pascale<\/a><\/div>\n<h4 class=\"pt-cv-title\"><a href=\"https:\/\/bibliotheque-sfpe-at.com\/index.php\/2024\/06\/13\/aux-bords-de-la-fatigue-le-beau-raccord\/\" class=\"_self\" target=\"_self\" >Aux bords de la fatigue, le beau raccord<\/a><\/h4>\n<div class=\"pt-cv-content\">La fatigue est le plus modeste des malheurs, le plus neutre, une exp\u00e9rience qui absorbe sans mettre en question, que je rapprocherais presque de la nonchalance. Mani\u00e8re d\u2019\u00eatre ou d\u2019agir caract\u00e9ris\u00e9e par une absence ou quasi-absence d\u2019\u00e9nergie, de z\u00e8le, de soin, due \u00e0 l\u2019insouciance, en &#8230;<\/div>\n<div class=\"pt-cv-rmwrap\"><a href=\"https:\/\/bibliotheque-sfpe-at.com\/index.php\/2024\/06\/13\/aux-bords-de-la-fatigue-le-beau-raccord\/\" class=\"_self pt-cv-readmore btn btn-success\" target=\"_self\" >Lire La Suite\u2026<\/a><\/div><\/div>\n<div class=\" pt-cv-content-item pt-cv-1-col\" ><div class=\"pt-cv-taxoterm above_title\"><a href='https:\/\/bibliotheque-sfpe-at.com\/index.php\/category\/auteurs\/vasseur-alain\/' title='Vasseur Alain' class='pt-cv-tax-vasseur-alain'>Vasseur Alain<\/a><\/div>\n<h4 class=\"pt-cv-title\"><a href=\"https:\/\/bibliotheque-sfpe-at.com\/index.php\/2024\/06\/13\/linattendu-un-inconnu-retrouve\/\" class=\"_self\" target=\"_self\" >L\u2019inattendu, un inconnu retrouv\u00e9<\/a><\/h4>\n<div class=\"pt-cv-content\">Sous l\u2019effet d\u00e9formant d\u2019une privation souvent mythique, v\u00e9cue comme un d\u00e9terminisme, l\u2019individu se refuse en quelque sorte \u00e0 lui-m\u00eame, \u00e0 sa possibilit\u00e9 d\u2019habiter le monde qui l\u2019entoure, d\u2019\u00eatre pr\u00e9sent \u00e0 ce monde. Cette pr\u00e9sence au monde, o\u00f9 le \u00ab Je \u00bb et le \u00ab Nous &#8230;<\/div>\n<div class=\"pt-cv-rmwrap\"><a href=\"https:\/\/bibliotheque-sfpe-at.com\/index.php\/2024\/06\/13\/linattendu-un-inconnu-retrouve\/\" class=\"_self pt-cv-readmore btn btn-success\" target=\"_self\" >Lire La Suite\u2026<\/a><\/div><\/div>\n<div class=\" pt-cv-content-item pt-cv-1-col\" ><div class=\"pt-cv-taxoterm above_title\"><a href='https:\/\/bibliotheque-sfpe-at.com\/index.php\/category\/auteurs\/ferrieres-pestureau-suzanne\/' title='Ferri\u00e8res-Pestureau Suzanne' class='pt-cv-tax-ferrieres-pestureau-suzanne'>Ferri\u00e8res-Pestureau Suzanne<\/a><\/div>\n<h4 class=\"pt-cv-title\"><a href=\"https:\/\/bibliotheque-sfpe-at.com\/index.php\/2024\/06\/13\/quand-linattendu-fait-signe-vers-linvisible\/\" class=\"_self\" target=\"_self\" >Quand l\u2019inattendu fait signe vers l\u2019invisible<\/a><\/h4>\n<div class=\"pt-cv-content\">Face \u00e0 certaines toiles de Vilhelm Hammersho\u00ef, le spectateur, captiv\u00e9 par la beaut\u00e9 de l\u2019\u0153uvre, peut soudain se sentir d\u00e9sar\u00e7onn\u00e9 par un d\u00e9tail inattendu qui le plonge dans un sentiment d\u2019inqui\u00e9tante \u00e9tranget\u00e9. Ce d\u00e9tail insolite, qui se caract\u00e9rise notamment par l\u2019absence de quelque chose d\u2019attendu &#8230;<\/div>\n<div class=\"pt-cv-rmwrap\"><a href=\"https:\/\/bibliotheque-sfpe-at.com\/index.php\/2024\/06\/13\/quand-linattendu-fait-signe-vers-linvisible\/\" class=\"_self pt-cv-readmore btn btn-success\" target=\"_self\" >Lire La Suite\u2026<\/a><\/div><\/div>\n<div class=\" pt-cv-content-item pt-cv-1-col\" ><div class=\"pt-cv-taxoterm above_title\"><a href='https:\/\/bibliotheque-sfpe-at.com\/index.php\/category\/auteurs\/dournier-claire\/' title='Dournier Claire' class='pt-cv-tax-dournier-claire'>Dournier Claire<\/a><\/div>\n<h4 class=\"pt-cv-title\"><a href=\"https:\/\/bibliotheque-sfpe-at.com\/index.php\/2024\/06\/13\/linattendu-laccident-de-surface\/\" class=\"_self\" target=\"_self\" >L\u2019inattendu, l\u2019accident de surface\u00a0?<\/a><\/h4>\n<div class=\"pt-cv-content\">L\u2019inattendu convoque le hasard, \u00ab le hasard accept\u00e9 \u00bb pour Soulages ; il convoque la surprise, l\u2019impr\u00e9vu, la n\u00e9cessit\u00e9 de prendre des risques et de saisir sa chance. Quels liens de pens\u00e9e peuvent \u00eatre faits entre l\u2019exp\u00e9rience esth\u00e9tique, ouverte par le travail artistique de Pierre &#8230;<\/div>\n<div class=\"pt-cv-rmwrap\"><a href=\"https:\/\/bibliotheque-sfpe-at.com\/index.php\/2024\/06\/13\/linattendu-laccident-de-surface\/\" class=\"_self pt-cv-readmore btn btn-success\" target=\"_self\" >Lire La Suite\u2026<\/a><\/div><\/div>\n<div class=\" pt-cv-content-item pt-cv-1-col\" ><div class=\"pt-cv-taxoterm above_title\"><a href='https:\/\/bibliotheque-sfpe-at.com\/index.php\/category\/auteurs\/martineau-jean-pierre\/' title='Martineau Jean-Pierre' class='pt-cv-tax-martineau-jean-pierre'>Martineau Jean-Pierre<\/a><\/div>\n<h4 class=\"pt-cv-title\"><a href=\"https:\/\/bibliotheque-sfpe-at.com\/index.php\/2024\/06\/13\/paradoxe-de-lattente-de-linattendu-eclair\/\" class=\"_self\" target=\"_self\" >Paradoxe de l\u2019attente de l\u2019inattendu \u00e9clair<\/a><\/h4>\n<div class=\"pt-cv-content\">Comme une exclamation face aux yeux des vivants \u00e9ph\u00e9m\u00e8res, un \u00e9clair d\u2019or fend l\u2019azur \u00e9ternel et s\u2019enfonce dans la terre pour s\u2019unir avec les filons de la beaut\u00e9 pr\u00e9cieuse. Les arts attestent la co\u00efncidence aventureuse qui implique un lien paradoxal entre attente patiente et inattendu &#8230;<\/div>\n<div class=\"pt-cv-rmwrap\"><a href=\"https:\/\/bibliotheque-sfpe-at.com\/index.php\/2024\/06\/13\/paradoxe-de-lattente-de-linattendu-eclair\/\" class=\"_self pt-cv-readmore btn btn-success\" target=\"_self\" >Lire La Suite\u2026<\/a><\/div><\/div>\n<div class=\" pt-cv-content-item pt-cv-1-col\" ><div class=\"pt-cv-taxoterm above_title\"><a href='https:\/\/bibliotheque-sfpe-at.com\/index.php\/category\/auteurs\/katz-mazilu-irina\/' title='Katz-Mazilu Irina' class='pt-cv-tax-katz-mazilu-irina'>Katz-Mazilu Irina<\/a><\/div>\n<h4 class=\"pt-cv-title\"><a href=\"https:\/\/bibliotheque-sfpe-at.com\/index.php\/2024\/06\/13\/attendre-linattendu\/\" class=\"_self\" target=\"_self\" >Attendre l\u2019inattendu<\/a><\/h4>\n<div class=\"pt-cv-content\">En art-th\u00e9rapie, l\u2019impr\u00e9visible guette malgr\u00e9 tous nos efforts d\u2019organisation. Est-ce \u00e0 craindre, comme une \u00e9p\u00e9e de Damocl\u00e8s, ou \u00e0 esp\u00e9rer, comme une bonne surprise ? Les deux, et bien plus encore, dans l\u2019infinie gamme d\u2019\u00e9v\u00e9nements que la vie nous procure. Fond\u00e9e sur le principe de &#8230;<\/div>\n<div class=\"pt-cv-rmwrap\"><a href=\"https:\/\/bibliotheque-sfpe-at.com\/index.php\/2024\/06\/13\/attendre-linattendu\/\" class=\"_self pt-cv-readmore btn btn-success\" target=\"_self\" >Lire La Suite\u2026<\/a><\/div><\/div>\n<div class=\" pt-cv-content-item pt-cv-1-col\" ><div class=\"pt-cv-taxoterm above_title\"><a href='https:\/\/bibliotheque-sfpe-at.com\/index.php\/category\/auteurs\/chemama-steiner-beatrice\/' title='Chemama-Steiner B\u00e9atrice' class='pt-cv-tax-chemama-steiner-beatrice'>Chemama-Steiner B\u00e9atrice<\/a><\/div>\n<h4 class=\"pt-cv-title\"><a href=\"https:\/\/bibliotheque-sfpe-at.com\/index.php\/2024\/06\/13\/linattendu-vice-versa\/\" class=\"_self\" target=\"_self\" >L\u2019inattendu, vice versa<\/a><\/h4>\n<div class=\"pt-cv-content\">Apr\u00e8s tout, l\u2019inattendu, c\u2019est bien ce qu\u2019attend tout th\u00e9rapeute. Que \u00ab quelque chose \u00bb, qui ne peut pas se savoir d\u2019avance, \u00e9merge de la rencontre avec le sujet. Et que ce quelque chose, surgi \u00e0 l\u2019insu du sujet mais \u00e0 la faveur de l\u2019\u00e9change transf\u00e9rentiel, &#8230;<\/div>\n<div class=\"pt-cv-rmwrap\"><a href=\"https:\/\/bibliotheque-sfpe-at.com\/index.php\/2024\/06\/13\/linattendu-vice-versa\/\" class=\"_self pt-cv-readmore btn btn-success\" target=\"_self\" >Lire La Suite\u2026<\/a><\/div><\/div>\n<div class=\" pt-cv-content-item pt-cv-1-col\" ><div class=\"pt-cv-taxoterm above_title\"><a href='https:\/\/bibliotheque-sfpe-at.com\/index.php\/category\/auteurs\/masson-sophie\/' title='Masson Sophie' class='pt-cv-tax-masson-sophie'>Masson Sophie<\/a><\/div>\n<h4 class=\"pt-cv-title\"><a href=\"https:\/\/bibliotheque-sfpe-at.com\/index.php\/2024\/06\/13\/rencontre-avec-rembrandt\/\" class=\"_self\" target=\"_self\" >Rencontre avec Rembrandt<\/a><\/h4>\n<div class=\"pt-cv-content\">Dans la communication que je souhaite pr\u00e9senter, j\u2019\u00e9voquerai le parcours cr\u00e9atif de M. S. Je l\u2019ai accompagn\u00e9 en art-th\u00e9rapie dans un groupe accueil \/ collage et dans un groupe peinture, pendant deux ans, dans le cadre d\u2019un h\u00f4pital de jour addiction et psychiatrie. Tr\u00e8s vite, &#8230;<\/div>\n<div class=\"pt-cv-rmwrap\"><a href=\"https:\/\/bibliotheque-sfpe-at.com\/index.php\/2024\/06\/13\/rencontre-avec-rembrandt\/\" class=\"_self pt-cv-readmore btn btn-success\" target=\"_self\" >Lire La Suite\u2026<\/a><\/div><\/div>\n<div class=\" pt-cv-content-item pt-cv-1-col\" ><div class=\"pt-cv-taxoterm above_title\"><a href='https:\/\/bibliotheque-sfpe-at.com\/index.php\/category\/auteurs\/granier-francois\/' title='Granier Fran\u00e7ois' class='pt-cv-tax-granier-francois'>Granier Fran\u00e7ois<\/a><\/div>\n<h4 class=\"pt-cv-title\"><a href=\"https:\/\/bibliotheque-sfpe-at.com\/index.php\/2024\/06\/13\/le-premier-inattendu-dans-lhistoire-de-lart-lart-paleolithique-parietal\/\" class=\"_self\" target=\"_self\" >Le premier inattendu dans l\u2019histoire de l\u2019art\u00a0: l\u2019art pal\u00e9olithique pari\u00e9tal<\/a><\/h4>\n<div class=\"pt-cv-content\">L\u2019art pal\u00e9olithique pari\u00e9tal est la premi\u00e8re manifestation de l\u2019art de l\u2019homme moderne. Elle r\u00e9v\u00e8le une des sp\u00e9cificit\u00e9s de notre humanit\u00e9. La pr\u00e9histoire est maintenant l\u2019objet de nombreuses \u00e9tudes scientifiques interdisciplinaires. Mais elle a aussi d\u2019embl\u00e9e int\u00e9ress\u00e9 de nombreux artistes modernes. Les publications et les expositions &#8230;<\/div>\n<div class=\"pt-cv-rmwrap\"><a href=\"https:\/\/bibliotheque-sfpe-at.com\/index.php\/2024\/06\/13\/le-premier-inattendu-dans-lhistoire-de-lart-lart-paleolithique-parietal\/\" class=\"_self pt-cv-readmore btn btn-success\" target=\"_self\" >Lire La Suite\u2026<\/a><\/div><\/div>\n<div class=\" pt-cv-content-item pt-cv-1-col\" ><div class=\"pt-cv-taxoterm above_title\"><a href='https:\/\/bibliotheque-sfpe-at.com\/index.php\/category\/auteurs\/schiltz-lony\/' title='Schiltz Lony' class='pt-cv-tax-schiltz-lony'>Schiltz Lony<\/a><\/div>\n<h4 class=\"pt-cv-title\"><a href=\"https:\/\/bibliotheque-sfpe-at.com\/index.php\/2024\/06\/13\/personnes-en-situation-de-rupture-de-leur-projet-de-vie\/\" class=\"_self\" target=\"_self\" >Personnes en situation de rupture de leur projet de vie<\/a><\/h4>\n<div class=\"pt-cv-content\">Dans le cadre d\u2019un projet de recherche multi-annuel portant sur les relations entre les \u00e9v\u00e9nements biographiques traumatog\u00e8nes v\u00e9cus depuis l\u2019enfance et le fonctionnement structurel de la personnalit\u00e9 \u00e0 l\u2019\u00e2ge adulte, nous r\u00e9sumons quelques r\u00e9sultats cliniques et exp\u00e9rimentaux refl\u00e9tant la d\u00e9tresse des personnes en situation d\u2019exclusion &#8230;<\/div>\n<div class=\"pt-cv-rmwrap\"><a href=\"https:\/\/bibliotheque-sfpe-at.com\/index.php\/2024\/06\/13\/personnes-en-situation-de-rupture-de-leur-projet-de-vie\/\" class=\"_self pt-cv-readmore btn btn-success\" target=\"_self\" >Lire La Suite\u2026<\/a><\/div><\/div>\n<div class=\" pt-cv-content-item pt-cv-1-col\" ><div class=\"pt-cv-taxoterm above_title\"><a href='https:\/\/bibliotheque-sfpe-at.com\/index.php\/category\/auteurs\/douche-jean-michel\/' title='Douche Jean-Michel' class='pt-cv-tax-douche-jean-michel'>Douche Jean-Michel<\/a><a href='https:\/\/bibliotheque-sfpe-at.com\/index.php\/category\/auteurs\/lapchine-francois-marie\/' title='Lapchine Fran\u00e7ois-Marie' class='pt-cv-tax-lapchine-francois-marie'>Lapchine Fran\u00e7ois-Marie<\/a><a href='https:\/\/bibliotheque-sfpe-at.com\/index.php\/category\/auteurs\/rincet-maryvonne\/' title='Rincet Maryvonne' class='pt-cv-tax-rincet-maryvonne'>Rincet Maryvonne<\/a><\/div>\n<h4 class=\"pt-cv-title\"><a href=\"https:\/\/bibliotheque-sfpe-at.com\/index.php\/2024\/06\/13\/le-monde-de-tim-linattendu-dune-decouverte\/\" class=\"_self\" target=\"_self\" >Le monde de Tim, l\u2019inattendu d\u2019une d\u00e9couverte<\/a><\/h4>\n<div class=\"pt-cv-content\">Une grande caisse et une caissette rapport\u00e9e d\u2019un vide-greniers dans le sud de la Haute-Marne vont chambouler la vie de Jean-Michel, amateur d\u2019anciens contenants et de cabinets de curiosit\u00e9s. Il y d\u00e9couvre une multitude de dessins, de textes et d\u2019objets, autant de rep\u00e8res pour redonner &#8230;<\/div>\n<div class=\"pt-cv-rmwrap\"><a href=\"https:\/\/bibliotheque-sfpe-at.com\/index.php\/2024\/06\/13\/le-monde-de-tim-linattendu-dune-decouverte\/\" class=\"_self pt-cv-readmore btn btn-success\" target=\"_self\" >Lire La Suite\u2026<\/a><\/div><\/div>\n<div class=\" pt-cv-content-item pt-cv-1-col\" ><div class=\"pt-cv-taxoterm above_title\"><a href='https:\/\/bibliotheque-sfpe-at.com\/index.php\/category\/auteurs\/association-lart-du-vecu\/' title='Association L\u2019Art du v\u00e9cu' class='pt-cv-tax-association-lart-du-vecu'>Association L\u2019Art du v\u00e9cu<\/a><\/div>\n<h4 class=\"pt-cv-title\"><a href=\"https:\/\/bibliotheque-sfpe-at.com\/index.php\/2024\/06\/13\/quand-le-theatre-devient-un-soin-inattendu\/\" class=\"_self\" target=\"_self\" >Quand le th\u00e9\u00e2tre devient un soin inattendu<\/a><\/h4>\n<div class=\"pt-cv-content\">Le Th\u00e9\u00e2tre du v\u00e9cu, cr\u00e9\u00e9 en 2002 aux HUG de Gen\u00e8ve par le professeur Assal et Marcos Malavia, est un processus cr\u00e9atif capable de donner forme et corps \u00e0 une exp\u00e9rience pass\u00e9e difficile qui a pu \u00eatre refoul\u00e9e. Tout commence par l\u2019\u00e9criture d\u2019un texte relatant &#8230;<\/div>\n<div class=\"pt-cv-rmwrap\"><a href=\"https:\/\/bibliotheque-sfpe-at.com\/index.php\/2024\/06\/13\/quand-le-theatre-devient-un-soin-inattendu\/\" class=\"_self pt-cv-readmore btn btn-success\" target=\"_self\" >Lire La Suite\u2026<\/a><\/div><\/div>\n<div class=\" pt-cv-content-item pt-cv-1-col\" ><div class=\"pt-cv-taxoterm above_title\"><a href='https:\/\/bibliotheque-sfpe-at.com\/index.php\/category\/auteurs\/becquignon-arthur\/' title='Becquignon Arthur' class='pt-cv-tax-becquignon-arthur'>Becquignon Arthur<\/a><a href='https:\/\/bibliotheque-sfpe-at.com\/index.php\/category\/auteurs\/maoz-zeev\/' title='Maoz Z\u00e9\u00e9v' class='pt-cv-tax-maoz-zeev'>Maoz Z\u00e9\u00e9v<\/a><a href='https:\/\/bibliotheque-sfpe-at.com\/index.php\/category\/auteurs\/sudres-jean-luc\/' title='Sudres Jean-Luc' class='pt-cv-tax-sudres-jean-luc'>Sudres Jean-Luc<\/a><\/div>\n<h4 class=\"pt-cv-title\"><a href=\"https:\/\/bibliotheque-sfpe-at.com\/index.php\/2024\/06\/13\/de-lhypnotherapie-a-lart-therapie-manifestations-inattendues-de-linconscient\/\" class=\"_self\" target=\"_self\" >De l\u2019hypnoth\u00e9rapie \u00e0 l\u2019art-th\u00e9rapie : manifestations inattendues de l\u2019inconscient<\/a><\/h4>\n<div class=\"pt-cv-content\">\u00c0 l\u2019origine de l\u2019histoire des psychoth\u00e9rapies et de la psychiatrie, l\u2019hypnose, avec tout son cort\u00e8ge de folklores mais aussi son efficacit\u00e9, a permis d\u2019asseoir nombre de nos pratiques, dont les art-th\u00e9rapies. Aujourd\u2019hui davantage qu\u2019hier, les effets inattendus, parfois nomm\u00e9s secondaires \/ pluriels \/ additionnels, apparaissent &#8230;<\/div>\n<div class=\"pt-cv-rmwrap\"><a href=\"https:\/\/bibliotheque-sfpe-at.com\/index.php\/2024\/06\/13\/de-lhypnotherapie-a-lart-therapie-manifestations-inattendues-de-linconscient\/\" class=\"_self pt-cv-readmore btn btn-success\" target=\"_self\" >Lire La Suite\u2026<\/a><\/div><\/div>\n<div class=\" pt-cv-content-item pt-cv-1-col\" ><div class=\"pt-cv-taxoterm above_title\"><a href='https:\/\/bibliotheque-sfpe-at.com\/index.php\/category\/auteurs\/bareil-guerin-michele\/' title='Bareil-Gu\u00e9rin Mich\u00e8le' class='pt-cv-tax-bareil-guerin-michele'>Bareil-Gu\u00e9rin Mich\u00e8le<\/a><\/div>\n<h4 class=\"pt-cv-title\"><a href=\"https:\/\/bibliotheque-sfpe-at.com\/index.php\/2024\/06\/13\/pas-toucher-film\/\" class=\"_self\" target=\"_self\" >Pas toucher (film)<\/a><\/h4>\n<div class=\"pt-cv-content\">En 2020 et 2021, l\u2019inattendu pour tous, c\u2019\u00e9tait cette pand\u00e9mie et toutes les mesures de distanciation sociale. Comment chacun des acteurs, danseurs, musiciens\u2026 de l\u2019unit\u00e9 de th\u00e9rapies m\u00e9diatis\u00e9es Carrefour des expressions pouvait-il r\u00e9agir face \u00e0 ces contraintes ? En r\u00e9inventant le lien dans les ateliers &#8230;<\/div>\n<div class=\"pt-cv-rmwrap\"><a href=\"https:\/\/bibliotheque-sfpe-at.com\/index.php\/2024\/06\/13\/pas-toucher-film\/\" class=\"_self pt-cv-readmore btn btn-success\" target=\"_self\" >Lire La Suite\u2026<\/a><\/div><\/div>\n<div class=\" pt-cv-content-item pt-cv-1-col\" ><div class=\"pt-cv-taxoterm above_title\"><a href='https:\/\/bibliotheque-sfpe-at.com\/index.php\/category\/auteurs\/royol-jean-pierre\/' title='Royol Jean-Pierre' class='pt-cv-tax-royol-jean-pierre'>Royol Jean-Pierre<\/a><\/div>\n<h4 class=\"pt-cv-title\"><a href=\"https:\/\/bibliotheque-sfpe-at.com\/index.php\/2024\/06\/13\/les-tournants-de-linattendu\/\" class=\"_self\" target=\"_self\" >Les tournants de l\u2019inattendu<\/a><\/h4>\n<div class=\"pt-cv-content\">On l\u2019attendait d\u00e9bile et le voil\u00e0 profond. Les fleurs qu\u2019il dessine ont le pr\u00e9nom de sa gardienne. Il regarde l\u2019infirmi\u00e8re distraite : \u00ab Petite Lune vient chercher ton ami Pierrot. \u2013 Mais tu parles ! \u00bb Lui comme les autres \u00e9taient parqu\u00e9s dans les sous-sols &#8230;<\/div>\n<div class=\"pt-cv-rmwrap\"><a href=\"https:\/\/bibliotheque-sfpe-at.com\/index.php\/2024\/06\/13\/les-tournants-de-linattendu\/\" class=\"_self pt-cv-readmore btn btn-success\" target=\"_self\" >Lire La Suite\u2026<\/a><\/div><\/div>\n<div class=\" pt-cv-content-item pt-cv-1-col\" ><div class=\"pt-cv-taxoterm above_title\"><a href='https:\/\/bibliotheque-sfpe-at.com\/index.php\/category\/auteurs\/saint-pierre-olivier\/' title='Saint-Pierre Olivier' class='pt-cv-tax-saint-pierre-olivier'>Saint-Pierre Olivier<\/a><\/div>\n<h4 class=\"pt-cv-title\"><a href=\"https:\/\/bibliotheque-sfpe-at.com\/index.php\/2024\/06\/13\/linattendu-une-chose-qui-pense\/\" class=\"_self\" target=\"_self\" >L\u2019inattendu, une chose qui pense\u00a0?<\/a><\/h4>\n<div class=\"pt-cv-content\">Qu\u2019est-ce que l\u2019inattendu, si ce n\u2019est sa d\u00e9finition, tout du moins sa perception ? L\u2019inattendu \u00e9tant du c\u00f4t\u00e9 de la ph\u00e9nom\u00e9nologie, il s\u2019agirait alors de d\u00e9crire ce qui advient au-devant de nous. Car il s\u2019agit toujours soit d\u2019un acte, soit d\u2019un \u00e9v\u00e9nement. Mais, au-del\u00e0 de &#8230;<\/div>\n<div class=\"pt-cv-rmwrap\"><a href=\"https:\/\/bibliotheque-sfpe-at.com\/index.php\/2024\/06\/13\/linattendu-une-chose-qui-pense\/\" class=\"_self pt-cv-readmore btn btn-success\" target=\"_self\" >Lire La Suite\u2026<\/a><\/div><\/div>\n<div class=\" pt-cv-content-item pt-cv-1-col\" ><div class=\"pt-cv-taxoterm above_title\"><a href='https:\/\/bibliotheque-sfpe-at.com\/index.php\/category\/auteurs\/schneider-francois\/' title='Schneider Fran\u00e7ois' class='pt-cv-tax-schneider-francois'>Schneider Fran\u00e7ois<\/a><\/div>\n<h4 class=\"pt-cv-title\"><a href=\"https:\/\/bibliotheque-sfpe-at.com\/index.php\/2024\/06\/13\/manuscrit-trouve-dans-une-bouteille\/\" class=\"_self\" target=\"_self\" >Manuscrit trouv\u00e9 dans une bouteille<\/a><\/h4>\n<div class=\"pt-cv-content\">La recherche de l\u2019inattendu ne constitue-t-elle pas une rupture symbolique que tout cr\u00e9ateur \/ artiste \/ th\u00e9rapeute peut r\u00e9aliser dans son \u0153uvre et dans sa vie, pour parvenir \u00e0 saisir le ka\u00efros \u2014 le moment propice \u2014 et d\u00e9lib\u00e9r\u00e9ment surfer sur les vagues m\u00e9taphoriques de &#8230;<\/div>\n<div class=\"pt-cv-rmwrap\"><a href=\"https:\/\/bibliotheque-sfpe-at.com\/index.php\/2024\/06\/13\/manuscrit-trouve-dans-une-bouteille\/\" class=\"_self pt-cv-readmore btn btn-success\" target=\"_self\" >Lire La Suite\u2026<\/a><\/div><\/div>\n<div class=\" pt-cv-content-item pt-cv-1-col\" ><div class=\"pt-cv-taxoterm above_title\"><a href='https:\/\/bibliotheque-sfpe-at.com\/index.php\/category\/auteurs\/saint-loup-bernard\/' title='Saint-Loup Bernard' class='pt-cv-tax-saint-loup-bernard'>Saint-Loup Bernard<\/a><\/div>\n<h4 class=\"pt-cv-title\"><a href=\"https:\/\/bibliotheque-sfpe-at.com\/index.php\/2025\/02\/01\/inattendu-et-consequences\/\" class=\"_self\" target=\"_self\" >Inattendu et cons\u00e9quences<\/a><\/h4>\n<div class=\"pt-cv-content\">La vie et ses tendances antagonistes, l\u2019apparition de l\u2019inattendu du c\u00f4t\u00e9 de chez Proust Durant le temps imparti, je vous propose de cheminer vers l\u2019inattendu comme objet de l\u2019attente, cette disposition inh\u00e9rente \u00e0 la vie et propre \u00e0 lui donner une orientation et un sens.La &#8230;<\/div>\n<div class=\"pt-cv-rmwrap\"><a href=\"https:\/\/bibliotheque-sfpe-at.com\/index.php\/2025\/02\/01\/inattendu-et-consequences\/\" class=\"_self pt-cv-readmore btn btn-success\" target=\"_self\" >Lire La Suite\u2026<\/a><\/div><\/div><\/div><\/div> <\/div> <style>\n\n#pt-cv-view-3i0h7lt2 .pt-cv-meta-fields {  }#pt-cv-view-3i0h7lt2 .pt-cv-meta-fields * { font-size: 13px; }#pt-cv-view-3i0h7lt2 .pt-cv-thumb-wrapper:not(.miniwrap) {  }#pt-cv-view-3i0h7lt2 .pt-cv-thumbnail:not(.pt-cv-thumbnailsm) { height: 250px; }#pt-cv-view-3i0h7lt2 .pt-cv-title a { display: block;color: #a83838; }#pt-cv-view-3i0h7lt2 .pt-cv-title:not(.pt-cv-titlesm) a { font-weight: 600;text-decoration: none;font-size: 20px; }#pt-cv-view-3i0h7lt2 .pt-cv-titlesm a { font-weight: 600;font-size: 18px; }#pt-cv-view-3i0h7lt2 .pt-cv-content { font-size: 12px; }#pt-cv-view-3i0h7lt2 .pt-cv-rmwrap {  }#pt-cv-view-3i0h7lt2 .pt-cv-readmore { color: #951a1a;background-color: #ffffff00;font-style: italic;font-size: 12px; }#pt-cv-view-3i0h7lt2 .pt-cv-taxoterm {  }#pt-cv-view-3i0h7lt2 .pt-cv-taxoterm * { color: #9badb7;background-color: #f5f0f057;border-style: solid;font-size: 14px;border-width: 1.5px 1.5px 1.5px 1.5px;border-radius: 8px 8px 8px 8px; }#pt-cv-view-3i0h7lt2 + .pt-cv-pagination-wrapper {  }#pt-cv-view-3i0h7lt2 + .pt-cv-pagination-wrapper a { font-size: 14px; }#pt-cv-view-3i0h7lt2 > .pt-cv-page {grid-template-columns: repeat(4, 1fr);grid-gap: 13px;}\n@media all and (max-width: 1024px) { \n#pt-cv-view-3i0h7lt2 > .pt-cv-page {}\n} \n@media all and (max-width: 767px) { \n#pt-cv-view-3i0h7lt2 > .pt-cv-page {grid-template-columns: repeat(1, 1fr);}\n} <\/style>","protected":false},"excerpt":{"rendered":"<p>Saint Hubert et saint Paul croisent sur leur chemin l\u2019inattendu : c\u2019est le choc de la r\u00e9v\u00e9lation. Un jeune psychiatre espagnol exil\u00e9 arrive par hasard sur les hauts plateaux isol\u00e9s et d\u00e9sertiques de la Loz\u00e8re. C\u2019est la d\u00e9couverte de la psychoth\u00e9rapie institutionnelle mais qui ne fut possible que par les&hellip;<\/p>\n","protected":false},"author":2,"featured_media":554,"comment_status":"closed","ping_status":"open","sticky":false,"template":"","format":"standard","meta":{"pmpro_default_level":"","ngg_post_thumbnail":0,"footnotes":""},"categories":[3],"tags":[27],"class_list":["post-426","post","type-post","status-publish","format-standard","has-post-thumbnail","hentry","category-journees-de-printemps","tag-apres-2010","pmpro-has-access"],"_links":{"self":[{"href":"https:\/\/bibliotheque-sfpe-at.com\/index.php\/wp-json\/wp\/v2\/posts\/426","targetHints":{"allow":["GET"]}}],"collection":[{"href":"https:\/\/bibliotheque-sfpe-at.com\/index.php\/wp-json\/wp\/v2\/posts"}],"about":[{"href":"https:\/\/bibliotheque-sfpe-at.com\/index.php\/wp-json\/wp\/v2\/types\/post"}],"author":[{"embeddable":true,"href":"https:\/\/bibliotheque-sfpe-at.com\/index.php\/wp-json\/wp\/v2\/users\/2"}],"replies":[{"embeddable":true,"href":"https:\/\/bibliotheque-sfpe-at.com\/index.php\/wp-json\/wp\/v2\/comments?post=426"}],"version-history":[{"count":4,"href":"https:\/\/bibliotheque-sfpe-at.com\/index.php\/wp-json\/wp\/v2\/posts\/426\/revisions"}],"predecessor-version":[{"id":1614,"href":"https:\/\/bibliotheque-sfpe-at.com\/index.php\/wp-json\/wp\/v2\/posts\/426\/revisions\/1614"}],"wp:featuredmedia":[{"embeddable":true,"href":"https:\/\/bibliotheque-sfpe-at.com\/index.php\/wp-json\/wp\/v2\/media\/554"}],"wp:attachment":[{"href":"https:\/\/bibliotheque-sfpe-at.com\/index.php\/wp-json\/wp\/v2\/media?parent=426"}],"wp:term":[{"taxonomy":"category","embeddable":true,"href":"https:\/\/bibliotheque-sfpe-at.com\/index.php\/wp-json\/wp\/v2\/categories?post=426"},{"taxonomy":"post_tag","embeddable":true,"href":"https:\/\/bibliotheque-sfpe-at.com\/index.php\/wp-json\/wp\/v2\/tags?post=426"}],"curies":[{"name":"wp","href":"https:\/\/api.w.org\/{rel}","templated":true}]}}