{"id":4267,"date":"2025-03-18T21:41:40","date_gmt":"2025-03-18T20:41:40","guid":{"rendered":"https:\/\/bibliotheque-sfpe-at.com\/?p=4267"},"modified":"2025-03-19T16:29:46","modified_gmt":"2025-03-19T15:29:46","slug":"1968-supplement-de-lencephale","status":"publish","type":"post","link":"https:\/\/bibliotheque-sfpe-at.com\/index.php\/2025\/03\/18\/1968-supplement-de-lencephale\/","title":{"rendered":"1968 suppl\u00e9ment de l\u2019Enc\u00e9phale"},"content":{"rendered":"<div class=\"wp-block-image\">\n<figure class=\"aligncenter size-large is-resized\"><a href=\"https:\/\/bibliotheque-sfpe-at.com\/wp-content\/uploads\/2025\/03\/Couverture-1-scaled.jpg\"><img loading=\"lazy\" decoding=\"async\" width=\"688\" height=\"1024\" src=\"https:\/\/bibliotheque-sfpe-at.com\/wp-content\/uploads\/2025\/03\/Couverture-1-688x1024.jpg\" alt=\"\" class=\"wp-image-4274\" style=\"width:350px\" srcset=\"https:\/\/bibliotheque-sfpe-at.com\/wp-content\/uploads\/2025\/03\/Couverture-1-688x1024.jpg 688w, https:\/\/bibliotheque-sfpe-at.com\/wp-content\/uploads\/2025\/03\/Couverture-1-202x300.jpg 202w, https:\/\/bibliotheque-sfpe-at.com\/wp-content\/uploads\/2025\/03\/Couverture-1-768x1142.jpg 768w, https:\/\/bibliotheque-sfpe-at.com\/wp-content\/uploads\/2025\/03\/Couverture-1-1033x1536.jpg 1033w, https:\/\/bibliotheque-sfpe-at.com\/wp-content\/uploads\/2025\/03\/Couverture-1-1377x2048.jpg 1377w, https:\/\/bibliotheque-sfpe-at.com\/wp-content\/uploads\/2025\/03\/Couverture-1-229x340.jpg 229w, https:\/\/bibliotheque-sfpe-at.com\/wp-content\/uploads\/2025\/03\/Couverture-1-403x600.jpg 403w, https:\/\/bibliotheque-sfpe-at.com\/wp-content\/uploads\/2025\/03\/Couverture-1-600x892.jpg 600w, https:\/\/bibliotheque-sfpe-at.com\/wp-content\/uploads\/2025\/03\/Couverture-1-scaled.jpg 1721w\" sizes=\"auto, (max-width: 688px) 100vw, 688px\" \/><\/a><\/figure>\n<\/div>\n\n\n<p><\/p>\n\n\n<div class='pt-cv-wrapper'> <div class=\"pt-cv-view pt-cv-blockgrid iscvblock iscvreal grid1 layout2 cveffect-zoomin\" id=\"pt-cv-view-3i0h7lt2\"><div data-id=\"pt-cv-page-1\" class=\"pt-cv-page\" data-cvc=\"4\"><div class=\" pt-cv-content-item pt-cv-1-col\" ><div class=\"pt-cv-taxoterm above_title\"><a href='https:\/\/bibliotheque-sfpe-at.com\/index.php\/category\/auteurs\/levy-philippe\/' title='Levy Philippe' class='pt-cv-tax-levy-philippe'>Levy Philippe<\/a><\/div>\n<h4 class=\"pt-cv-title\"><a href=\"https:\/\/bibliotheque-sfpe-at.com\/index.php\/2025\/03\/18\/production-artistique-et-action-psychotherapeutique\/\" class=\"_self\" target=\"_self\" >Production artistique et action psychoth\u00e9rapeutique<\/a><\/h4>\n<div class=\"pt-cv-content\">En tant que d\u00e9chiffreurs d\u2019\u0153uvres et de discours notre raison d\u2019\u00eatre commune \u00e0 nous tous ici pr\u00e9sents est que, face \u00e0 la production artistique qui nous occupe, notre position ne peut \u00eatre celle de la stricte consommation, pay\u00e9s que nous sommes \u00e0 l\u2019\u00e9talon du pathologique &#8230;<\/div>\n<div class=\"pt-cv-rmwrap\"><a href=\"https:\/\/bibliotheque-sfpe-at.com\/index.php\/2025\/03\/18\/production-artistique-et-action-psychotherapeutique\/\" class=\"_self pt-cv-readmore btn btn-success\" target=\"_self\" >Lire La Suite\u2026<\/a><\/div><\/div>\n<div class=\" pt-cv-content-item pt-cv-1-col\" ><div class=\"pt-cv-taxoterm above_title\"><a href='https:\/\/bibliotheque-sfpe-at.com\/index.php\/category\/auteurs\/vyl-marthe\/' title='Vyl Marthe' class='pt-cv-tax-vyl-marthe'>Vyl Marthe<\/a><\/div>\n<h4 class=\"pt-cv-title\"><a href=\"https:\/\/bibliotheque-sfpe-at.com\/index.php\/2025\/03\/18\/expression-corporelle-au-depart-du-stimulus-musical\/\" class=\"_self\" target=\"_self\" >Expression corporelle au d\u00e9part du stimulus musical<\/a><\/h4>\n<div class=\"pt-cv-content\">Parce qu\u2019il fait partie int\u00e9grante de la personne, qu\u2019il permet la traduction directe de l\u2019\u00e9motion sans le concours d\u2019\u00e9l\u00e9ments \u00e9trangers, il n\u2019est point d\u2019instrument plus parfait et plus total que le corps lui-m\u00eame. Plus qu\u2019un autre, il est capable de traduire dans l\u2019imm\u00e9diat une incitation &#8230;<\/div>\n<div class=\"pt-cv-rmwrap\"><a href=\"https:\/\/bibliotheque-sfpe-at.com\/index.php\/2025\/03\/18\/expression-corporelle-au-depart-du-stimulus-musical\/\" class=\"_self pt-cv-readmore btn btn-success\" target=\"_self\" >Lire La Suite\u2026<\/a><\/div><\/div>\n<div class=\" pt-cv-content-item pt-cv-1-col\" ><div class=\"pt-cv-taxoterm above_title\"><a href='https:\/\/bibliotheque-sfpe-at.com\/index.php\/category\/auteurs\/dars-emile\/' title='Dars \u00c9mile' class='pt-cv-tax-dars-emile'>Dars \u00c9mile<\/a><\/div>\n<h4 class=\"pt-cv-title\"><a href=\"https:\/\/bibliotheque-sfpe-at.com\/index.php\/2025\/03\/18\/psychopathologie-de-lexpression-verbale-et-applications-de-lexpression-scenique\/\" class=\"_self\" target=\"_self\" >Psychopathologie de l\u2019expression verbale et applications de l\u2019expression sc\u00e9nique<\/a><\/h4>\n<div class=\"pt-cv-content\">Certaines pr\u00e9occupations d\u2019ordre th\u00e9rapeutique nous ont conduit \u00e0 la recherche d\u2019une m\u00e9thode d\u2019expression et, comme nous \u00e9tions com\u00e9dien, c\u2019est l\u2019expression verbale qui a \u00e9t\u00e9 la clef de vo\u00fbte de notre m\u00e9thode.C\u2019est donc pour faciliter ce mode expressionnel et l\u2019enrichir qu\u2019est n\u00e9e l\u2019Expression Sc\u00e9nique se donnant &#8230;<\/div>\n<div class=\"pt-cv-rmwrap\"><a href=\"https:\/\/bibliotheque-sfpe-at.com\/index.php\/2025\/03\/18\/psychopathologie-de-lexpression-verbale-et-applications-de-lexpression-scenique\/\" class=\"_self pt-cv-readmore btn btn-success\" target=\"_self\" >Lire La Suite\u2026<\/a><\/div><\/div>\n<div class=\" pt-cv-content-item pt-cv-1-col\" ><div class=\"pt-cv-taxoterm above_title\"><a href='https:\/\/bibliotheque-sfpe-at.com\/index.php\/category\/auteurs\/fedida-pierre\/' title='Fedida Pierre' class='pt-cv-tax-fedida-pierre'>Fedida Pierre<\/a><\/div>\n<h4 class=\"pt-cv-title\"><a href=\"https:\/\/bibliotheque-sfpe-at.com\/index.php\/2025\/03\/18\/le-corps-le-texte-et-la-scene\/\" class=\"_self\" target=\"_self\" >Le corps, le texte et la sc\u00e8ne<\/a><\/h4>\n<div class=\"pt-cv-content\">Faut-il r\u00e9-apprendre au corps les pouvoirs de son silence \u2014 le langage de sa non-expressivit\u00e9 essentielle ?Il est devenu commun de dire et d\u2019entendre dire que le corps est langage, moyen d\u2019expression, instrument de symbolisation et que par lui peuvent s\u2019ext\u00e9rioriser et ainsi se r\u00e9soudre &#8230;<\/div>\n<div class=\"pt-cv-rmwrap\"><a href=\"https:\/\/bibliotheque-sfpe-at.com\/index.php\/2025\/03\/18\/le-corps-le-texte-et-la-scene\/\" class=\"_self pt-cv-readmore btn btn-success\" target=\"_self\" >Lire La Suite\u2026<\/a><\/div><\/div>\n<div class=\" pt-cv-content-item pt-cv-1-col\" ><div class=\"pt-cv-taxoterm above_title\"><a href='https:\/\/bibliotheque-sfpe-at.com\/index.php\/category\/auteurs\/crocq-louis\/' title='Crocq Louis' class='pt-cv-tax-crocq-louis'>Crocq Louis<\/a><\/div>\n<h4 class=\"pt-cv-title\"><a href=\"https:\/\/bibliotheque-sfpe-at.com\/index.php\/2025\/03\/18\/une-dimension-profonde-dans-lanalyse-du-dessin-de-la-famille-chez-lenfant-le-schema-corporel\/\" class=\"_self\" target=\"_self\" >Une dimension profonde dans l\u2019analyse du dessin de la famille chez l\u2019enfant : le sch\u00e9ma corporel<\/a><\/h4>\n<div class=\"pt-cv-content\">Le dessin de la famille, de plus en plus utilis\u00e9 en psychiatrie de l\u2019enfant, est susceptible de fournir au clinicien des indications pr\u00e9cieuses sur les relations entre l\u2019enfant et son entourage, et sur les d\u00e9ficits, distorsions et avatars de ces relations. Mais surtout il exprime &#8230;<\/div>\n<div class=\"pt-cv-rmwrap\"><a href=\"https:\/\/bibliotheque-sfpe-at.com\/index.php\/2025\/03\/18\/une-dimension-profonde-dans-lanalyse-du-dessin-de-la-famille-chez-lenfant-le-schema-corporel\/\" class=\"_self pt-cv-readmore btn btn-success\" target=\"_self\" >Lire La Suite\u2026<\/a><\/div><\/div>\n<div class=\" pt-cv-content-item pt-cv-1-col\" ><div class=\"pt-cv-taxoterm above_title\"><a href='https:\/\/bibliotheque-sfpe-at.com\/index.php\/category\/auteurs\/mercier-nast-colette\/' title='Mercier-Nast Colette' class='pt-cv-tax-mercier-nast-colette'>Mercier-Nast Colette<\/a><\/div>\n<h4 class=\"pt-cv-title\"><a href=\"https:\/\/bibliotheque-sfpe-at.com\/index.php\/2025\/03\/18\/entretien-a-partir-dun-texte-litteraire\/\" class=\"_self\" target=\"_self\" >Entretien \u00e0 partir d\u2019un texte litt\u00e9raire<\/a><\/h4>\n<div class=\"pt-cv-content\">L\u2019entretien \u00e0 partir d\u2019un texte litt\u00e9raire s\u2019est impos\u00e9 \u00e0 nous, de m\u00eame que la th\u00e9rapie par le jeu, comme une dynamique interne de l\u2019enfance. Le texte sert alors de point de d\u00e9part \u00e0 la cr\u00e9ativit\u00e9 et \u00e0 la spontan\u00e9it\u00e9 de l\u2019enfant, l\u2019action du th\u00e9rapeute \u00e9tant &#8230;<\/div>\n<div class=\"pt-cv-rmwrap\"><a href=\"https:\/\/bibliotheque-sfpe-at.com\/index.php\/2025\/03\/18\/entretien-a-partir-dun-texte-litteraire\/\" class=\"_self pt-cv-readmore btn btn-success\" target=\"_self\" >Lire La Suite\u2026<\/a><\/div><\/div>\n<div class=\" pt-cv-content-item pt-cv-1-col\" ><div class=\"pt-cv-taxoterm above_title\"><a href='https:\/\/bibliotheque-sfpe-at.com\/index.php\/category\/auteurs\/brauner-alfred\/' title='Brauner Alfred' class='pt-cv-tax-brauner-alfred'>Brauner Alfred<\/a><a href='https:\/\/bibliotheque-sfpe-at.com\/index.php\/category\/auteurs\/brauner-francoise\/' title='Brauner Fran\u00e7oise' class='pt-cv-tax-brauner-francoise'>Brauner Fran\u00e7oise<\/a><\/div>\n<h4 class=\"pt-cv-title\"><a href=\"https:\/\/bibliotheque-sfpe-at.com\/index.php\/2025\/03\/18\/les-debuts-et-les-modifications-du-traitement-medicamenteux-vus-a-travers-lexpression-plastique-de-quelques-enfants-deficients-mentaux-ou-psychotiques\/\" class=\"_self\" target=\"_self\" >Les d\u00e9buts et les modifications du traitement m\u00e9dicamenteux vus \u00e0 travers l\u2019expression plastique de quelques enfants d\u00e9ficients mentaux ou psychotiques<\/a><\/h4>\n<div class=\"pt-cv-content\">Dans un Etablissement comme l\u2019est notre \u00ab Centre de traitement \u00e9ducatif pour enfants d\u00e9ficients mentaux \u00e0 handicaps multiples \u00bb, les activit\u00e9s d\u2019expression jouent un grand r\u00f4le, \u00e0 c\u00f4t\u00e9 des programmes r\u00e9\u00e9ducatifs proprement dits. Le dessin et la peinture, le modelage, les jeux dramatiques, la musique &#8230;<\/div>\n<div class=\"pt-cv-rmwrap\"><a href=\"https:\/\/bibliotheque-sfpe-at.com\/index.php\/2025\/03\/18\/les-debuts-et-les-modifications-du-traitement-medicamenteux-vus-a-travers-lexpression-plastique-de-quelques-enfants-deficients-mentaux-ou-psychotiques\/\" class=\"_self pt-cv-readmore btn btn-success\" target=\"_self\" >Lire La Suite\u2026<\/a><\/div><\/div>\n<div class=\" pt-cv-content-item pt-cv-1-col\" ><div class=\"pt-cv-taxoterm above_title\"><a href='https:\/\/bibliotheque-sfpe-at.com\/index.php\/category\/auteurs\/soisson-jacques\/' title='Soisson Jacques' class='pt-cv-tax-soisson-jacques'>Soisson Jacques<\/a><\/div>\n<h4 class=\"pt-cv-title\"><a href=\"https:\/\/bibliotheque-sfpe-at.com\/index.php\/2025\/03\/18\/quelques-reflexions-sur-la-pratique-de-lart-therapie\/\" class=\"_self\" target=\"_self\" >Quelques r\u00e9flexions sur la pratique de l\u2019art-th\u00e9rapie<\/a><\/h4>\n<div class=\"pt-cv-content\">Si je parle d\u2019art-th\u00e9rapie, c\u2019est que je n\u2019ai pas d\u2019autre mot \u00e0 ma disposition. Je suis bien oblig\u00e9 de reconna\u00eetre qu\u2019il ne me satisfait pas enti\u00e8rement, non qu\u2019il soit inad\u00e9quat, mais parce qu\u2019il permet une trop grande libert\u00e9. J\u2019entends simplement par art-th\u00e9rapie une activit\u00e9 d\u2019art &#8230;<\/div>\n<div class=\"pt-cv-rmwrap\"><a href=\"https:\/\/bibliotheque-sfpe-at.com\/index.php\/2025\/03\/18\/quelques-reflexions-sur-la-pratique-de-lart-therapie\/\" class=\"_self pt-cv-readmore btn btn-success\" target=\"_self\" >Lire La Suite\u2026<\/a><\/div><\/div>\n<div class=\" pt-cv-content-item pt-cv-1-col\" ><div class=\"pt-cv-taxoterm above_title\"><a href='https:\/\/bibliotheque-sfpe-at.com\/index.php\/category\/auteurs\/chemama-steiner-beatrice\/' title='Chemama-Steiner B\u00e9atrice' class='pt-cv-tax-chemama-steiner-beatrice'>Chemama-Steiner B\u00e9atrice<\/a><\/div>\n<h4 class=\"pt-cv-title\"><a href=\"https:\/\/bibliotheque-sfpe-at.com\/index.php\/2025\/03\/18\/que-peignent-les-malades-mentaux\/\" class=\"_self\" target=\"_self\" >Que peignent les malades mentaux\u00a0?<\/a><\/h4>\n<div class=\"pt-cv-content\">Que peignent les malades mentaux ? La question souvent pos\u00e9e trouve difficilement r\u00e9ponse dans le cadre des \u00e9tudes longitudinales habituelles qui nous montrent l\u2019\u00e9volution d\u2019un malade et de sa production, les dossiers pr\u00e9sentables \u00e9tant choisis en fonction de leur int\u00e9r\u00eat \u2014 d\u2019ordre esth\u00e9tique souvent, symbolique &#8230;<\/div>\n<div class=\"pt-cv-rmwrap\"><a href=\"https:\/\/bibliotheque-sfpe-at.com\/index.php\/2025\/03\/18\/que-peignent-les-malades-mentaux\/\" class=\"_self pt-cv-readmore btn btn-success\" target=\"_self\" >Lire La Suite\u2026<\/a><\/div><\/div>\n<div class=\" pt-cv-content-item pt-cv-1-col\" ><div class=\"pt-cv-taxoterm above_title\"><a href='https:\/\/bibliotheque-sfpe-at.com\/index.php\/category\/auteurs\/barrucand-m-et-d\/' title='Barrucand M et D' class='pt-cv-tax-barrucand-m-et-d'>Barrucand M et D<\/a><\/div>\n<h4 class=\"pt-cv-title\"><a href=\"https:\/\/bibliotheque-sfpe-at.com\/index.php\/2025\/03\/18\/oeuvre-authentique-ou-oeuvre-attribuee-apport-de-lanalyse-psychologique-de-lexpression\/\" class=\"_self\" target=\"_self\" >\u0152uvre authentique ou \u0153uvre attribu\u00e9e ? Apport de l\u2018analyse psychologique de l\u2019expression<\/a><\/h4>\n<div class=\"pt-cv-content\">La d\u00e9couverte de Konrad Witz remonte seulement a \u00e0 1898 et l\u2019engouement de notre temps pour la peinture m\u00e9di\u00e9vale a \u00e9t\u00e9 \u00e0 l\u2019origine de multiples attributions. Certes le Saint Christophe de Berlin n\u2019est plus, en g\u00e9n\u00e9ral, admis comme \u0153uvre de Witz ; et c\u2019est pourquoi &#8230;<\/div>\n<div class=\"pt-cv-rmwrap\"><a href=\"https:\/\/bibliotheque-sfpe-at.com\/index.php\/2025\/03\/18\/oeuvre-authentique-ou-oeuvre-attribuee-apport-de-lanalyse-psychologique-de-lexpression\/\" class=\"_self pt-cv-readmore btn btn-success\" target=\"_self\" >Lire La Suite\u2026<\/a><\/div><\/div>\n<div class=\" pt-cv-content-item pt-cv-1-col\" ><div class=\"pt-cv-taxoterm above_title\"><a href='https:\/\/bibliotheque-sfpe-at.com\/index.php\/category\/auteurs\/wiart-claude\/' title='Wiart Claude' class='pt-cv-tax-wiart-claude'>Wiart Claude<\/a><\/div>\n<h4 class=\"pt-cv-title\"><a href=\"https:\/\/bibliotheque-sfpe-at.com\/index.php\/2025\/03\/18\/les-temps-dune-approche-semantique-de-loeuvre-picturale\/\" class=\"_self\" target=\"_self\" >Les temps d\u2019une approche s\u00e9mantique de l\u2019\u0153uvre picturale<\/a><\/h4>\n<div class=\"pt-cv-content\">Cette communication repr\u00e9sente le condens\u00e9 d\u2019une partie de nos recherches actuelles sur les possibilit\u00e9s d&rsquo;analyse s\u00e9mantique, c&rsquo;est-\u00e0-dire d&rsquo;\u00e9tude du sens, d&rsquo;une \u0153uvre picturale Pour ce faire, le ph\u00e9nom\u00e8ne esth\u00e9tique qui s\u2019immisce dans toute cr\u00e9ation plastique est, au d\u00e9but tout au moins de l&rsquo;\u00e9tude artificiellement \u00e9limin\u00e9 &#8230;<\/div>\n<div class=\"pt-cv-rmwrap\"><a href=\"https:\/\/bibliotheque-sfpe-at.com\/index.php\/2025\/03\/18\/les-temps-dune-approche-semantique-de-loeuvre-picturale\/\" class=\"_self pt-cv-readmore btn btn-success\" target=\"_self\" >Lire La Suite\u2026<\/a><\/div><\/div><\/div><\/div> <\/div> <style>\n\n#pt-cv-view-3i0h7lt2 .pt-cv-meta-fields {  }#pt-cv-view-3i0h7lt2 .pt-cv-meta-fields * { font-size: 13px; }#pt-cv-view-3i0h7lt2 .pt-cv-thumb-wrapper:not(.miniwrap) {  }#pt-cv-view-3i0h7lt2 .pt-cv-thumbnail:not(.pt-cv-thumbnailsm) { height: 250px; }#pt-cv-view-3i0h7lt2 .pt-cv-title a { display: block;color: #a83838; }#pt-cv-view-3i0h7lt2 .pt-cv-title:not(.pt-cv-titlesm) a { font-weight: 600;text-decoration: none;font-size: 20px; }#pt-cv-view-3i0h7lt2 .pt-cv-titlesm a { font-weight: 600;font-size: 18px; }#pt-cv-view-3i0h7lt2 .pt-cv-content { font-size: 12px; }#pt-cv-view-3i0h7lt2 .pt-cv-rmwrap {  }#pt-cv-view-3i0h7lt2 .pt-cv-readmore { color: #951a1a;background-color: #ffffff00;font-style: italic;font-size: 12px; }#pt-cv-view-3i0h7lt2 .pt-cv-taxoterm {  }#pt-cv-view-3i0h7lt2 .pt-cv-taxoterm * { color: #9badb7;background-color: #f5f0f057;border-style: solid;font-size: 14px;border-width: 1.5px 1.5px 1.5px 1.5px;border-radius: 8px 8px 8px 8px; }#pt-cv-view-3i0h7lt2 + .pt-cv-pagination-wrapper {  }#pt-cv-view-3i0h7lt2 + .pt-cv-pagination-wrapper a { font-size: 14px; }#pt-cv-view-3i0h7lt2 > .pt-cv-page {grid-template-columns: repeat(4, 1fr);grid-gap: 13px;}\n@media all and (max-width: 1024px) { \n#pt-cv-view-3i0h7lt2 > .pt-cv-page {}\n} \n@media all and (max-width: 767px) { \n#pt-cv-view-3i0h7lt2 > .pt-cv-page {grid-template-columns: repeat(1, 1fr);}\n} <\/style>\n\n\n<div style=\"height:54px\" aria-hidden=\"true\" class=\"wp-block-spacer\"><\/div>\n\n\n\n<div class=\"wp-block-buttons is-content-justification-center is-layout-flex wp-container-core-buttons-is-layout-a89b3969 wp-block-buttons-is-layout-flex\">\n<div class=\"wp-block-button has-custom-font-size has-small-font-size\"><a class=\"wp-block-button__link has-vivid-red-background-color has-background wp-element-button\" href=\"\/index.php\/revues-avant-2010\/\">&lt;&#8211; retour<\/a><\/div>\n<\/div>\n","protected":false},"excerpt":{"rendered":"","protected":false},"author":2,"featured_media":4274,"comment_status":"closed","ping_status":"open","sticky":false,"template":"","format":"standard","meta":{"pmpro_default_level":"","ngg_post_thumbnail":0,"footnotes":""},"categories":[1],"tags":[26],"class_list":["post-4267","post","type-post","status-publish","format-standard","has-post-thumbnail","hentry","category-non-classe","tag-avant-2010","pmpro-has-access"],"_links":{"self":[{"href":"https:\/\/bibliotheque-sfpe-at.com\/index.php\/wp-json\/wp\/v2\/posts\/4267","targetHints":{"allow":["GET"]}}],"collection":[{"href":"https:\/\/bibliotheque-sfpe-at.com\/index.php\/wp-json\/wp\/v2\/posts"}],"about":[{"href":"https:\/\/bibliotheque-sfpe-at.com\/index.php\/wp-json\/wp\/v2\/types\/post"}],"author":[{"embeddable":true,"href":"https:\/\/bibliotheque-sfpe-at.com\/index.php\/wp-json\/wp\/v2\/users\/2"}],"replies":[{"embeddable":true,"href":"https:\/\/bibliotheque-sfpe-at.com\/index.php\/wp-json\/wp\/v2\/comments?post=4267"}],"version-history":[{"count":5,"href":"https:\/\/bibliotheque-sfpe-at.com\/index.php\/wp-json\/wp\/v2\/posts\/4267\/revisions"}],"predecessor-version":[{"id":4437,"href":"https:\/\/bibliotheque-sfpe-at.com\/index.php\/wp-json\/wp\/v2\/posts\/4267\/revisions\/4437"}],"wp:featuredmedia":[{"embeddable":true,"href":"https:\/\/bibliotheque-sfpe-at.com\/index.php\/wp-json\/wp\/v2\/media\/4274"}],"wp:attachment":[{"href":"https:\/\/bibliotheque-sfpe-at.com\/index.php\/wp-json\/wp\/v2\/media?parent=4267"}],"wp:term":[{"taxonomy":"category","embeddable":true,"href":"https:\/\/bibliotheque-sfpe-at.com\/index.php\/wp-json\/wp\/v2\/categories?post=4267"},{"taxonomy":"post_tag","embeddable":true,"href":"https:\/\/bibliotheque-sfpe-at.com\/index.php\/wp-json\/wp\/v2\/tags?post=4267"}],"curies":[{"name":"wp","href":"https:\/\/api.w.org\/{rel}","templated":true}]}}