{"id":4277,"date":"2025-03-18T22:05:51","date_gmt":"2025-03-18T21:05:51","guid":{"rendered":"https:\/\/bibliotheque-sfpe-at.com\/?p=4277"},"modified":"2025-03-18T23:43:57","modified_gmt":"2025-03-18T22:43:57","slug":"expression-corporelle-au-depart-du-stimulus-musical","status":"publish","type":"post","link":"https:\/\/bibliotheque-sfpe-at.com\/index.php\/2025\/03\/18\/expression-corporelle-au-depart-du-stimulus-musical\/","title":{"rendered":"Expression corporelle au d\u00e9part du stimulus musical"},"content":{"rendered":"\n<div class=\"wp-block-columns is-layout-flex wp-container-core-columns-is-layout-28f84493 wp-block-columns-is-layout-flex\">\n<div class=\"wp-block-column is-layout-flow wp-block-column-is-layout-flow\" style=\"flex-basis:66.66%\">\n<p>Parce qu\u2019il fait partie int\u00e9grante de la personne, qu\u2019il permet la traduction directe de l\u2019\u00e9motion sans le concours d\u2019\u00e9l\u00e9ments \u00e9trangers, il n\u2019est point d\u2019instrument plus parfait et plus total que le corps lui-m\u00eame. Plus qu\u2019un autre, il est capable de traduire dans l\u2019imm\u00e9diat une incitation de caract\u00e8re affectif.<br>Or, la Musique constitue justement le stimulus le plus profond\u00e9ment et le plus directement ax\u00e9 sur l\u2019affectivit\u00e9. Art du temps, elle est comme lui, fugitive, elle est l\u2019instant qui passe. Ceci lui conf\u00e8re une fra\u00eecheur qui est le fait de l\u2019irr\u00e9versible, et qui maintient l\u2019attention dans l\u2019attente d\u2019un d\u00e9roulement et d\u2019une fin que l\u2019on ne conna\u00eet pas. Ce fait implique l\u2019obligation de l\u2019improvisation musicale car la r\u00e9ussite d\u00e9pend en grande partie de la r\u00e9action instinctive du sujet dont on capte l\u2019int\u00e9r\u00eat. Une musique \u00e9crite, et connue, ne peut jouer le m\u00eame r\u00f4le de stimulus imp\u00e9ratif. Mais quelles que soient la forme et la valeur du stimulus, il serait vain de vouloir s\u2019exprimer par l\u2019attitude et le mouvement, si l\u2019instrument pour le faire, n&rsquo;\u00e9tait point pr\u00eat. La sensibilit\u00e9 la plus fine du meilleur pianiste du monde, serait incapable d\u2019\u00e9mouvoir qui que ce soit, s\u2019il devait jouer sur un piano faux. Plus encore, ici, o\u00f9 il ne s\u2019agit point d\u2019\u00e9veiller l\u2019\u00e9motion d\u2019autrui, mai\u00bb d\u2019ext\u00e9rioriser la sienne propre.<br>Rien, par cons\u00e9quent, rien ne doit s\u2019interposer entre l\u2019esprit qui con\u00e7oit et l\u2019instrument qui le manifeste.<\/p>\n\n\n\n<p class=\"has-text-color has-link-color wp-elements-0c5dd61414d2cb4c88e3596780dedeb0\" style=\"color:#2753a5\"><strong><em>Pour lire le texte complet <a href=\"\/index.php\/options-dinscription\/\"><mark style=\"background-color:rgba(0, 0, 0, 0)\" class=\"has-inline-color has-vivid-cyan-blue-color\">s&rsquo;inscrire<\/mark><\/a> ou <a href=\"\/index.php\/my-account\/edit-account\/\"><mark style=\"background-color:rgba(0, 0, 0, 0)\" class=\"has-inline-color has-vivid-cyan-blue-color\">se connecter<\/mark><\/a><\/em><\/strong><\/p>\n\n\n\n\n\n<div style=\"height:100px\" aria-hidden=\"true\" class=\"wp-block-spacer\"><\/div>\n\n\n\n<div class=\"wp-block-buttons is-content-justification-center is-layout-flex wp-container-core-buttons-is-layout-a89b3969 wp-block-buttons-is-layout-flex\">\n<div class=\"wp-block-button has-custom-font-size is-style-fill has-small-font-size\"><a class=\"wp-block-button__link has-vivid-red-background-color has-background wp-element-button\" href=\"\/index.php\/2025\/03\/18\/1968-supplement-de-lencephale\/\">&lt;&#8211;retour<\/a><\/div>\n<\/div>\n<\/div>\n\n\n\n<div class=\"wp-block-column is-layout-flow wp-block-column-is-layout-flow\" style=\"flex-basis:33.33%\">\n<figure class=\"wp-block-table\"><table class=\"has-background\" style=\"background-color:#f8f2f2\"><thead><tr><th><mark class=\"has-inline-color has-vivid-red-color\" style=\"background-color: rgba(0, 0, 0, 0);\"><strong>Auteur<\/strong><\/mark><\/th><\/tr><\/thead><tbody><tr><td><strong>Marthe Vyl<\/strong><\/td><\/tr><\/tbody><\/table><\/figure>\n\n\n\n<figure class=\"wp-block-table\"><table><thead><tr><th><mark class=\"has-inline-color has-vivid-red-color\" style=\"background-color: rgba(0, 0, 0, 0);\"><strong>R\u00e9f\u00e9rence<\/strong><\/mark><\/th><\/tr><\/thead><tbody><tr><td><strong>RE1968-02<\/strong><br>Suppl\u00e9ment de l&rsquo;Enc\u00e9phale<\/td><\/tr><\/tbody><\/table><\/figure>\n\n\n\n<figure class=\"wp-block-table\"><table><thead><tr><th><mark class=\"has-inline-color has-vivid-red-color\" style=\"background-color: rgba(0, 0, 0, 0);\"><strong>Cat\u00e9gories<\/strong><\/mark><\/th><\/tr><\/thead><tbody><tr><td>Art<br>\u00c9ducation<br>Musique<br>Techniques corporelles&nbsp;<\/td><\/tr><\/tbody><\/table><\/figure>\n<\/div>\n<\/div>\n","protected":false},"excerpt":{"rendered":"<p>Parce qu\u2019il fait partie int\u00e9grante de la personne, qu\u2019il permet la traduction directe de l\u2019\u00e9motion sans le concours d\u2019\u00e9l\u00e9ments \u00e9trangers, il n\u2019est point d\u2019instrument plus parfait et plus total que le corps lui-m\u00eame. Plus qu\u2019un autre, il est capable de traduire dans l\u2019imm\u00e9diat une incitation de caract\u00e8re affectif.Or, la Musique&hellip;<\/p>\n","protected":false},"author":2,"featured_media":0,"comment_status":"closed","ping_status":"open","sticky":false,"template":"","format":"standard","meta":{"pmpro_default_level":"","ngg_post_thumbnail":0,"footnotes":""},"categories":[830],"tags":[483,831,828,538,843,531],"class_list":["post-4277","post","type-post","status-publish","format-standard","hentry","category-vyl-marthe","tag-art","tag-education","tag-lencephale-2","tag-musique","tag-re1968-02","tag-techniques-corporelles","pmpro-has-access"],"_links":{"self":[{"href":"https:\/\/bibliotheque-sfpe-at.com\/index.php\/wp-json\/wp\/v2\/posts\/4277","targetHints":{"allow":["GET"]}}],"collection":[{"href":"https:\/\/bibliotheque-sfpe-at.com\/index.php\/wp-json\/wp\/v2\/posts"}],"about":[{"href":"https:\/\/bibliotheque-sfpe-at.com\/index.php\/wp-json\/wp\/v2\/types\/post"}],"author":[{"embeddable":true,"href":"https:\/\/bibliotheque-sfpe-at.com\/index.php\/wp-json\/wp\/v2\/users\/2"}],"replies":[{"embeddable":true,"href":"https:\/\/bibliotheque-sfpe-at.com\/index.php\/wp-json\/wp\/v2\/comments?post=4277"}],"version-history":[{"count":2,"href":"https:\/\/bibliotheque-sfpe-at.com\/index.php\/wp-json\/wp\/v2\/posts\/4277\/revisions"}],"predecessor-version":[{"id":4318,"href":"https:\/\/bibliotheque-sfpe-at.com\/index.php\/wp-json\/wp\/v2\/posts\/4277\/revisions\/4318"}],"wp:attachment":[{"href":"https:\/\/bibliotheque-sfpe-at.com\/index.php\/wp-json\/wp\/v2\/media?parent=4277"}],"wp:term":[{"taxonomy":"category","embeddable":true,"href":"https:\/\/bibliotheque-sfpe-at.com\/index.php\/wp-json\/wp\/v2\/categories?post=4277"},{"taxonomy":"post_tag","embeddable":true,"href":"https:\/\/bibliotheque-sfpe-at.com\/index.php\/wp-json\/wp\/v2\/tags?post=4277"}],"curies":[{"name":"wp","href":"https:\/\/api.w.org\/{rel}","templated":true}]}}