{"id":4285,"date":"2025-03-18T22:25:20","date_gmt":"2025-03-18T21:25:20","guid":{"rendered":"https:\/\/bibliotheque-sfpe-at.com\/?p=4285"},"modified":"2025-03-18T23:39:17","modified_gmt":"2025-03-18T22:39:17","slug":"une-dimension-profonde-dans-lanalyse-du-dessin-de-la-famille-chez-lenfant-le-schema-corporel","status":"publish","type":"post","link":"https:\/\/bibliotheque-sfpe-at.com\/index.php\/2025\/03\/18\/une-dimension-profonde-dans-lanalyse-du-dessin-de-la-famille-chez-lenfant-le-schema-corporel\/","title":{"rendered":"Une dimension profonde dans l\u2019analyse du dessin de la famille chez l\u2019enfant : le sch\u00e9ma corporel"},"content":{"rendered":"\n<div class=\"wp-block-columns is-layout-flex wp-container-core-columns-is-layout-28f84493 wp-block-columns-is-layout-flex\">\n<div class=\"wp-block-column is-layout-flow wp-block-column-is-layout-flow\" style=\"flex-basis:66.66%\">\n<p>Le dessin de la famille, de plus en plus utilis\u00e9 en psychiatrie de l\u2019enfant, est susceptible de fournir au clinicien des indications pr\u00e9cieuses sur les relations entre l\u2019enfant et son entourage, et sur les d\u00e9ficits, distorsions et avatars de ces relations. Mais surtout il exprime la mani\u00e8re originale qu\u2019a l\u2019enfant de vivre ces relations, de percevoir le monde et les autres de se situer, se projeter ou se diff\u00e9rencier dans cet espace physique et social. C\u2019est pourquoi il convient de souligner la notion de sch\u00e9ma corporel comme une dimension profonde et primordiale dans l\u2019analyse du dessin de la famille.<\/p>\n\n\n\n<ol class=\"wp-block-list\">\n<li><strong>Le dessin de la famille comme test projectif \u2014 Normes de passassion principes d&rsquo;exploitation.<\/strong><\/li>\n<\/ol>\n\n\n\n<p>Rappelons tout d\u2019abord que cette \u00e9preuve, plus qu\u2019un simple dessin spontan\u00e9, constitue un v\u00e9ritable test projectif, qu\u2019elle doit donc \u00eatre effectu\u00e9e selon des normes de passassion pr\u00e9cises et donner lieu \u00e0 une exploitation syst\u00e9matique et rigoureuse.<br>Plus qu&rsquo;un dessin libre, ou qu\u2019un dessin impos\u00e9 sur un th\u00e8me impersonnel (tel le dessin du bonhomme), le dessin de la famille constitue une \u00e9preuve projective, qui concerne directement les probl\u00e8mes relationnels de l\u2019enfant \u2014 qu\u2019ils soient ou non perceptibles \u00e0 sa conscience \u2014 et va engager plus profond\u00e9ment son adh\u00e9sion ou sa r\u00e9sistance \u00e0 la conduite d\u2019expression graphique qui lui est propos\u00e9e.<\/p>\n\n\n\n<p class=\"has-text-color has-link-color wp-elements-0c5dd61414d2cb4c88e3596780dedeb0\" style=\"color:#2753a5\"><strong><em>Pour lire le texte complet <a href=\"\/index.php\/options-dinscription\/\"><mark style=\"background-color:rgba(0, 0, 0, 0)\" class=\"has-inline-color has-vivid-cyan-blue-color\">s&rsquo;inscrire<\/mark><\/a> ou <a href=\"\/index.php\/my-account\/edit-account\/\"><mark style=\"background-color:rgba(0, 0, 0, 0)\" class=\"has-inline-color has-vivid-cyan-blue-color\">se connecter<\/mark><\/a><\/em><\/strong><\/p>\n\n\n\n\n\n<div style=\"height:100px\" aria-hidden=\"true\" class=\"wp-block-spacer\"><\/div>\n\n\n\n<div class=\"wp-block-buttons is-content-justification-center is-layout-flex wp-container-core-buttons-is-layout-a89b3969 wp-block-buttons-is-layout-flex\">\n<div class=\"wp-block-button has-custom-font-size is-style-fill has-small-font-size\"><a class=\"wp-block-button__link has-vivid-red-background-color has-background wp-element-button\" href=\"\/index.php\/2025\/03\/18\/1968-supplement-de-lencephale\/\">&lt;&#8211;retour<\/a><\/div>\n<\/div>\n<\/div>\n\n\n\n<div class=\"wp-block-column is-layout-flow wp-block-column-is-layout-flow\" style=\"flex-basis:33.33%\">\n<figure class=\"wp-block-table\"><table class=\"has-background\" style=\"background-color:#f8f2f2\"><thead><tr><th><mark class=\"has-inline-color has-vivid-red-color\" style=\"background-color: rgba(0, 0, 0, 0);\"><strong>Auteur<\/strong><\/mark><\/th><\/tr><\/thead><tbody><tr><td><strong>Louis<\/strong> <strong>Crocq et Melle. Suziot<\/strong><\/td><\/tr><\/tbody><\/table><\/figure>\n\n\n\n<figure class=\"wp-block-table\"><table><thead><tr><th><mark class=\"has-inline-color has-vivid-red-color\" style=\"background-color: rgba(0, 0, 0, 0);\"><strong>R\u00e9f\u00e9rence<\/strong><\/mark><\/th><\/tr><\/thead><tbody><tr><td><strong>RE1968-05<\/strong><br>Suppl\u00e9ment de l&rsquo;Enc\u00e9phale<\/td><\/tr><\/tbody><\/table><\/figure>\n\n\n\n<figure class=\"wp-block-table\"><table><thead><tr><th><mark class=\"has-inline-color has-vivid-red-color\" style=\"background-color: rgba(0, 0, 0, 0);\"><strong>Cat\u00e9gories<\/strong><\/mark><\/th><\/tr><\/thead><tbody><tr><td>Psychologie<br>Dessin<br>Enfance<br>\u00c9valuation&nbsp;<\/td><\/tr><\/tbody><\/table><\/figure>\n<\/div>\n<\/div>\n","protected":false},"excerpt":{"rendered":"<p>Le dessin de la famille, de plus en plus utilis\u00e9 en psychiatrie de l\u2019enfant, est susceptible de fournir au clinicien des indications pr\u00e9cieuses sur les relations entre l\u2019enfant et son entourage, et sur les d\u00e9ficits, distorsions et avatars de ces relations. Mais surtout il exprime la mani\u00e8re originale qu\u2019a l\u2019enfant&hellip;<\/p>\n","protected":false},"author":2,"featured_media":0,"comment_status":"closed","ping_status":"open","sticky":false,"template":"","format":"standard","meta":{"pmpro_default_level":"","ngg_post_thumbnail":0,"footnotes":""},"categories":[835],"tags":[508,549,561,828,498,846],"class_list":["post-4285","post","type-post","status-publish","format-standard","hentry","category-crocq-louis","tag-dessin","tag-enfance","tag-evaluation","tag-lencephale-2","tag-psychologie","tag-re1968-05","pmpro-has-access"],"_links":{"self":[{"href":"https:\/\/bibliotheque-sfpe-at.com\/index.php\/wp-json\/wp\/v2\/posts\/4285","targetHints":{"allow":["GET"]}}],"collection":[{"href":"https:\/\/bibliotheque-sfpe-at.com\/index.php\/wp-json\/wp\/v2\/posts"}],"about":[{"href":"https:\/\/bibliotheque-sfpe-at.com\/index.php\/wp-json\/wp\/v2\/types\/post"}],"author":[{"embeddable":true,"href":"https:\/\/bibliotheque-sfpe-at.com\/index.php\/wp-json\/wp\/v2\/users\/2"}],"replies":[{"embeddable":true,"href":"https:\/\/bibliotheque-sfpe-at.com\/index.php\/wp-json\/wp\/v2\/comments?post=4285"}],"version-history":[{"count":4,"href":"https:\/\/bibliotheque-sfpe-at.com\/index.php\/wp-json\/wp\/v2\/posts\/4285\/revisions"}],"predecessor-version":[{"id":4312,"href":"https:\/\/bibliotheque-sfpe-at.com\/index.php\/wp-json\/wp\/v2\/posts\/4285\/revisions\/4312"}],"wp:attachment":[{"href":"https:\/\/bibliotheque-sfpe-at.com\/index.php\/wp-json\/wp\/v2\/media?parent=4285"}],"wp:term":[{"taxonomy":"category","embeddable":true,"href":"https:\/\/bibliotheque-sfpe-at.com\/index.php\/wp-json\/wp\/v2\/categories?post=4285"},{"taxonomy":"post_tag","embeddable":true,"href":"https:\/\/bibliotheque-sfpe-at.com\/index.php\/wp-json\/wp\/v2\/tags?post=4285"}],"curies":[{"name":"wp","href":"https:\/\/api.w.org\/{rel}","templated":true}]}}