{"id":429,"date":"2018-10-03T11:33:00","date_gmt":"2018-10-03T11:33:00","guid":{"rendered":"http:\/\/localhost\/Wordpress\/?p=429"},"modified":"2024-05-31T17:52:33","modified_gmt":"2024-05-31T15:52:33","slug":"traversees","status":"publish","type":"post","link":"https:\/\/bibliotheque-sfpe-at.com\/index.php\/2018\/10\/03\/traversees\/","title":{"rendered":"Travers\u00e9es"},"content":{"rendered":"<div class=\"wp-block-image\">\n<figure class=\"alignright size-large is-resized\"><a href=\"https:\/\/bibliotheque-sfpe-at.com\/wp-content\/uploads\/2024\/05\/RA012-Traverseees.jpg\"><img loading=\"lazy\" decoding=\"async\" width=\"724\" height=\"1024\" src=\"https:\/\/bibliotheque-sfpe-at.com\/wp-content\/uploads\/2024\/05\/RA012-Traverseees-724x1024.jpg\" alt=\"\" class=\"wp-image-1317\" style=\"width:350px\" srcset=\"https:\/\/bibliotheque-sfpe-at.com\/wp-content\/uploads\/2024\/05\/RA012-Traverseees-724x1024.jpg 724w, https:\/\/bibliotheque-sfpe-at.com\/wp-content\/uploads\/2024\/05\/RA012-Traverseees-600x848.jpg 600w, https:\/\/bibliotheque-sfpe-at.com\/wp-content\/uploads\/2024\/05\/RA012-Traverseees-212x300.jpg 212w, https:\/\/bibliotheque-sfpe-at.com\/wp-content\/uploads\/2024\/05\/RA012-Traverseees-768x1086.jpg 768w, https:\/\/bibliotheque-sfpe-at.com\/wp-content\/uploads\/2024\/05\/RA012-Traverseees-241x340.jpg 241w, https:\/\/bibliotheque-sfpe-at.com\/wp-content\/uploads\/2024\/05\/RA012-Traverseees-425x600.jpg 425w, https:\/\/bibliotheque-sfpe-at.com\/wp-content\/uploads\/2024\/05\/RA012-Traverseees.jpg 849w\" sizes=\"auto, (max-width: 724px) 100vw, 724px\" \/><\/a><\/figure>\n<\/div>\n\n\n<p>Que se passe-t-il lorsque l\u2019artiste \u2014 po\u00e8te, musicien, peintre, acteur \u2014 se dit \u00ab travers\u00e9 \u00bb par son art ? Quels passages s\u2019ouvrent-ils lorsque l\u2019intuition, l\u2019inspiration ou l\u2019hallucination surgissent dans le sujet comme venues d\u2019ailleurs, d\u2019une autre sc\u00e8ne de la vie psychique, m\u00e9connue au point de la croire externe ? \u00c0 quelle petite musique int\u00e9rieure s\u2019accorde celle qui nous transporte ? Qu\u2019avons-nous travers\u00e9 au sortir d\u2019une crise, d\u2019une \u00e9preuve, d\u2019une passion ? Le th\u00e8me de nos 54e Journ\u00e9es nous invite \u00e0 parcourir les notions cliniquement et esth\u00e9tiquement fertiles que sont la travers\u00e9e et le passage. Tel patient schizophr\u00e8ne disait : \u00ab\u00a0je ne suis pas fou, je suis de passage\u00a0\u00bb. La transition, le pr\u00e9caire, les \u00e9quilibres instables : autant de possibilit\u00e9s pour saisir l\u2019actualit\u00e9 soci\u00e9tale, clinique et esth\u00e9tique. Comment, dans les diff\u00e9rentes psychopathologies, s\u2019op\u00e8re le chemin de traverse vers le sympt\u00f4me ? Et quels en sont les d\u00e9voilements dans certains modes d\u2019expression qui t\u00e9moignent d\u2019une travers\u00e9e du miroir ? On pourra en trouver des mod\u00e8les exacerb\u00e9s, par exemple dans la clinique de l\u2019enfant et de l\u2019adolescent, \u00e0 travers la fugue et le passage \u00e0 l\u2019acte. Le processus th\u00e9rapeutique est-il en lui m\u00eame une travers\u00e9e \u2014 et vers quel horizon de gu\u00e9rison ? Dans les diff\u00e9rents dispositifs de m\u00e9diation, comment le transfert op\u00e8re-t-il entre le passeur artth\u00e9rapeute et le patient qui s\u2019engage dans et vers la cr\u00e9ation ? Etay\u00e9es sur des formes artistiques et cliniques, des \u00e9tudes de cas pourront montrer comment, apr\u00e8s son figement dans la souffrance, le sujet participe de la mise en mouvement salutaire d\u2019une travers\u00e9e. Ce sont ces multiples questions &#8211; cliniques, soci\u00e9tales, artistiques, th\u00e9rapeutiques &#8211; que nous proposons de mettre au travail gr\u00e2ce aux \u00e9changes interdisciplinaires entre praticiens et chercheurs, cliniciens et artistes.<\/p>\n\n\n<div class='pt-cv-wrapper'> <div class=\"pt-cv-view pt-cv-blockgrid iscvblock iscvreal grid1 layout2 cveffect-zoomin\" id=\"pt-cv-view-3i0h7lt2\"><div data-id=\"pt-cv-page-1\" class=\"pt-cv-page\" data-cvc=\"4\"><div class=\" pt-cv-content-item pt-cv-1-col\" ><div class=\"pt-cv-taxoterm above_title\"><a href='https:\/\/bibliotheque-sfpe-at.com\/index.php\/category\/auteurs\/barthelemy-jean-marie\/' title='Barth\u00e9l\u00e9my Jean-Marie' class='pt-cv-tax-barthelemy-jean-marie'>Barth\u00e9l\u00e9my Jean-Marie<\/a><\/div>\n<h4 class=\"pt-cv-title\"><a href=\"https:\/\/bibliotheque-sfpe-at.com\/index.php\/2024\/05\/29\/le-passage-point-dinflexion-de-la-traversee\/\" class=\"_self\" target=\"_self\" >Le passage point d\u2019inflexion de la travers\u00e9e<\/a><\/h4>\n<div class=\"pt-cv-content\">La travers\u00e9e n\u2019a rien d\u2019une banale promenade ni du voyageordinaire. Au d\u00e9placement dans l\u2019espace que toutes trois supposent dans leur d\u00e9finition prosa\u00efque, s\u2019adjoignent un surcro\u00eetde s\u00e9rieux, une surcharge de p\u00e9ril que viennent ponctuer certainsmoments forts et points de passage oblig\u00e9s auxquels une valeursymbolique ou r\u00e9elle &#8230;<\/div>\n<div class=\"pt-cv-rmwrap\"><a href=\"https:\/\/bibliotheque-sfpe-at.com\/index.php\/2024\/05\/29\/le-passage-point-dinflexion-de-la-traversee\/\" class=\"_self pt-cv-readmore btn btn-success\" target=\"_self\" >Lire La Suite\u2026<\/a><\/div><\/div>\n<div class=\" pt-cv-content-item pt-cv-1-col\" ><div class=\"pt-cv-taxoterm above_title\"><a href='https:\/\/bibliotheque-sfpe-at.com\/index.php\/category\/auteurs\/massardier-luc\/' title='Massardier Luc' class='pt-cv-tax-massardier-luc'>Massardier Luc<\/a><\/div>\n<h4 class=\"pt-cv-title\"><a href=\"https:\/\/bibliotheque-sfpe-at.com\/index.php\/2024\/05\/29\/traverser-le-temps-de-linstant-a-la-perennite\/\" class=\"_self\" target=\"_self\" >Traverser le temps. De l\u2019instant \u00e0 la p\u00e9rennit\u00e9<\/a><\/h4>\n<div class=\"pt-cv-content\">Tout est travers\u00e9e depuis les origines jusqu\u2019aux temps les plus lointains, mais de quel temps s\u2019agit-il ? Celui de l\u2019instant ou celui de l\u2019\u00e9ternit\u00e9 ? Saisir le temps, c\u2019est comprendre qu\u2019il ne suspendra pas \u00ab son vol \u00bb : on ne peut en donner que &#8230;<\/div>\n<div class=\"pt-cv-rmwrap\"><a href=\"https:\/\/bibliotheque-sfpe-at.com\/index.php\/2024\/05\/29\/traverser-le-temps-de-linstant-a-la-perennite\/\" class=\"_self pt-cv-readmore btn btn-success\" target=\"_self\" >Lire La Suite\u2026<\/a><\/div><\/div>\n<div class=\" pt-cv-content-item pt-cv-1-col\" ><div class=\"pt-cv-taxoterm above_title\"><a href='https:\/\/bibliotheque-sfpe-at.com\/index.php\/category\/auteurs\/lambert-jean-francois\/' title='Lambert Jean-Fran\u00e7ois' class='pt-cv-tax-lambert-jean-francois'>Lambert Jean-Fran\u00e7ois<\/a><\/div>\n<h4 class=\"pt-cv-title\"><a href=\"https:\/\/bibliotheque-sfpe-at.com\/index.php\/2024\/05\/29\/je-passe-sans-le-savoir\/\" class=\"_self\" target=\"_self\" >Je passe sans le savoir<\/a><\/h4>\n<div class=\"pt-cv-content\">Comme le montre le texte de pr\u00e9sentation de ces journ\u00e9es, la \u00ab travers\u00e9e \u00bb est naturellement associ\u00e9e au passage (pessah), au surgissement, \u00e0 la transition, aux \u00e9quilibres instables, \u00e0 la crise, autant de notions revendiqu\u00e9es diversement par la thermodynamique du non \u00e9quilibre (Ilya Prigogine), la &#8230;<\/div>\n<div class=\"pt-cv-rmwrap\"><a href=\"https:\/\/bibliotheque-sfpe-at.com\/index.php\/2024\/05\/29\/je-passe-sans-le-savoir\/\" class=\"_self pt-cv-readmore btn btn-success\" target=\"_self\" >Lire La Suite\u2026<\/a><\/div><\/div>\n<div class=\" pt-cv-content-item pt-cv-1-col\" ><div class=\"pt-cv-taxoterm above_title\"><a href='https:\/\/bibliotheque-sfpe-at.com\/index.php\/category\/auteurs\/reillanne-ghislaine\/' title='Reillanne Ghislaine' class='pt-cv-tax-reillanne-ghislaine'>Reillanne Ghislaine<\/a><\/div>\n<h4 class=\"pt-cv-title\"><a href=\"https:\/\/bibliotheque-sfpe-at.com\/index.php\/2024\/05\/29\/un-cri-traverse-le-silence\/\" class=\"_self\" target=\"_self\" >Un cri traverse le silence<\/a><\/h4>\n<div class=\"pt-cv-content\">Cri, un des tableaux les plus c\u00e9l\u00e8bres au monde, est l\u2019oeuvre embl\u00e9matique d\u2019un peintre tortur\u00e9, Edvard Munch, d\u2019une \u00e9poque tourment\u00e9e et d\u2019un courant artistique novateur. Cette ic\u00f4ne de l\u2019histoire de l\u2019art pressentant les apocalypses du XXe si\u00e8cle est le symbole de l\u2019angoisse existentielle. Construit lui-m\u00eame &#8230;<\/div>\n<div class=\"pt-cv-rmwrap\"><a href=\"https:\/\/bibliotheque-sfpe-at.com\/index.php\/2024\/05\/29\/un-cri-traverse-le-silence\/\" class=\"_self pt-cv-readmore btn btn-success\" target=\"_self\" >Lire La Suite\u2026<\/a><\/div><\/div>\n<div class=\" pt-cv-content-item pt-cv-1-col\" ><div class=\"pt-cv-taxoterm above_title\"><a href='https:\/\/bibliotheque-sfpe-at.com\/index.php\/category\/auteurs\/boute-gerard\/' title='Bout\u00e9 G\u00e9rard' class='pt-cv-tax-boute-gerard'>Bout\u00e9 G\u00e9rard<\/a><\/div>\n<h4 class=\"pt-cv-title\"><a href=\"https:\/\/bibliotheque-sfpe-at.com\/index.php\/2024\/05\/29\/la-peinture-traverse-t-elle-les-apparences\/\" class=\"_self\" target=\"_self\" >La peinture traverse-t-elle les apparences<\/a><\/h4>\n<div class=\"pt-cv-content\">\u00ab Le monde de l\u2019art est un monde visible, rien que visible [\u2026] \u00bbMerleau-Ponty, L\u2019OEil et l\u2019Esprit. Quand nous contemplons une oeuvre d\u2019art, avons-nous toujours conscience que c\u2019est avant tout d\u2019une rencontre avec les apparences qu\u2019il s\u2019agit ? Notre propos tentera de distinguer le pictural &#8230;<\/div>\n<div class=\"pt-cv-rmwrap\"><a href=\"https:\/\/bibliotheque-sfpe-at.com\/index.php\/2024\/05\/29\/la-peinture-traverse-t-elle-les-apparences\/\" class=\"_self pt-cv-readmore btn btn-success\" target=\"_self\" >Lire La Suite\u2026<\/a><\/div><\/div>\n<div class=\" pt-cv-content-item pt-cv-1-col\" ><div class=\"pt-cv-taxoterm above_title\"><a href='https:\/\/bibliotheque-sfpe-at.com\/index.php\/category\/auteurs\/madelaine-dupuich-carole\/' title='Madelaine-Dupuich Carole' class='pt-cv-tax-madelaine-dupuich-carole'>Madelaine-Dupuich Carole<\/a><\/div>\n<h4 class=\"pt-cv-title\"><a href=\"https:\/\/bibliotheque-sfpe-at.com\/index.php\/2024\/05\/29\/traversee-de-lintention-a-loeuvre\/\" class=\"_self\" target=\"_self\" >Travers\u00e9e\u00a0: De l&rsquo;intention \u00e0 l&rsquo;\u0153uvre<\/a><\/h4>\n<div class=\"pt-cv-content\">Que ce soit l\u2019artiste Fabienne Verdier ou Aur\u00e9lia, femme \u00e0 l\u2019enfance bless\u00e9e, toutes deux sont travers\u00e9es par une qu\u00eate. Elles sortent d\u2019un \u00e9tat : l\u2019une quitte l\u2019Occident pour aller apprendre l\u2019unique trait de pinceau chez les ma\u00eetres chinois ; l\u2019autre aspire \u00e0 sa f\u00e9minit\u00e9 encore &#8230;<\/div>\n<div class=\"pt-cv-rmwrap\"><a href=\"https:\/\/bibliotheque-sfpe-at.com\/index.php\/2024\/05\/29\/traversee-de-lintention-a-loeuvre\/\" class=\"_self pt-cv-readmore btn btn-success\" target=\"_self\" >Lire La Suite\u2026<\/a><\/div><\/div>\n<div class=\" pt-cv-content-item pt-cv-1-col\" ><div class=\"pt-cv-taxoterm above_title\"><a href='https:\/\/bibliotheque-sfpe-at.com\/index.php\/category\/auteurs\/vasseur-alain\/' title='Vasseur Alain' class='pt-cv-tax-vasseur-alain'>Vasseur Alain<\/a><\/div>\n<h4 class=\"pt-cv-title\"><a href=\"https:\/\/bibliotheque-sfpe-at.com\/index.php\/2024\/05\/29\/vivre-est-un-artlart-de-se-laisser-traverser\/\" class=\"_self\" target=\"_self\" >Vivre est un art\u2026l\u2019art de se laisser traverser<\/a><\/h4>\n<div class=\"pt-cv-content\">Les psychanalystes nous expliquent l\u2019importance des premiers moments de la naissance o\u00f9 la m\u00e8re (ou son substitut) parle \u00e0 l\u2019enfant par le sourire, le visage, la nourriture \u00ab comblante \u00bb, avant m\u00eame la parole en mots. Ce qui parle d\u2019abord \u00e0 l\u2019enfant, c\u2019est la chair &#8230;<\/div>\n<div class=\"pt-cv-rmwrap\"><a href=\"https:\/\/bibliotheque-sfpe-at.com\/index.php\/2024\/05\/29\/vivre-est-un-artlart-de-se-laisser-traverser\/\" class=\"_self pt-cv-readmore btn btn-success\" target=\"_self\" >Lire La Suite\u2026<\/a><\/div><\/div>\n<div class=\" pt-cv-content-item pt-cv-1-col\" ><div class=\"pt-cv-taxoterm above_title\"><a href='https:\/\/bibliotheque-sfpe-at.com\/index.php\/category\/auteurs\/moulis-alice\/' title='Moulis Alice' class='pt-cv-tax-moulis-alice'>Moulis Alice<\/a><\/div>\n<h4 class=\"pt-cv-title\"><a href=\"https:\/\/bibliotheque-sfpe-at.com\/index.php\/2024\/05\/29\/chemins-de-traverse-dun-ecrivain-en-devenir\/\" class=\"_self\" target=\"_self\" >Chemins de traverse d\u2019un \u00e9crivain en devenir<\/a><\/h4>\n<div class=\"pt-cv-content\">Gabriel se pr\u00e9sente la premi\u00e8re fois au cabinet de la psychologue avec sa compagne. Son attitude de petit gar\u00e7on contraste avec l\u2019allure \u00ab bad boy \u00bb qu\u2019il tente d\u2019offrir \u00e0 l\u2019autre. La dimension pulsionnelle occupe le devant de la sc\u00e8ne. Sa relation sentimentale est fragilis\u00e9e &#8230;<\/div>\n<div class=\"pt-cv-rmwrap\"><a href=\"https:\/\/bibliotheque-sfpe-at.com\/index.php\/2024\/05\/29\/chemins-de-traverse-dun-ecrivain-en-devenir\/\" class=\"_self pt-cv-readmore btn btn-success\" target=\"_self\" >Lire La Suite\u2026<\/a><\/div><\/div>\n<div class=\" pt-cv-content-item pt-cv-1-col\" ><div class=\"pt-cv-taxoterm above_title\"><a href='https:\/\/bibliotheque-sfpe-at.com\/index.php\/category\/auteurs\/sicard-marie\/' title='Sicard Marie' class='pt-cv-tax-sicard-marie'>Sicard Marie<\/a><\/div>\n<h4 class=\"pt-cv-title\"><a href=\"https:\/\/bibliotheque-sfpe-at.com\/index.php\/2024\/05\/29\/chambre-n-6-une-traversee\/\" class=\"_self\" target=\"_self\" >Chambre n\u00b0 6, une travers\u00e9e<\/a><\/h4>\n<div class=\"pt-cv-content\">Il \u00e9tait une fois\u2026 C\u2019est ainsi que pourrait commencer le t\u00e9moignage de ma travers\u00e9e de la maladie, les premiers mots d\u2019un conte et ce qui constitue ce type de r\u00e9cit, la dimension initiatique pr\u00e9voyant \u00e9preuves, perte du chemin, exp\u00e9rience de la peur, mais aussi alli\u00e9s &#8230;<\/div>\n<div class=\"pt-cv-rmwrap\"><a href=\"https:\/\/bibliotheque-sfpe-at.com\/index.php\/2024\/05\/29\/chambre-n-6-une-traversee\/\" class=\"_self pt-cv-readmore btn btn-success\" target=\"_self\" >Lire La Suite\u2026<\/a><\/div><\/div>\n<div class=\" pt-cv-content-item pt-cv-1-col\" ><div class=\"pt-cv-taxoterm above_title\"><a href='https:\/\/bibliotheque-sfpe-at.com\/index.php\/category\/auteurs\/martineau-jean-pierre\/' title='Martineau Jean-Pierre' class='pt-cv-tax-martineau-jean-pierre'>Martineau Jean-Pierre<\/a><\/div>\n<h4 class=\"pt-cv-title\"><a href=\"https:\/\/bibliotheque-sfpe-at.com\/index.php\/2024\/05\/29\/passager-des-oeuvres-marines-dans-la-lumiere-de-turner\/\" class=\"_self\" target=\"_self\" >Passager des \u0153uvres \u00ab\u00a0marines\u00a0\u00bb. Dans la lumi\u00e8re de Turner<\/a><\/h4>\n<div class=\"pt-cv-content\">Un bon bateau est dit \u00ab marin \u00bb quand, pour traverser vents et mar\u00e9es, il peut tanguer, rouler, g\u00eeter sans d\u00e9river \u00e0 diff\u00e9rentes allures jusqu\u2019\u00e0 remonter au vent. Cela requiert une grande qualit\u00e9 de la coque, de la voilure, mais aussi du ma\u00eetre \u00e0 bord, &#8230;<\/div>\n<div class=\"pt-cv-rmwrap\"><a href=\"https:\/\/bibliotheque-sfpe-at.com\/index.php\/2024\/05\/29\/passager-des-oeuvres-marines-dans-la-lumiere-de-turner\/\" class=\"_self pt-cv-readmore btn btn-success\" target=\"_self\" >Lire La Suite\u2026<\/a><\/div><\/div>\n<div class=\" pt-cv-content-item pt-cv-1-col\" ><div class=\"pt-cv-taxoterm above_title\"><a href='https:\/\/bibliotheque-sfpe-at.com\/index.php\/category\/auteurs\/lamblin-berlende\/' title='Lamblin Berlende' class='pt-cv-tax-lamblin-berlende'>Lamblin Berlende<\/a><\/div>\n<h4 class=\"pt-cv-title\"><a href=\"https:\/\/bibliotheque-sfpe-at.com\/index.php\/2024\/05\/29\/pollock-ou-la-trace-de-la-traversee\/\" class=\"_self\" target=\"_self\" >Pollock ou \u201cla trace de la travers\u00e9e\u201d<\/a><\/h4>\n<div class=\"pt-cv-content\">\u00ab Quand je suis dans mon tableau, je ne suis pas conscient de ce que je fais. C\u2019est seulement apr\u00e8s une esp\u00e8ce de temps de prise de connaissance que je vois ce que j\u2019ai voulu faire. Je n\u2019ai pas peur d\u2019effectuer des changements, de d\u00e9truire &#8230;<\/div>\n<div class=\"pt-cv-rmwrap\"><a href=\"https:\/\/bibliotheque-sfpe-at.com\/index.php\/2024\/05\/29\/pollock-ou-la-trace-de-la-traversee\/\" class=\"_self pt-cv-readmore btn btn-success\" target=\"_self\" >Lire La Suite\u2026<\/a><\/div><\/div>\n<div class=\" pt-cv-content-item pt-cv-1-col\" ><div class=\"pt-cv-taxoterm above_title\"><a href='https:\/\/bibliotheque-sfpe-at.com\/index.php\/category\/auteurs\/bruselle-andre\/' title='Bruselle Andr\u00e9' class='pt-cv-tax-bruselle-andre'>Bruselle Andr\u00e9<\/a><\/div>\n<h4 class=\"pt-cv-title\"><a href=\"https:\/\/bibliotheque-sfpe-at.com\/index.php\/2024\/05\/29\/traversee-des-courants-du-siecle-et-naufrage-dans-lazur-malevitch\/\" class=\"_self\" target=\"_self\" >Travers\u00e9e des courants du si\u00e8cle et naufrage dans l\u2019Azur : Malevitch<\/a><\/h4>\n<div class=\"pt-cv-content\">Les courants multiples de la peinture du d\u00e9but du XX e si\u00e8cle ont travers\u00e9 les trajectoires des peintres. Kasimir Malevitch en a fait un mouvement culminant dans le supr\u00e9matisme et son \u00ab carr\u00e9 blanc sur fond blanc \u00bb. Est-ce l\u00e0 le sommet de l\u2019art ? &#8230;<\/div>\n<div class=\"pt-cv-rmwrap\"><a href=\"https:\/\/bibliotheque-sfpe-at.com\/index.php\/2024\/05\/29\/traversee-des-courants-du-siecle-et-naufrage-dans-lazur-malevitch\/\" class=\"_self pt-cv-readmore btn btn-success\" target=\"_self\" >Lire La Suite\u2026<\/a><\/div><\/div>\n<div class=\" pt-cv-content-item pt-cv-1-col\" ><div class=\"pt-cv-taxoterm above_title\"><a href='https:\/\/bibliotheque-sfpe-at.com\/index.php\/category\/auteurs\/chemama-steiner-beatrice\/' title='Chemama-Steiner B\u00e9atrice' class='pt-cv-tax-chemama-steiner-beatrice'>Chemama-Steiner B\u00e9atrice<\/a><\/div>\n<h4 class=\"pt-cv-title\"><a href=\"https:\/\/bibliotheque-sfpe-at.com\/index.php\/2024\/05\/29\/un-passage-dans-le-mur-du-symptome\/\" class=\"_self\" target=\"_self\" >Un passage dans le mur du sympt\u00f4me<\/a><\/h4>\n<div class=\"pt-cv-content\">Adrien Martias est n\u00e9 en 1901 \u00e0 Terre-de-Bas, une petite \u00eele de Guadeloupe. Pendant dix ans, il traverse les mers sur un voilier comme matelot non sp\u00e9cialis\u00e9. Il ne le sait pas, mais sa travers\u00e9e de 1929 sera sans retour. Pi\u00e9g\u00e9 au Havre par la &#8230;<\/div>\n<div class=\"pt-cv-rmwrap\"><a href=\"https:\/\/bibliotheque-sfpe-at.com\/index.php\/2024\/05\/29\/un-passage-dans-le-mur-du-symptome\/\" class=\"_self pt-cv-readmore btn btn-success\" target=\"_self\" >Lire La Suite\u2026<\/a><\/div><\/div>\n<div class=\" pt-cv-content-item pt-cv-1-col\" ><div class=\"pt-cv-taxoterm above_title\"><a href='https:\/\/bibliotheque-sfpe-at.com\/index.php\/category\/auteurs\/muller-hargreaves-jean-pierre\/' title='Muller Hargreaves Jean-Pierre' class='pt-cv-tax-muller-hargreaves-jean-pierre'>Muller Hargreaves Jean-Pierre<\/a><\/div>\n<h4 class=\"pt-cv-title\"><a href=\"https:\/\/bibliotheque-sfpe-at.com\/index.php\/2024\/05\/29\/emygdio-traversee-de-lespace-interieur\/\" class=\"_self\" target=\"_self\" >Emygdio, travers\u00e9e de l&rsquo;espace int\u00e9rieur<\/a><\/h4>\n<div class=\"pt-cv-content\">Emygdio \u00e9tait un des patients intern\u00e9s \u00e0 l\u00b4h\u00f4pital Pedro Segundo \u00e0 Rio de Janeiro, qui fr\u00e9quentait le service de th\u00e9rapie occupationnelle dirig\u00e9 par Mme le docteur Nise da Silveira depuis 1946. Notre \u00e9tude des images produites par Emygdio montrera comment des \u00e9l\u00e9ments de son histoire &#8230;<\/div>\n<div class=\"pt-cv-rmwrap\"><a href=\"https:\/\/bibliotheque-sfpe-at.com\/index.php\/2024\/05\/29\/emygdio-traversee-de-lespace-interieur\/\" class=\"_self pt-cv-readmore btn btn-success\" target=\"_self\" >Lire La Suite\u2026<\/a><\/div><\/div>\n<div class=\" pt-cv-content-item pt-cv-1-col\" ><div class=\"pt-cv-taxoterm above_title\"><a href='https:\/\/bibliotheque-sfpe-at.com\/index.php\/category\/auteurs\/royol-jean-pierre\/' title='Royol Jean-Pierre' class='pt-cv-tax-royol-jean-pierre'>Royol Jean-Pierre<\/a><\/div>\n<h4 class=\"pt-cv-title\"><a href=\"https:\/\/bibliotheque-sfpe-at.com\/index.php\/2024\/05\/29\/le-cantique-de-gabriel-le-ou-la-traversee-du-semblant\/\" class=\"_self\" target=\"_self\" >Le Cantique de Gabriel (le) ou la travers\u00e9e du semblant<\/a><\/h4>\n<div class=\"pt-cv-content\">D\u00e9clar\u00e9 schizophr\u00e8ne et contraint par la voix qui le d\u00e9signe ange et po\u00e8te, Gabriel(le) Guez Ricord r\u00e9pond par l\u2019\u00e9criture d\u2019un cantique d\u00e9di\u00e9 \u00e0 la travers\u00e9e du semblant vers la v\u00e9rit\u00e9 absolue. Mais comment d\u00e9passer le semblant par un autre semblant dont il calcule la m\u00e9trique &#8230;<\/div>\n<div class=\"pt-cv-rmwrap\"><a href=\"https:\/\/bibliotheque-sfpe-at.com\/index.php\/2024\/05\/29\/le-cantique-de-gabriel-le-ou-la-traversee-du-semblant\/\" class=\"_self pt-cv-readmore btn btn-success\" target=\"_self\" >Lire La Suite\u2026<\/a><\/div><\/div>\n<div class=\" pt-cv-content-item pt-cv-1-col\" ><div class=\"pt-cv-taxoterm above_title\"><a href='https:\/\/bibliotheque-sfpe-at.com\/index.php\/category\/auteurs\/ferrieres-pestureau-suzanne\/' title='Ferri\u00e8res-Pestureau Suzanne' class='pt-cv-tax-ferrieres-pestureau-suzanne'>Ferri\u00e8res-Pestureau Suzanne<\/a><\/div>\n<h4 class=\"pt-cv-title\"><a href=\"https:\/\/bibliotheque-sfpe-at.com\/index.php\/2024\/05\/29\/montaigne-un-peintre-du-passage\/\" class=\"_self\" target=\"_self\" >Montaigne\u00a0: un peintre du passage<\/a><\/h4>\n<div class=\"pt-cv-content\">Rien ne pr\u00e9destinait Montaigne \u00e0 l\u2019\u00e9criture avant la mort de son ami La Bo\u00e9tie en 1563. Quelques ann\u00e9es plus tard, Montaigne, en proie \u00e0 une humeur m\u00e9lancolique, se retire dans sa biblioth\u00e8que pour se consacrer \u00e0 l\u2019\u00e9criture des Essais. Entr\u00e9 en \u00e9criture pour c\u00e9l\u00e9brer la &#8230;<\/div>\n<div class=\"pt-cv-rmwrap\"><a href=\"https:\/\/bibliotheque-sfpe-at.com\/index.php\/2024\/05\/29\/montaigne-un-peintre-du-passage\/\" class=\"_self pt-cv-readmore btn btn-success\" target=\"_self\" >Lire La Suite\u2026<\/a><\/div><\/div>\n<div class=\" pt-cv-content-item pt-cv-1-col\" ><div class=\"pt-cv-taxoterm above_title\"><a href='https:\/\/bibliotheque-sfpe-at.com\/index.php\/category\/auteurs\/schauder-silke\/' title='Schauder Silke' class='pt-cv-tax-schauder-silke'>Schauder Silke<\/a><\/div>\n<h4 class=\"pt-cv-title\"><a href=\"https:\/\/bibliotheque-sfpe-at.com\/index.php\/2024\/05\/29\/notes-sur-the-passing-de-bill-viola\/\" class=\"_self\" target=\"_self\" >Notes sur \u00ab\u00a0The passing\u00a0\u00bb de Bill Viola<\/a><\/h4>\n<div class=\"pt-cv-content\">Inaugurale de l\u2019\u00e9criture de soi, cette phrase de Montaigne pourrait figurer en exergue de toute l\u2019oeuvre de Bill Viola qui nous offre une r\u00e9flexion des plus aigu\u00ebs sur la transition, le passage, l\u2019\u00e9ph\u00e9m\u00e8re et, partant, une capture de l\u2019instant. Interrogation et mise en abyme du &#8230;<\/div>\n<div class=\"pt-cv-rmwrap\"><a href=\"https:\/\/bibliotheque-sfpe-at.com\/index.php\/2024\/05\/29\/notes-sur-the-passing-de-bill-viola\/\" class=\"_self pt-cv-readmore btn btn-success\" target=\"_self\" >Lire La Suite\u2026<\/a><\/div><\/div>\n<div class=\" pt-cv-content-item pt-cv-1-col\" ><div class=\"pt-cv-taxoterm above_title\"><a href='https:\/\/bibliotheque-sfpe-at.com\/index.php\/category\/auteurs\/mourtada-youssef\/' title='Mourtada Youssef' class='pt-cv-tax-mourtada-youssef'>Mourtada Youssef<\/a><\/div>\n<h4 class=\"pt-cv-title\"><a href=\"https:\/\/bibliotheque-sfpe-at.com\/index.php\/2024\/05\/29\/linsoutenable-question-de-lacte-du-meurtre-a-la-creation\/\" class=\"_self\" target=\"_self\" >L\u2019insoutenable question de l\u2019acte\u00a0: du meurtre \u00e0 la cr\u00e9ation<\/a><\/h4>\n<div class=\"pt-cv-content\">Le mental pour un humain est un espace vital, sans cet espace l\u2018humain sans gravit\u00e9 est r\u00e9duit \u00e0 des sensations au hasard des al\u00e9as de son environnement. Le mental est ce qui autorise un humain \u00e0 avoir un corps, un espace et d\u2019\u00eatre capable d\u2019une &#8230;<\/div>\n<div class=\"pt-cv-rmwrap\"><a href=\"https:\/\/bibliotheque-sfpe-at.com\/index.php\/2024\/05\/29\/linsoutenable-question-de-lacte-du-meurtre-a-la-creation\/\" class=\"_self pt-cv-readmore btn btn-success\" target=\"_self\" >Lire La Suite\u2026<\/a><\/div><\/div>\n<div class=\" pt-cv-content-item pt-cv-1-col\" ><div class=\"pt-cv-taxoterm above_title\"><a href='https:\/\/bibliotheque-sfpe-at.com\/index.php\/category\/auteurs\/katz-mazilu-irina\/' title='Katz-Mazilu Irina' class='pt-cv-tax-katz-mazilu-irina'>Katz-Mazilu Irina<\/a><\/div>\n<h4 class=\"pt-cv-title\"><a href=\"https:\/\/bibliotheque-sfpe-at.com\/index.php\/2024\/05\/29\/la-traversee-du-vide-lart-therapie-comme-un-pont\/\" class=\"_self\" target=\"_self\" >La travers\u00e9e du vide\u00a0: l\u2019art-th\u00e9rapie comme un pont<\/a><\/h4>\n<div class=\"pt-cv-content\">Un patient \u2014 dans un atelier d\u2019art-th\u00e9rapie temporairement h\u00e9berg\u00e9 presque dans le ciel, au-dessus d\u2019une gare \u2014 exprime une d\u00e9couverte. Il s\u2019est aper\u00e7u, avec cette \u00ab d\u00e9localisation \u00bb transitoire, que jusque-l\u00e0, tout au long de sa vie et ayant souvent eu \u00e0 prendre le train, &#8230;<\/div>\n<div class=\"pt-cv-rmwrap\"><a href=\"https:\/\/bibliotheque-sfpe-at.com\/index.php\/2024\/05\/29\/la-traversee-du-vide-lart-therapie-comme-un-pont\/\" class=\"_self pt-cv-readmore btn btn-success\" target=\"_self\" >Lire La Suite\u2026<\/a><\/div><\/div>\n<div class=\" pt-cv-content-item pt-cv-1-col\" ><div class=\"pt-cv-taxoterm above_title\"><a href='https:\/\/bibliotheque-sfpe-at.com\/index.php\/category\/auteurs\/gillis-alain\/' title='Gillis Alain' class='pt-cv-tax-gillis-alain'>Gillis Alain<\/a><\/div>\n<h4 class=\"pt-cv-title\"><a href=\"https:\/\/bibliotheque-sfpe-at.com\/index.php\/2024\/05\/29\/la-traversee-de-limpossible\/\" class=\"_self\" target=\"_self\" >La travers\u00e9e de l\u2019impossible<\/a><\/h4>\n<div class=\"pt-cv-content\">L\u2019impr\u00e9vu, le \u00ab possible \u00bb, est pour le psychotique la plus dure des cat\u00e9gories (Henri Maldiney). La travers\u00e9e peut d\u00e9signer le passage qui va de \u00ab l\u2019impossible \u00bb jusqu\u2019\u00e0 la restauration d\u2019une capacit\u00e9 de transcendance face aux \u00e9v\u00e9nements de l\u2019existence. Pendant de longs mois une &#8230;<\/div>\n<div class=\"pt-cv-rmwrap\"><a href=\"https:\/\/bibliotheque-sfpe-at.com\/index.php\/2024\/05\/29\/la-traversee-de-limpossible\/\" class=\"_self pt-cv-readmore btn btn-success\" target=\"_self\" >Lire La Suite\u2026<\/a><\/div><\/div>\n<div class=\" pt-cv-content-item pt-cv-1-col\" ><div class=\"pt-cv-taxoterm above_title\"><a href='https:\/\/bibliotheque-sfpe-at.com\/index.php\/category\/auteurs\/stirn-senja\/' title='Stirn Senja' class='pt-cv-tax-stirn-senja'>Stirn Senja<\/a><\/div>\n<h4 class=\"pt-cv-title\"><a href=\"https:\/\/bibliotheque-sfpe-at.com\/index.php\/2024\/05\/29\/la-traversee-de-christophe-colomb-du-connu-vers-linconnu\/\" class=\"_self\" target=\"_self\" >La travers\u00e9e de Christophe Colomb du connu vers l&rsquo;inconnu<\/a><\/h4>\n<div class=\"pt-cv-content\">1492, c\u2019est la premi\u00e8re travers\u00e9e d\u2019un homme qui va bouleverser non seulement la conception de la Terre, au sens des d\u00e9couvertes, mais qui aussi modifiera la conception de ce qu\u2019est un humain : de la globalit\u00e9 de la Terre, dont Cristoforo trace l\u2019ellipse, \u00e0 la &#8230;<\/div>\n<div class=\"pt-cv-rmwrap\"><a href=\"https:\/\/bibliotheque-sfpe-at.com\/index.php\/2024\/05\/29\/la-traversee-de-christophe-colomb-du-connu-vers-linconnu\/\" class=\"_self pt-cv-readmore btn btn-success\" target=\"_self\" >Lire La Suite\u2026<\/a><\/div><\/div>\n<div class=\" pt-cv-content-item pt-cv-1-col\" ><div class=\"pt-cv-taxoterm above_title\"><a href='https:\/\/bibliotheque-sfpe-at.com\/index.php\/category\/auteurs\/paradas-christophe\/' title='Paradas Christophe' class='pt-cv-tax-paradas-christophe'>Paradas Christophe<\/a><\/div>\n<h4 class=\"pt-cv-title\"><a href=\"https:\/\/bibliotheque-sfpe-at.com\/index.php\/2024\/05\/29\/la-tragedie-des-tainos-miroirs-cliniques-et-traversees-de-lautre\/\" class=\"_self\" target=\"_self\" >La trag\u00e9die des Ta\u00efnos\u00a0? Miroirs cliniques et travers\u00e9es de l\u2019autre<\/a><\/h4>\n<div class=\"pt-cv-content\">Souvenons-nous des Ta\u00efnos, \u00e9trangement familiers. De la travers\u00e9e de l\u2019Atlantique \u00e0 celle du pire. La trag\u00e9die d\u2019avenir des oubli\u00e9s de l\u2019Histoire, ceux \u00e0 qui on confisque tout, avant de les exterminer. Transferts de m\u00e9moire et consid\u00e9rations cliniques existentielles, la culture puissante des Ta\u00efnos, de leur &#8230;<\/div>\n<div class=\"pt-cv-rmwrap\"><a href=\"https:\/\/bibliotheque-sfpe-at.com\/index.php\/2024\/05\/29\/la-tragedie-des-tainos-miroirs-cliniques-et-traversees-de-lautre\/\" class=\"_self pt-cv-readmore btn btn-success\" target=\"_self\" >Lire La Suite\u2026<\/a><\/div><\/div>\n<div class=\" pt-cv-content-item pt-cv-1-col\" ><div class=\"pt-cv-taxoterm above_title\"><a href='https:\/\/bibliotheque-sfpe-at.com\/index.php\/category\/auteurs\/lyczba-charlene\/' title='Lyczba Charl\u00e8ne' class='pt-cv-tax-lyczba-charlene'>Lyczba Charl\u00e8ne<\/a><\/div>\n<h4 class=\"pt-cv-title\"><a href=\"https:\/\/bibliotheque-sfpe-at.com\/index.php\/2024\/05\/29\/le-dramatherapeute-passeur-un-medium-malleable\/\" class=\"_self\" target=\"_self\" >Le dramath\u00e9rapeute-passeur, un m\u00e9dium mall\u00e9able<\/a><\/h4>\n<div class=\"pt-cv-content\">J\u2019aime \u00e0 penser que mon r\u00f4le de dramath\u00e9rapeute est d\u2019\u00eatre plut\u00f4t passeur que meneur. Passeur de gu\u00e9s, d\u2019obstacles, de ponts, de limites et de fronti\u00e8res, cheminant c\u00f4te \u00e0 c\u00f4te, \u00e0 la m\u00eame hauteur, en proximit\u00e9, dans un rythme commun, prenant autant de risques que les &#8230;<\/div>\n<div class=\"pt-cv-rmwrap\"><a href=\"https:\/\/bibliotheque-sfpe-at.com\/index.php\/2024\/05\/29\/le-dramatherapeute-passeur-un-medium-malleable\/\" class=\"_self pt-cv-readmore btn btn-success\" target=\"_self\" >Lire La Suite\u2026<\/a><\/div><\/div>\n<div class=\" pt-cv-content-item pt-cv-1-col\" ><div class=\"pt-cv-taxoterm above_title\"><a href='https:\/\/bibliotheque-sfpe-at.com\/index.php\/category\/auteurs\/vachon-jean-loup\/' title='Vachon Jean-Loup' class='pt-cv-tax-vachon-jean-loup'>Vachon Jean-Loup<\/a><\/div>\n<h4 class=\"pt-cv-title\"><a href=\"https:\/\/bibliotheque-sfpe-at.com\/index.php\/2024\/05\/29\/le-pastel-pour-aider-a-traverser-lin-sense-du-trauma\/\" class=\"_self\" target=\"_self\" >Le pastel pour aider \u00e0 traverser l\u2019in-sens\u00e9 du trauma<\/a><\/h4>\n<div class=\"pt-cv-content\">Communication d\u2019un t\u00e9moignage d\u2019une pratique d\u2019atelier d\u2019art th\u00e9rapie en MECS (Maison d\u2019enfant \u00e0 caract\u00e8re social) \u00e0 Toulouse. Ce t\u00e9moignage d\u00e9crit cette travers\u00e9e, possible ou non, de l\u2019in-sens\u00e9 du trauma pour quatre enfants et adolescents en MECS ; nous d\u00e9crirons leur processus d\u2019\u00e9laboration psychique lors de &#8230;<\/div>\n<div class=\"pt-cv-rmwrap\"><a href=\"https:\/\/bibliotheque-sfpe-at.com\/index.php\/2024\/05\/29\/le-pastel-pour-aider-a-traverser-lin-sense-du-trauma\/\" class=\"_self pt-cv-readmore btn btn-success\" target=\"_self\" >Lire La Suite\u2026<\/a><\/div><\/div>\n<div class=\" pt-cv-content-item pt-cv-1-col\" ><div class=\"pt-cv-taxoterm above_title\"><a href='https:\/\/bibliotheque-sfpe-at.com\/index.php\/category\/auteurs\/pitarque-sandrine\/' title='Pitarque Sandrine' class='pt-cv-tax-pitarque-sandrine'>Pitarque Sandrine<\/a><\/div>\n<h4 class=\"pt-cv-title\"><a href=\"https:\/\/bibliotheque-sfpe-at.com\/index.php\/2024\/05\/29\/jeux-de-traverses\/\" class=\"_self\" target=\"_self\" >Jeux de traverses<\/a><\/h4>\n<div class=\"pt-cv-content\">Les \u00e9quipes de travailleurs sociaux traversent des moments de grande souffrance. Contrairement \u00e0 celle des patients, elle ne se lit pas sur des visages gr\u00eal\u00e9s ou d\u00e9form\u00e9s, ne se r\u00e9v\u00e8le pas dans des corps emp\u00each\u00e9s ou avachis. Elle ne s\u2019exprime qu\u2019\u00e0 mot couvert, dans la &#8230;<\/div>\n<div class=\"pt-cv-rmwrap\"><a href=\"https:\/\/bibliotheque-sfpe-at.com\/index.php\/2024\/05\/29\/jeux-de-traverses\/\" class=\"_self pt-cv-readmore btn btn-success\" target=\"_self\" >Lire La Suite\u2026<\/a><\/div><\/div>\n<div class=\" pt-cv-content-item pt-cv-1-col\" ><div class=\"pt-cv-taxoterm above_title\"><a href='https:\/\/bibliotheque-sfpe-at.com\/index.php\/category\/auteurs\/saint-pierre-olivier\/' title='Saint-Pierre Olivier' class='pt-cv-tax-saint-pierre-olivier'>Saint-Pierre Olivier<\/a><\/div>\n<h4 class=\"pt-cv-title\"><a href=\"https:\/\/bibliotheque-sfpe-at.com\/index.php\/2024\/05\/29\/la-traversee-du-non-savoir-a-la-demeure\/\" class=\"_self\" target=\"_self\" >La travers\u00e9e du non savoir \u00e0 la demeure<\/a><\/h4>\n<div class=\"pt-cv-content\">La travers\u00e9e de l\u2019atelier jusqu\u2019au mur de travail, implique des flux et des positionnements divers \u00e9tablis par le peintre. Du non-savoir de l\u2019oeuvre \u00e0 venir \u00e0 son accomplissement, le peintre met en jeu non seulement son id\u00e9e, mais aussi les objets pr\u00e9sents dans l\u2019atelier : &#8230;<\/div>\n<div class=\"pt-cv-rmwrap\"><a href=\"https:\/\/bibliotheque-sfpe-at.com\/index.php\/2024\/05\/29\/la-traversee-du-non-savoir-a-la-demeure\/\" class=\"_self pt-cv-readmore btn btn-success\" target=\"_self\" >Lire La Suite\u2026<\/a><\/div><\/div>\n<div class=\" pt-cv-content-item pt-cv-1-col\" ><div class=\"pt-cv-taxoterm above_title\"><a href='https:\/\/bibliotheque-sfpe-at.com\/index.php\/category\/auteurs\/granier-francois\/' title='Granier Fran\u00e7ois' class='pt-cv-tax-granier-francois'>Granier Fran\u00e7ois<\/a><\/div>\n<h4 class=\"pt-cv-title\"><a href=\"https:\/\/bibliotheque-sfpe-at.com\/index.php\/2024\/05\/29\/lexperience-esthetique-en-art-therapie\/\" class=\"_self\" target=\"_self\" >L\u2019exp\u00e9rience esth\u00e9tique en art-th\u00e9rapie<\/a><\/h4>\n<div class=\"pt-cv-content\">Comment fonctionne l\u2019exp\u00e9rience esth\u00e9tique en art-th\u00e9rapie? Il faut d\u2019abord consid\u00e9rer les diff\u00e9rentes d\u00e9finitions de cette exp\u00e9rience, de l\u2019objet esth\u00e9tique et de l\u2019oeuvre d\u2019art. Elles ont beaucoup \u00e9volu\u00e9 depuis le XVIIIe. Qui est le mieux plac\u00e9 pour en parler ? Quels ponts utiles entre disciplines ? &#8230;<\/div>\n<div class=\"pt-cv-rmwrap\"><a href=\"https:\/\/bibliotheque-sfpe-at.com\/index.php\/2024\/05\/29\/lexperience-esthetique-en-art-therapie\/\" class=\"_self pt-cv-readmore btn btn-success\" target=\"_self\" >Lire La Suite\u2026<\/a><\/div><\/div>\n<div class=\" pt-cv-content-item pt-cv-1-col\" ><div class=\"pt-cv-taxoterm above_title\"><a href='https:\/\/bibliotheque-sfpe-at.com\/index.php\/category\/auteurs\/de-beaufort-anne\/' title='De Beaufort Anne' class='pt-cv-tax-de-beaufort-anne'>De Beaufort Anne<\/a><\/div>\n<h4 class=\"pt-cv-title\"><a href=\"https:\/\/bibliotheque-sfpe-at.com\/index.php\/2024\/05\/29\/entrer-dans-les-processus-de-creation-a-ladolescence-quel-risque\/\" class=\"_self\" target=\"_self\" >Entrer dans les processus de cr\u00e9ation \u00e0 l\u2019adolescence, quel risque\u00a0?<\/a><\/h4>\n<div class=\"pt-cv-content\">La proposition est de d\u00e9tailler les moments d\u00e9licats rencontr\u00e9s par les artistes et par les patients en s\u00e9ance d\u2019art th\u00e9rapie au seuil de l\u2019entr\u00e9e en cr\u00e9ation, au tout d\u00e9but de leur \u00ab travers\u00e9e \u00bb. Cette proposition fait suite \u00e0 une recherche r\u00e9alis\u00e9e en art-th\u00e9rapie \u2014 &#8230;<\/div>\n<div class=\"pt-cv-rmwrap\"><a href=\"https:\/\/bibliotheque-sfpe-at.com\/index.php\/2024\/05\/29\/entrer-dans-les-processus-de-creation-a-ladolescence-quel-risque\/\" class=\"_self pt-cv-readmore btn btn-success\" target=\"_self\" >Lire La Suite\u2026<\/a><\/div><\/div>\n<div class=\" pt-cv-content-item pt-cv-1-col\" ><div class=\"pt-cv-taxoterm above_title\"><a href='https:\/\/bibliotheque-sfpe-at.com\/index.php\/category\/auteurs\/nahoum-ruth\/' title='Nahoum Ruth' class='pt-cv-tax-nahoum-ruth'>Nahoum Ruth<\/a><\/div>\n<h4 class=\"pt-cv-title\"><a href=\"https:\/\/bibliotheque-sfpe-at.com\/index.php\/2024\/05\/29\/la-repetition-du-geste-habite\/\" class=\"_self\" target=\"_self\" >La r\u00e9p\u00e9tition du geste habit\u00e9<\/a><\/h4>\n<div class=\"pt-cv-content\">Comment la r\u00e9p\u00e9tition d\u2019un geste \u00ab habit\u00e9 \u00bb ouvre le passage \u00e0 une suite d\u2019encha\u00eenements dont la mise en forme \u00ab fera monde \u00bb. Pour la personne, r\u00e9p\u00e9ter un geste qui s\u2019impose, semble d\u00e9raisonnable et st\u00e9rile. Comme rien ne l\u2019\u00e9puise, tout porte \u00e0 y renoncer &#8230;<\/div>\n<div class=\"pt-cv-rmwrap\"><a href=\"https:\/\/bibliotheque-sfpe-at.com\/index.php\/2024\/05\/29\/la-repetition-du-geste-habite\/\" class=\"_self pt-cv-readmore btn btn-success\" target=\"_self\" >Lire La Suite\u2026<\/a><\/div><\/div><\/div><\/div> <\/div> <style>\n\n#pt-cv-view-3i0h7lt2 .pt-cv-meta-fields {  }#pt-cv-view-3i0h7lt2 .pt-cv-meta-fields * { font-size: 13px; }#pt-cv-view-3i0h7lt2 .pt-cv-thumb-wrapper:not(.miniwrap) {  }#pt-cv-view-3i0h7lt2 .pt-cv-thumbnail:not(.pt-cv-thumbnailsm) { height: 250px; }#pt-cv-view-3i0h7lt2 .pt-cv-title a { display: block;color: #a83838; }#pt-cv-view-3i0h7lt2 .pt-cv-title:not(.pt-cv-titlesm) a { font-weight: 600;text-decoration: none;font-size: 20px; }#pt-cv-view-3i0h7lt2 .pt-cv-titlesm a { font-weight: 600;font-size: 18px; }#pt-cv-view-3i0h7lt2 .pt-cv-content { font-size: 12px; }#pt-cv-view-3i0h7lt2 .pt-cv-rmwrap {  }#pt-cv-view-3i0h7lt2 .pt-cv-readmore { color: #951a1a;background-color: #ffffff00;font-style: italic;font-size: 12px; }#pt-cv-view-3i0h7lt2 .pt-cv-taxoterm {  }#pt-cv-view-3i0h7lt2 .pt-cv-taxoterm * { color: #9badb7;background-color: #f5f0f057;border-style: solid;font-size: 14px;border-width: 1.5px 1.5px 1.5px 1.5px;border-radius: 8px 8px 8px 8px; }#pt-cv-view-3i0h7lt2 + .pt-cv-pagination-wrapper {  }#pt-cv-view-3i0h7lt2 + .pt-cv-pagination-wrapper a { font-size: 14px; }#pt-cv-view-3i0h7lt2 > .pt-cv-page {grid-template-columns: repeat(4, 1fr);grid-gap: 13px;}\n@media all and (max-width: 1024px) { \n#pt-cv-view-3i0h7lt2 > .pt-cv-page {}\n} \n@media all and (max-width: 767px) { \n#pt-cv-view-3i0h7lt2 > .pt-cv-page {grid-template-columns: repeat(1, 1fr);}\n} <\/style>\n\n\n<p><\/p>\n","protected":false},"excerpt":{"rendered":"<p>Que se passe-t-il lorsque l\u2019artiste \u2014 po\u00e8te, musicien, peintre, acteur \u2014 se dit \u00ab travers\u00e9 \u00bb par son art ? Quels passages s\u2019ouvrent-ils lorsque l\u2019intuition, l\u2019inspiration ou l\u2019hallucination surgissent dans le sujet comme venues d\u2019ailleurs, d\u2019une autre sc\u00e8ne de la vie psychique, m\u00e9connue au point de la croire externe ?&hellip;<\/p>\n","protected":false},"author":2,"featured_media":557,"comment_status":"closed","ping_status":"open","sticky":false,"template":"","format":"standard","meta":{"pmpro_default_level":"","ngg_post_thumbnail":0,"footnotes":""},"categories":[2],"tags":[27],"class_list":["post-429","post","type-post","status-publish","format-standard","has-post-thumbnail","hentry","category-journees-dautomne","tag-apres-2010","pmpro-has-access"],"_links":{"self":[{"href":"https:\/\/bibliotheque-sfpe-at.com\/index.php\/wp-json\/wp\/v2\/posts\/429","targetHints":{"allow":["GET"]}}],"collection":[{"href":"https:\/\/bibliotheque-sfpe-at.com\/index.php\/wp-json\/wp\/v2\/posts"}],"about":[{"href":"https:\/\/bibliotheque-sfpe-at.com\/index.php\/wp-json\/wp\/v2\/types\/post"}],"author":[{"embeddable":true,"href":"https:\/\/bibliotheque-sfpe-at.com\/index.php\/wp-json\/wp\/v2\/users\/2"}],"replies":[{"embeddable":true,"href":"https:\/\/bibliotheque-sfpe-at.com\/index.php\/wp-json\/wp\/v2\/comments?post=429"}],"version-history":[{"count":4,"href":"https:\/\/bibliotheque-sfpe-at.com\/index.php\/wp-json\/wp\/v2\/posts\/429\/revisions"}],"predecessor-version":[{"id":1477,"href":"https:\/\/bibliotheque-sfpe-at.com\/index.php\/wp-json\/wp\/v2\/posts\/429\/revisions\/1477"}],"wp:featuredmedia":[{"embeddable":true,"href":"https:\/\/bibliotheque-sfpe-at.com\/index.php\/wp-json\/wp\/v2\/media\/557"}],"wp:attachment":[{"href":"https:\/\/bibliotheque-sfpe-at.com\/index.php\/wp-json\/wp\/v2\/media?parent=429"}],"wp:term":[{"taxonomy":"category","embeddable":true,"href":"https:\/\/bibliotheque-sfpe-at.com\/index.php\/wp-json\/wp\/v2\/categories?post=429"},{"taxonomy":"post_tag","embeddable":true,"href":"https:\/\/bibliotheque-sfpe-at.com\/index.php\/wp-json\/wp\/v2\/tags?post=429"}],"curies":[{"name":"wp","href":"https:\/\/api.w.org\/{rel}","templated":true}]}}