{"id":4290,"date":"2025-03-18T22:34:11","date_gmt":"2025-03-18T21:34:11","guid":{"rendered":"https:\/\/bibliotheque-sfpe-at.com\/?p=4290"},"modified":"2025-03-18T23:44:57","modified_gmt":"2025-03-18T22:44:57","slug":"entretien-a-partir-dun-texte-litteraire","status":"publish","type":"post","link":"https:\/\/bibliotheque-sfpe-at.com\/index.php\/2025\/03\/18\/entretien-a-partir-dun-texte-litteraire\/","title":{"rendered":"Entretien \u00e0 partir d\u2019un texte litt\u00e9raire"},"content":{"rendered":"\n<div class=\"wp-block-columns is-layout-flex wp-container-core-columns-is-layout-28f84493 wp-block-columns-is-layout-flex\">\n<div class=\"wp-block-column is-layout-flow wp-block-column-is-layout-flow\" style=\"flex-basis:66.66%\">\n<p>L\u2019entretien \u00e0 partir d\u2019un texte litt\u00e9raire s\u2019est impos\u00e9 \u00e0 nous, de m\u00eame que la th\u00e9rapie par le jeu, comme une dynamique interne de l\u2019enfance. Le texte sert alors de point de d\u00e9part \u00e0 la cr\u00e9ativit\u00e9 et \u00e0 la spontan\u00e9it\u00e9 de l\u2019enfant, l\u2019action du th\u00e9rapeute \u00e9tant passive.<br>Aude, douze ans, en lisant dans \u00ab Les cas de conscience d\u2019un instituteur \u00bb le r\u00e9cit de la fugue du petit Aim\u00e9, nous explique pourquoi, elle aussi, a fait l\u2019\u00e9cole buissonni\u00e8re.<br>J\u00e9r\u00f4me, agressif, violent, passant dans les coll\u00e8ges sans se faire un ami. apr\u00e8s avoir lu deux passages de la \u00ab Possession du Monde \u00bb a parl\u00e9 de lui-m\u00eame de ses difficult\u00e9s et de sa soif d\u2019\u00eatre aim\u00e9\u2026<br>Par d\u2019autres exemples nombreux, nous pourrions montrer que le texte litt\u00e9raire permet \u00e0 l\u2019enfant d\u2019ext\u00e9rioriser ses probl\u00e8mes. Il lui donne l\u2019occasion de s\u2019exprimer spontan\u00e9ment, disant ce qu\u2019il est et ce qu il voudrait \u00eatre, ce qu\u2019est la vie et ce qu\u2019elle pourrait \u00eatre. Il ressaisit ainsi une part de la r\u00e9alit\u00e9 qui lui \u00e9chappait. Cette spontan\u00e9it\u00e9 de l\u2019enfant, cette cr\u00e9ativit\u00e9 naturelle devant un texte choisi pour lui, en m\u00eame temps qu\u2019elle permet au th\u00e9rapeute de comprendre ses probl\u00e8mes, a un effet cathartique : elle entra\u00eene le d\u00e9blocage de pulsions inconscientes qui perdent leurs forces d\u2019obsession.<br>L\u2019attitude du th\u00e9rapeute consiste \u00e0 encourager d\u2019un regard, d\u2019une parole, \u00e0 savoir attendre, \u00e0 approuver d\u2019un signe de t\u00eate, en tous les cas \u00e0 suivre l\u2019enfant qui, lui, est le ma\u00eetre du jeu.<\/p>\n\n\n\n<p class=\"has-text-color has-link-color wp-elements-0c5dd61414d2cb4c88e3596780dedeb0\" style=\"color:#2753a5\"><strong><em>Pour lire le texte complet <a href=\"\/index.php\/options-dinscription\/\"><mark style=\"background-color:rgba(0, 0, 0, 0)\" class=\"has-inline-color has-vivid-cyan-blue-color\">s&rsquo;inscrire<\/mark><\/a> ou <a href=\"\/index.php\/my-account\/edit-account\/\"><mark style=\"background-color:rgba(0, 0, 0, 0)\" class=\"has-inline-color has-vivid-cyan-blue-color\">se connecter<\/mark><\/a><\/em><\/strong><\/p>\n\n\n\n\n\n<div style=\"height:100px\" aria-hidden=\"true\" class=\"wp-block-spacer\"><\/div>\n\n\n\n<div class=\"wp-block-buttons is-content-justification-center is-layout-flex wp-container-core-buttons-is-layout-a89b3969 wp-block-buttons-is-layout-flex\">\n<div class=\"wp-block-button has-custom-font-size is-style-fill has-small-font-size\"><a class=\"wp-block-button__link has-vivid-red-background-color has-background wp-element-button\" href=\"\/index.php\/2025\/03\/18\/1968-supplement-de-lencephale\/\">&lt;&#8211;retour<\/a><\/div>\n<\/div>\n<\/div>\n\n\n\n<div class=\"wp-block-column is-layout-flow wp-block-column-is-layout-flow\" style=\"flex-basis:33.33%\">\n<figure class=\"wp-block-table\"><table class=\"has-background\" style=\"background-color:#f8f2f2\"><thead><tr><th><mark class=\"has-inline-color has-vivid-red-color\" style=\"background-color: rgba(0, 0, 0, 0);\"><strong>Auteur<\/strong><\/mark><\/th><\/tr><\/thead><tbody><tr><td><strong>Colette Mercier-Nast <\/strong><\/td><\/tr><\/tbody><\/table><\/figure>\n\n\n\n<figure class=\"wp-block-table\"><table><thead><tr><th><mark class=\"has-inline-color has-vivid-red-color\" style=\"background-color: rgba(0, 0, 0, 0);\"><strong>R\u00e9f\u00e9rence<\/strong><\/mark><\/th><\/tr><\/thead><tbody><tr><td><strong>RE1968-06<\/strong><br>Suppl\u00e9ment de l&rsquo;Enc\u00e9phale<\/td><\/tr><\/tbody><\/table><\/figure>\n\n\n\n<figure class=\"wp-block-table\"><table><thead><tr><th><mark class=\"has-inline-color has-vivid-red-color\" style=\"background-color: rgba(0, 0, 0, 0);\"><strong>Cat\u00e9gories<\/strong><\/mark><\/th><\/tr><\/thead><tbody><tr><td>Psychologie<br>Litt\u00e9rature<br>Lecture<br>Enfance<\/td><\/tr><\/tbody><\/table><\/figure>\n<\/div>\n<\/div>\n","protected":false},"excerpt":{"rendered":"<p>L\u2019entretien \u00e0 partir d\u2019un texte litt\u00e9raire s\u2019est impos\u00e9 \u00e0 nous, de m\u00eame que la th\u00e9rapie par le jeu, comme une dynamique interne de l\u2019enfance. Le texte sert alors de point de d\u00e9part \u00e0 la cr\u00e9ativit\u00e9 et \u00e0 la spontan\u00e9it\u00e9 de l\u2019enfant, l\u2019action du th\u00e9rapeute \u00e9tant passive.Aude, douze ans, en lisant&hellip;<\/p>\n","protected":false},"author":2,"featured_media":0,"comment_status":"closed","ping_status":"open","sticky":false,"template":"","format":"standard","meta":{"pmpro_default_level":"","ngg_post_thumbnail":0,"footnotes":""},"categories":[836],"tags":[549,828,837,509,498,847],"class_list":["post-4290","post","type-post","status-publish","format-standard","hentry","category-mercier-nast-colette","tag-enfance","tag-lencephale-2","tag-lecture","tag-litterature","tag-psychologie","tag-re1968-06","pmpro-has-access"],"_links":{"self":[{"href":"https:\/\/bibliotheque-sfpe-at.com\/index.php\/wp-json\/wp\/v2\/posts\/4290","targetHints":{"allow":["GET"]}}],"collection":[{"href":"https:\/\/bibliotheque-sfpe-at.com\/index.php\/wp-json\/wp\/v2\/posts"}],"about":[{"href":"https:\/\/bibliotheque-sfpe-at.com\/index.php\/wp-json\/wp\/v2\/types\/post"}],"author":[{"embeddable":true,"href":"https:\/\/bibliotheque-sfpe-at.com\/index.php\/wp-json\/wp\/v2\/users\/2"}],"replies":[{"embeddable":true,"href":"https:\/\/bibliotheque-sfpe-at.com\/index.php\/wp-json\/wp\/v2\/comments?post=4290"}],"version-history":[{"count":2,"href":"https:\/\/bibliotheque-sfpe-at.com\/index.php\/wp-json\/wp\/v2\/posts\/4290\/revisions"}],"predecessor-version":[{"id":4319,"href":"https:\/\/bibliotheque-sfpe-at.com\/index.php\/wp-json\/wp\/v2\/posts\/4290\/revisions\/4319"}],"wp:attachment":[{"href":"https:\/\/bibliotheque-sfpe-at.com\/index.php\/wp-json\/wp\/v2\/media?parent=4290"}],"wp:term":[{"taxonomy":"category","embeddable":true,"href":"https:\/\/bibliotheque-sfpe-at.com\/index.php\/wp-json\/wp\/v2\/categories?post=4290"},{"taxonomy":"post_tag","embeddable":true,"href":"https:\/\/bibliotheque-sfpe-at.com\/index.php\/wp-json\/wp\/v2\/tags?post=4290"}],"curies":[{"name":"wp","href":"https:\/\/api.w.org\/{rel}","templated":true}]}}