{"id":4293,"date":"2025-03-18T22:41:49","date_gmt":"2025-03-18T21:41:49","guid":{"rendered":"https:\/\/bibliotheque-sfpe-at.com\/?p=4293"},"modified":"2025-03-18T23:37:56","modified_gmt":"2025-03-18T22:37:56","slug":"les-debuts-et-les-modifications-du-traitement-medicamenteux-vus-a-travers-lexpression-plastique-de-quelques-enfants-deficients-mentaux-ou-psychotiques","status":"publish","type":"post","link":"https:\/\/bibliotheque-sfpe-at.com\/index.php\/2025\/03\/18\/les-debuts-et-les-modifications-du-traitement-medicamenteux-vus-a-travers-lexpression-plastique-de-quelques-enfants-deficients-mentaux-ou-psychotiques\/","title":{"rendered":"Les d\u00e9buts et les modifications du traitement m\u00e9dicamenteux vus \u00e0 travers l\u2019expression plastique de quelques enfants d\u00e9ficients mentaux ou psychotiques"},"content":{"rendered":"\n<div class=\"wp-block-columns is-layout-flex wp-container-core-columns-is-layout-28f84493 wp-block-columns-is-layout-flex\">\n<div class=\"wp-block-column is-layout-flow wp-block-column-is-layout-flow\" style=\"flex-basis:66.66%\">\n<p>Dans un Etablissement comme l\u2019est notre \u00ab Centre de traitement \u00e9ducatif pour enfants d\u00e9ficients mentaux \u00e0 handicaps multiples \u00bb, les activit\u00e9s d\u2019expression jouent un grand r\u00f4le, \u00e0 c\u00f4t\u00e9 des programmes r\u00e9\u00e9ducatifs proprement dits. Le dessin et la peinture, le modelage, les jeux dramatiques, la musique et la rythmique nous permettent, non seulement d\u2019aider les enfants \u00e0 s\u2019\u00e9panouir, mais encore d\u2019observer leur \u00e9volution, syst\u00e9matiquement.<br>Ce Centre \u00e9tant plac\u00e9 sous direction m\u00e9dicale permanente, la m\u00e9dication repr\u00e9sente l\u2019autre volet de l\u2019effort th\u00e9rapeutique. Les drogues psychotropes utilis\u00e9es sont, pour la majorit\u00e9, des neuroleptiques tels que Largactil, Melleril, Terfluzine, Halop\u00e9ridol, Neuleptil. etc.<br>(Diapositives). Nous vous montrons ici les premiers gribouillages aux teintes mornes, d\u2019un gar\u00e7on psychotique de sept ans, d\u2019un niveau mental extr\u00eamement bas. On constate, sous traitement par Terfluzine, une \u00e9volution nette dans les dessins : la structuration parall\u00e8le de ces massifs, aux couleurs vives et contrast\u00e9es, montrent une tendance \u00e0 l\u2019harmonie. S\u2019il fallait le d\u00e9montrer, la preuve serait faite d\u2019une corr\u00e9lation certaine entre les effets du neuroleptique et l\u2019expression plastique.<\/p>\n\n\n\n<p class=\"has-text-color has-link-color wp-elements-0c5dd61414d2cb4c88e3596780dedeb0\" style=\"color:#2753a5\"><strong><em>Pour lire le texte complet <a href=\"\/index.php\/options-dinscription\/\"><mark style=\"background-color:rgba(0, 0, 0, 0)\" class=\"has-inline-color has-vivid-cyan-blue-color\">s&rsquo;inscrire<\/mark><\/a> ou <a href=\"\/index.php\/my-account\/edit-account\/\"><mark style=\"background-color:rgba(0, 0, 0, 0)\" class=\"has-inline-color has-vivid-cyan-blue-color\">se connecter<\/mark><\/a><\/em><\/strong><\/p>\n\n\n\n\n\n<div style=\"height:100px\" aria-hidden=\"true\" class=\"wp-block-spacer\"><\/div>\n\n\n\n<div class=\"wp-block-buttons is-content-justification-center is-layout-flex wp-container-core-buttons-is-layout-a89b3969 wp-block-buttons-is-layout-flex\">\n<div class=\"wp-block-button has-custom-font-size is-style-fill has-small-font-size\"><a class=\"wp-block-button__link has-vivid-red-background-color has-background wp-element-button\" href=\"\/index.php\/2025\/03\/18\/1968-supplement-de-lencephale\/\">&lt;&#8211;retour<\/a><\/div>\n<\/div>\n<\/div>\n\n\n\n<div class=\"wp-block-column is-layout-flow wp-block-column-is-layout-flow\" style=\"flex-basis:33.33%\">\n<figure class=\"wp-block-table\"><table class=\"has-background\" style=\"background-color:#f8f2f2\"><thead><tr><th><mark class=\"has-inline-color has-vivid-red-color\" style=\"background-color: rgba(0, 0, 0, 0);\"><strong>Auteur<\/strong><\/mark><\/th><\/tr><\/thead><tbody><tr><td><strong>Fran\u00e7oise<\/strong> <strong>Brauner<\/strong><br><strong><strong>Alfred<\/strong><\/strong> <strong>Brauner <\/strong><\/td><\/tr><\/tbody><\/table><\/figure>\n\n\n\n<figure class=\"wp-block-table\"><table><thead><tr><th><mark class=\"has-inline-color has-vivid-red-color\" style=\"background-color: rgba(0, 0, 0, 0);\"><strong>R\u00e9f\u00e9rence<\/strong><\/mark><\/th><\/tr><\/thead><tbody><tr><td><strong>RE1968-07<\/strong><br>Suppl\u00e9ment de l&rsquo;Enc\u00e9phale<\/td><\/tr><\/tbody><\/table><\/figure>\n\n\n\n<figure class=\"wp-block-table\"><table><thead><tr><th><mark class=\"has-inline-color has-vivid-red-color\" style=\"background-color: rgba(0, 0, 0, 0);\"><strong>Cat\u00e9gories<\/strong><\/mark><\/th><\/tr><\/thead><tbody><tr><td>P\u00e9dopsychiatrie&nbsp;<br>Psychopathologie de l&rsquo;expression&nbsp;<br>Dessin<br>Cas clinique&nbsp;<br>\u00c9valuation&nbsp;<\/td><\/tr><\/tbody><\/table><\/figure>\n<\/div>\n<\/div>\n","protected":false},"excerpt":{"rendered":"<p>Dans un Etablissement comme l\u2019est notre \u00ab Centre de traitement \u00e9ducatif pour enfants d\u00e9ficients mentaux \u00e0 handicaps multiples \u00bb, les activit\u00e9s d\u2019expression jouent un grand r\u00f4le, \u00e0 c\u00f4t\u00e9 des programmes r\u00e9\u00e9ducatifs proprement dits. Le dessin et la peinture, le modelage, les jeux dramatiques, la musique et la rythmique nous permettent,&hellip;<\/p>\n","protected":false},"author":2,"featured_media":0,"comment_status":"closed","ping_status":"open","sticky":false,"template":"","format":"standard","meta":{"pmpro_default_level":"","ngg_post_thumbnail":0,"footnotes":""},"categories":[839,838],"tags":[508,493,561,828,669,488,848],"class_list":["post-4293","post","type-post","status-publish","format-standard","hentry","category-brauner-alfred","category-brauner-francoise","tag-dessin","tag-cas-clinique","tag-evaluation","tag-lencephale-2","tag-pedopsychiatrie","tag-psychopathologie-de-lexpression","tag-re1968-07","pmpro-has-access"],"_links":{"self":[{"href":"https:\/\/bibliotheque-sfpe-at.com\/index.php\/wp-json\/wp\/v2\/posts\/4293","targetHints":{"allow":["GET"]}}],"collection":[{"href":"https:\/\/bibliotheque-sfpe-at.com\/index.php\/wp-json\/wp\/v2\/posts"}],"about":[{"href":"https:\/\/bibliotheque-sfpe-at.com\/index.php\/wp-json\/wp\/v2\/types\/post"}],"author":[{"embeddable":true,"href":"https:\/\/bibliotheque-sfpe-at.com\/index.php\/wp-json\/wp\/v2\/users\/2"}],"replies":[{"embeddable":true,"href":"https:\/\/bibliotheque-sfpe-at.com\/index.php\/wp-json\/wp\/v2\/comments?post=4293"}],"version-history":[{"count":2,"href":"https:\/\/bibliotheque-sfpe-at.com\/index.php\/wp-json\/wp\/v2\/posts\/4293\/revisions"}],"predecessor-version":[{"id":4311,"href":"https:\/\/bibliotheque-sfpe-at.com\/index.php\/wp-json\/wp\/v2\/posts\/4293\/revisions\/4311"}],"wp:attachment":[{"href":"https:\/\/bibliotheque-sfpe-at.com\/index.php\/wp-json\/wp\/v2\/media?parent=4293"}],"wp:term":[{"taxonomy":"category","embeddable":true,"href":"https:\/\/bibliotheque-sfpe-at.com\/index.php\/wp-json\/wp\/v2\/categories?post=4293"},{"taxonomy":"post_tag","embeddable":true,"href":"https:\/\/bibliotheque-sfpe-at.com\/index.php\/wp-json\/wp\/v2\/tags?post=4293"}],"curies":[{"name":"wp","href":"https:\/\/api.w.org\/{rel}","templated":true}]}}