{"id":4295,"date":"2025-03-18T22:44:42","date_gmt":"2025-03-18T21:44:42","guid":{"rendered":"https:\/\/bibliotheque-sfpe-at.com\/?p=4295"},"modified":"2025-03-18T23:42:33","modified_gmt":"2025-03-18T22:42:33","slug":"quelques-reflexions-sur-la-pratique-de-lart-therapie","status":"publish","type":"post","link":"https:\/\/bibliotheque-sfpe-at.com\/index.php\/2025\/03\/18\/quelques-reflexions-sur-la-pratique-de-lart-therapie\/","title":{"rendered":"Quelques r\u00e9flexions sur la pratique de l\u2019art-th\u00e9rapie"},"content":{"rendered":"\n<div class=\"wp-block-columns is-layout-flex wp-container-core-columns-is-layout-28f84493 wp-block-columns-is-layout-flex\">\n<div class=\"wp-block-column is-layout-flow wp-block-column-is-layout-flow\" style=\"flex-basis:66.66%\">\n<p>Si je parle d\u2019art-th\u00e9rapie, c\u2019est que je n\u2019ai pas d\u2019autre mot \u00e0 ma disposition. Je suis bien oblig\u00e9 de reconna\u00eetre qu\u2019il ne me satisfait pas enti\u00e8rement, non qu\u2019il soit inad\u00e9quat, mais parce qu\u2019il permet une trop grande libert\u00e9. J\u2019entends simplement par art-th\u00e9rapie une activit\u00e9 d\u2019art pratiqu\u00e9e dans des centres psychop\u00e9dagogiques, uniquement prescrite par des m\u00e9decins analystes et soumise \u00e0 leur contr\u00f4le.<br>Parti de l\u2019enseignement traditionnel du dessin par exp\u00e9riences et par innovations successives, j\u2019en suis venu \u00e0 pratiquer cette activit\u00e9 et chercher ensuite \u00e0 la comprendre et a la d\u00e9finir tout en tenant essentiellement \u00e0 rester constamment sur le terrain qui est le mien, celui de la peinture, et dont on voudra bien admettre qu il a des fronti\u00e8res communes avec bien d\u2019autres domaines.<br>Je pr\u00e9cise donc que ma demande est une demande de peinture et uniquement une demande de peinture et qu\u2019il n\u2019y a de ma part aucune interrogation dont la peinture servirait de pr\u00e9texte.<br>Je voudrais ici simplement d\u00e9gager ce que l\u2019on obtient et ce que l\u2019on observe en d\u00e9veloppant \u00e0 l\u2019extr\u00eame, avec le plus de rigueur possible, cette demande et cette seule demande.<br>Les donn\u00e9es essentielles en sont tellement \u00e9videntes que de plus en plus j\u2019ai r\u00e9duit l\u2019approche technique, les d\u00e9finitions techniques \u00e0 quelques instants, \u00e0 quelques mots, papier, pinceaux, peinture, et ceci depuis fort longtemps quel que soit le niveau intellectuel de l\u2019enfant.<\/p>\n\n\n\n<p class=\"has-text-color has-link-color wp-elements-0c5dd61414d2cb4c88e3596780dedeb0\" style=\"color:#2753a5\"><strong><em>Pour lire le texte complet <a href=\"\/index.php\/options-dinscription\/\"><mark style=\"background-color:rgba(0, 0, 0, 0)\" class=\"has-inline-color has-vivid-cyan-blue-color\">s&rsquo;inscrire<\/mark><\/a> ou <a href=\"\/index.php\/my-account\/edit-account\/\"><mark style=\"background-color:rgba(0, 0, 0, 0)\" class=\"has-inline-color has-vivid-cyan-blue-color\">se connecter<\/mark><\/a><\/em><\/strong><\/p>\n\n\n\n\n\n<div style=\"height:100px\" aria-hidden=\"true\" class=\"wp-block-spacer\"><\/div>\n\n\n\n<div class=\"wp-block-buttons is-content-justification-center is-layout-flex wp-container-core-buttons-is-layout-a89b3969 wp-block-buttons-is-layout-flex\">\n<div class=\"wp-block-button has-custom-font-size is-style-fill has-small-font-size\"><a class=\"wp-block-button__link has-vivid-red-background-color has-background wp-element-button\" href=\"\/index.php\/2025\/03\/18\/1968-supplement-de-lencephale\/\">&lt;&#8211;retour<\/a><\/div>\n<\/div>\n<\/div>\n\n\n\n<div class=\"wp-block-column is-layout-flow wp-block-column-is-layout-flow\" style=\"flex-basis:33.33%\">\n<figure class=\"wp-block-table\"><table class=\"has-background\" style=\"background-color:#f8f2f2\"><thead><tr><th><mark class=\"has-inline-color has-vivid-red-color\" style=\"background-color: rgba(0, 0, 0, 0);\"><strong>Auteur<\/strong><\/mark><\/th><\/tr><\/thead><tbody><tr><td><strong>Jacques Soisson <\/strong><\/td><\/tr><\/tbody><\/table><\/figure>\n\n\n\n<figure class=\"wp-block-table\"><table><thead><tr><th><mark class=\"has-inline-color has-vivid-red-color\" style=\"background-color: rgba(0, 0, 0, 0);\"><strong>R\u00e9f\u00e9rence<\/strong><\/mark><\/th><\/tr><\/thead><tbody><tr><td><strong>RE1968-08<\/strong><br>Suppl\u00e9ment de l&rsquo;Enc\u00e9phale<\/td><\/tr><\/tbody><\/table><\/figure>\n\n\n\n<figure class=\"wp-block-table\"><table><thead><tr><th><mark class=\"has-inline-color has-vivid-red-color\" style=\"background-color: rgba(0, 0, 0, 0);\"><strong>Cat\u00e9gories<\/strong><\/mark><\/th><\/tr><\/thead><tbody><tr><td>Art-th\u00e9rapie<br>Peinture<br>Enfance<\/td><\/tr><\/tbody><\/table><\/figure>\n<\/div>\n<\/div>\n","protected":false},"excerpt":{"rendered":"<p>Si je parle d\u2019art-th\u00e9rapie, c\u2019est que je n\u2019ai pas d\u2019autre mot \u00e0 ma disposition. Je suis bien oblig\u00e9 de reconna\u00eetre qu\u2019il ne me satisfait pas enti\u00e8rement, non qu\u2019il soit inad\u00e9quat, mais parce qu\u2019il permet une trop grande libert\u00e9. J\u2019entends simplement par art-th\u00e9rapie une activit\u00e9 d\u2019art pratiqu\u00e9e dans des centres psychop\u00e9dagogiques,&hellip;<\/p>\n","protected":false},"author":2,"featured_media":0,"comment_status":"closed","ping_status":"open","sticky":false,"template":"","format":"standard","meta":{"pmpro_default_level":"","ngg_post_thumbnail":0,"footnotes":""},"categories":[840],"tags":[492,549,828,484,849],"class_list":["post-4295","post","type-post","status-publish","format-standard","hentry","category-soisson-jacques","tag-art-therapie","tag-enfance","tag-lencephale-2","tag-peinture","tag-re1968-08","pmpro-has-access"],"_links":{"self":[{"href":"https:\/\/bibliotheque-sfpe-at.com\/index.php\/wp-json\/wp\/v2\/posts\/4295","targetHints":{"allow":["GET"]}}],"collection":[{"href":"https:\/\/bibliotheque-sfpe-at.com\/index.php\/wp-json\/wp\/v2\/posts"}],"about":[{"href":"https:\/\/bibliotheque-sfpe-at.com\/index.php\/wp-json\/wp\/v2\/types\/post"}],"author":[{"embeddable":true,"href":"https:\/\/bibliotheque-sfpe-at.com\/index.php\/wp-json\/wp\/v2\/users\/2"}],"replies":[{"embeddable":true,"href":"https:\/\/bibliotheque-sfpe-at.com\/index.php\/wp-json\/wp\/v2\/comments?post=4295"}],"version-history":[{"count":2,"href":"https:\/\/bibliotheque-sfpe-at.com\/index.php\/wp-json\/wp\/v2\/posts\/4295\/revisions"}],"predecessor-version":[{"id":4316,"href":"https:\/\/bibliotheque-sfpe-at.com\/index.php\/wp-json\/wp\/v2\/posts\/4295\/revisions\/4316"}],"wp:attachment":[{"href":"https:\/\/bibliotheque-sfpe-at.com\/index.php\/wp-json\/wp\/v2\/media?parent=4295"}],"wp:term":[{"taxonomy":"category","embeddable":true,"href":"https:\/\/bibliotheque-sfpe-at.com\/index.php\/wp-json\/wp\/v2\/categories?post=4295"},{"taxonomy":"post_tag","embeddable":true,"href":"https:\/\/bibliotheque-sfpe-at.com\/index.php\/wp-json\/wp\/v2\/tags?post=4295"}],"curies":[{"name":"wp","href":"https:\/\/api.w.org\/{rel}","templated":true}]}}