{"id":4298,"date":"2025-03-18T22:50:19","date_gmt":"2025-03-18T21:50:19","guid":{"rendered":"https:\/\/bibliotheque-sfpe-at.com\/?p=4298"},"modified":"2025-03-18T23:41:30","modified_gmt":"2025-03-18T22:41:30","slug":"que-peignent-les-malades-mentaux","status":"publish","type":"post","link":"https:\/\/bibliotheque-sfpe-at.com\/index.php\/2025\/03\/18\/que-peignent-les-malades-mentaux\/","title":{"rendered":"Que peignent les malades mentaux\u00a0?"},"content":{"rendered":"\n<div class=\"wp-block-columns is-layout-flex wp-container-core-columns-is-layout-28f84493 wp-block-columns-is-layout-flex\">\n<div class=\"wp-block-column is-layout-flow wp-block-column-is-layout-flow\" style=\"flex-basis:66.66%\">\n<p>Que peignent les malades mentaux ? La question souvent pos\u00e9e trouve difficilement r\u00e9ponse dans le cadre des \u00e9tudes longitudinales habituelles qui nous montrent l\u2019\u00e9volution d\u2019un malade et de sa production, les dossiers pr\u00e9sentables \u00e9tant choisis en fonction de leur int\u00e9r\u00eat \u2014 d\u2019ordre esth\u00e9tique souvent, symbolique parfois, ou autre \u2014 et surtout en fonction de la possibilit\u00e9 de leur utilisation imm\u00e9diate \u00e0 des fins de d\u00e9monstration : \u00e9volution typique d\u2019une production annon\u00e7ant rechute ou am\u00e9lioration, et t\u00e9moignant de l\u2019influence de la chimioth\u00e9rapie ou de la psychoth\u00e9rapie ; ensemble d\u2019\u0153uvres \u00e9tranges d\u00e8s l\u2019abord, bizarres, insolites, frappantes, o\u00f9 l\u2019on tente de d\u00e9couvrir des significations, etc.<br>Le choix qui est ainsi fait \u00e9limine un certain nombre de dessins qui ne semblent pas pr\u00e9senter d\u2019int\u00e9r\u00eat en soi, et nul ne songerait \u00e0 montrer les longues s\u00e9ries ennuyeuses de dessins malhabiles qui sont l\u2019essentiel de la production quotidienne des ateliers de peintures.<br>Ces recherches longitudinales, pour n\u00e9cessaires qu\u2019elles soient, ne permettent pas de tirer des conclusions d\u2019ordre g\u00e9n\u00e9ral ; \u00e0 celles-ci il faut des \u00e9tudes cumulatives et associatives, telles qu\u2019\u00e0 une analyse documentaire fasse suite une analyse de structure dont le principe est \u00ab d\u2019amener en surface et de d\u00e9finir les traits qui poss\u00e8dent une fonction distinctive et sont agenc\u00e9s en de tels rapports les uns avec les autres, que la modification de l\u2019un apporte la modification de l\u2019autre ; elle permet la d\u00e9finition des crit\u00e8res r\u00e9els d\u2019une \u0153uvre ou d\u2019un auteur et leur examen global ou comparatif.<\/p>\n\n\n\n<p class=\"has-text-color has-link-color wp-elements-0c5dd61414d2cb4c88e3596780dedeb0\" style=\"color:#2753a5\"><strong><em>Pour lire le texte complet <a href=\"\/index.php\/options-dinscription\/\"><mark style=\"background-color:rgba(0, 0, 0, 0)\" class=\"has-inline-color has-vivid-cyan-blue-color\">s&rsquo;inscrire<\/mark><\/a> ou <a href=\"\/index.php\/my-account\/edit-account\/\"><mark style=\"background-color:rgba(0, 0, 0, 0)\" class=\"has-inline-color has-vivid-cyan-blue-color\">se connecter<\/mark><\/a><\/em><\/strong><\/p>\n\n\n\n\n\n<div style=\"height:100px\" aria-hidden=\"true\" class=\"wp-block-spacer\"><\/div>\n\n\n\n<div class=\"wp-block-buttons is-content-justification-center is-layout-flex wp-container-core-buttons-is-layout-a89b3969 wp-block-buttons-is-layout-flex\">\n<div class=\"wp-block-button has-custom-font-size is-style-fill has-small-font-size\"><a class=\"wp-block-button__link has-vivid-red-background-color has-background wp-element-button\" href=\"\/index.php\/2025\/03\/18\/1968-supplement-de-lencephale\/\">&lt;&#8211;retour<\/a><\/div>\n<\/div>\n<\/div>\n\n\n\n<div class=\"wp-block-column is-layout-flow wp-block-column-is-layout-flow\" style=\"flex-basis:33.33%\">\n<figure class=\"wp-block-table\"><table class=\"has-background\" style=\"background-color:#f8f2f2\"><thead><tr><th><mark class=\"has-inline-color has-vivid-red-color\" style=\"background-color: rgba(0, 0, 0, 0);\"><strong>Auteur<\/strong><\/mark><\/th><\/tr><\/thead><tbody><tr><td><strong>B\u00e9atrice<\/strong> <strong>Chemama<\/strong><\/td><\/tr><\/tbody><\/table><\/figure>\n\n\n\n<figure class=\"wp-block-table\"><table><thead><tr><th><mark class=\"has-inline-color has-vivid-red-color\" style=\"background-color: rgba(0, 0, 0, 0);\"><strong>R\u00e9f\u00e9rence<\/strong><\/mark><\/th><\/tr><\/thead><tbody><tr><td><strong>RE1968-09<\/strong><br>Suppl\u00e9ment de l&rsquo;Enc\u00e9phale<\/td><\/tr><\/tbody><\/table><\/figure>\n\n\n\n<figure class=\"wp-block-table\"><table><thead><tr><th><mark class=\"has-inline-color has-vivid-red-color\" style=\"background-color: rgba(0, 0, 0, 0);\"><strong>Cat\u00e9gories<\/strong><\/mark><\/th><\/tr><\/thead><tbody><tr><td>Psychiatrie<br>Psychopathologie de l\u2019expression<br>\u00c9valuation<\/td><\/tr><\/tbody><\/table><\/figure>\n<\/div>\n<\/div>\n","protected":false},"excerpt":{"rendered":"<p>Que peignent les malades mentaux ? La question souvent pos\u00e9e trouve difficilement r\u00e9ponse dans le cadre des \u00e9tudes longitudinales habituelles qui nous montrent l\u2019\u00e9volution d\u2019un malade et de sa production, les dossiers pr\u00e9sentables \u00e9tant choisis en fonction de leur int\u00e9r\u00eat \u2014 d\u2019ordre esth\u00e9tique souvent, symbolique parfois, ou autre \u2014 et&hellip;<\/p>\n","protected":false},"author":2,"featured_media":0,"comment_status":"closed","ping_status":"open","sticky":false,"template":"","format":"standard","meta":{"pmpro_default_level":"","ngg_post_thumbnail":0,"footnotes":""},"categories":[54],"tags":[561,828,574,488,850],"class_list":["post-4298","post","type-post","status-publish","format-standard","hentry","category-chemama-steiner-beatrice","tag-evaluation","tag-lencephale-2","tag-psychiatrie","tag-psychopathologie-de-lexpression","tag-re1968-09","pmpro-has-access"],"_links":{"self":[{"href":"https:\/\/bibliotheque-sfpe-at.com\/index.php\/wp-json\/wp\/v2\/posts\/4298","targetHints":{"allow":["GET"]}}],"collection":[{"href":"https:\/\/bibliotheque-sfpe-at.com\/index.php\/wp-json\/wp\/v2\/posts"}],"about":[{"href":"https:\/\/bibliotheque-sfpe-at.com\/index.php\/wp-json\/wp\/v2\/types\/post"}],"author":[{"embeddable":true,"href":"https:\/\/bibliotheque-sfpe-at.com\/index.php\/wp-json\/wp\/v2\/users\/2"}],"replies":[{"embeddable":true,"href":"https:\/\/bibliotheque-sfpe-at.com\/index.php\/wp-json\/wp\/v2\/comments?post=4298"}],"version-history":[{"count":2,"href":"https:\/\/bibliotheque-sfpe-at.com\/index.php\/wp-json\/wp\/v2\/posts\/4298\/revisions"}],"predecessor-version":[{"id":4313,"href":"https:\/\/bibliotheque-sfpe-at.com\/index.php\/wp-json\/wp\/v2\/posts\/4298\/revisions\/4313"}],"wp:attachment":[{"href":"https:\/\/bibliotheque-sfpe-at.com\/index.php\/wp-json\/wp\/v2\/media?parent=4298"}],"wp:term":[{"taxonomy":"category","embeddable":true,"href":"https:\/\/bibliotheque-sfpe-at.com\/index.php\/wp-json\/wp\/v2\/categories?post=4298"},{"taxonomy":"post_tag","embeddable":true,"href":"https:\/\/bibliotheque-sfpe-at.com\/index.php\/wp-json\/wp\/v2\/tags?post=4298"}],"curies":[{"name":"wp","href":"https:\/\/api.w.org\/{rel}","templated":true}]}}