{"id":4302,"date":"2025-03-18T23:03:51","date_gmt":"2025-03-18T22:03:51","guid":{"rendered":"https:\/\/bibliotheque-sfpe-at.com\/?p=4302"},"modified":"2025-03-18T23:42:34","modified_gmt":"2025-03-18T22:42:34","slug":"les-temps-dune-approche-semantique-de-loeuvre-picturale","status":"publish","type":"post","link":"https:\/\/bibliotheque-sfpe-at.com\/index.php\/2025\/03\/18\/les-temps-dune-approche-semantique-de-loeuvre-picturale\/","title":{"rendered":"Les temps d\u2019une approche s\u00e9mantique de l\u2019\u0153uvre picturale"},"content":{"rendered":"\n<div class=\"wp-block-columns is-layout-flex wp-container-core-columns-is-layout-28f84493 wp-block-columns-is-layout-flex\">\n<div class=\"wp-block-column is-layout-flow wp-block-column-is-layout-flow\" style=\"flex-basis:66.66%\">\n<p>Cette communication repr\u00e9sente le condens\u00e9 d\u2019une partie de nos recherches actuelles sur les possibilit\u00e9s d&rsquo;analyse s\u00e9mantique, c&rsquo;est-\u00e0-dire d&rsquo;\u00e9tude du sens, d&rsquo;une \u0153uvre picturale Pour ce faire, le ph\u00e9nom\u00e8ne esth\u00e9tique qui s\u2019immisce dans toute cr\u00e9ation plastique est, au d\u00e9but tout au moins de l&rsquo;\u00e9tude artificiellement \u00e9limin\u00e9 et la production picturale n\u2019est consid\u00e9r\u00e9e qu\u2019en tant qu&rsquo;expression. certes moins d\u00e9finie et moins syst\u00e9matis\u00e9e que le langage, plus \u00e9nigmatique que lui, mais apportant toujours et n\u00e9cessairement un \u00ab propos \u00bb<br>Les temps d\u2019approche de ce propos nous semblent pouvoir \u00eatre au nombre de trois.<br>Le premier temps est celui de l&rsquo;approche globale de l&rsquo;\u0153uvre. amenant \u00e0 la reconnaissance ou \u00e0 la non-reconnaissance imm\u00e9diate de l&rsquo;ensemble du tableau, c&rsquo;est-\u00e0-dire de l\u2019ensemble de ses formes, avec possibilit\u00e9 de description, de transcription verbale imm\u00e9diates de ces formes.<br>L\u2019analyse s\u00e9mantique de l\u2019\u0153uvre dans sa globalit\u00e9 me para\u00eet d&rsquo;ordre linguistique dont le principe r\u00e9side dans l\u2019opposition essentielle entre la m\u00e9tonymie et la m\u00e9taphore :<\/p>\n\n\n\n<p>\u2014 la m\u00e9tonymie b\u00e2tie sur la contigu\u00eft\u00e9 des mots en une cha\u00eene simple imm\u00e9diatement compr\u00e9hensible ou contract\u00e9e mais vite identifi\u00e9e ;<br>\u2014 la m\u00e9taphore, o\u00f9 la d\u00e9couverte du sens du discours est plus complexe car il existe une v\u00e9ritable cr\u00e9ation de sens n\u00e9cessitant une d\u00e9finition particuli\u00e8re pour la compr\u00e9hension de la phrase.<\/p>\n\n\n\n<p class=\"has-text-color has-link-color wp-elements-0c5dd61414d2cb4c88e3596780dedeb0\" style=\"color:#2753a5\"><strong><em>Pour lire le texte complet <a href=\"\/index.php\/options-dinscription\/\"><mark style=\"background-color:rgba(0, 0, 0, 0)\" class=\"has-inline-color has-vivid-cyan-blue-color\">s&rsquo;inscrire<\/mark><\/a> ou <a href=\"\/index.php\/my-account\/edit-account\/\"><mark style=\"background-color:rgba(0, 0, 0, 0)\" class=\"has-inline-color has-vivid-cyan-blue-color\">se connecter<\/mark><\/a><\/em><\/strong><\/p>\n\n\n\n\n\n<div style=\"height:100px\" aria-hidden=\"true\" class=\"wp-block-spacer\"><\/div>\n\n\n\n<div class=\"wp-block-buttons is-content-justification-center is-layout-flex wp-container-core-buttons-is-layout-a89b3969 wp-block-buttons-is-layout-flex\">\n<div class=\"wp-block-button has-custom-font-size is-style-fill has-small-font-size\"><a class=\"wp-block-button__link has-vivid-red-background-color has-background wp-element-button\" href=\"\/index.php\/2025\/03\/18\/1968-supplement-de-lencephale\/\">&lt;&#8211;retour<\/a><\/div>\n<\/div>\n<\/div>\n\n\n\n<div class=\"wp-block-column is-layout-flow wp-block-column-is-layout-flow\" style=\"flex-basis:33.33%\">\n<figure class=\"wp-block-table\"><table class=\"has-background\" style=\"background-color:#f8f2f2\"><thead><tr><th><mark class=\"has-inline-color has-vivid-red-color\" style=\"background-color: rgba(0, 0, 0, 0);\"><strong>Auteur<\/strong><\/mark><\/th><\/tr><\/thead><tbody><tr><td><strong>Claude Wiart<\/strong><\/td><\/tr><\/tbody><\/table><\/figure>\n\n\n\n<figure class=\"wp-block-table\"><table><thead><tr><th><mark class=\"has-inline-color has-vivid-red-color\" style=\"background-color: rgba(0, 0, 0, 0);\"><strong>R\u00e9f\u00e9rence<\/strong><\/mark><\/th><\/tr><\/thead><tbody><tr><td><strong>RE1968-11<\/strong><br>Suppl\u00e9ment de l&rsquo;Enc\u00e9phale<\/td><\/tr><\/tbody><\/table><\/figure>\n\n\n\n<figure class=\"wp-block-table\"><table><thead><tr><th><mark class=\"has-inline-color has-vivid-red-color\" style=\"background-color: rgba(0, 0, 0, 0);\"><strong>Cat\u00e9gories<\/strong><\/mark><\/th><\/tr><\/thead><tbody><tr><td>Art<br>Psychopathologie de l\u2019expression<br>\u00c9pist\u00e9mologie<\/td><\/tr><\/tbody><\/table><\/figure>\n<\/div>\n<\/div>\n","protected":false},"excerpt":{"rendered":"<p>Cette communication repr\u00e9sente le condens\u00e9 d\u2019une partie de nos recherches actuelles sur les possibilit\u00e9s d&rsquo;analyse s\u00e9mantique, c&rsquo;est-\u00e0-dire d&rsquo;\u00e9tude du sens, d&rsquo;une \u0153uvre picturale Pour ce faire, le ph\u00e9nom\u00e8ne esth\u00e9tique qui s\u2019immisce dans toute cr\u00e9ation plastique est, au d\u00e9but tout au moins de l&rsquo;\u00e9tude artificiellement \u00e9limin\u00e9 et la production picturale n\u2019est&hellip;<\/p>\n","protected":false},"author":2,"featured_media":0,"comment_status":"closed","ping_status":"open","sticky":false,"template":"","format":"standard","meta":{"pmpro_default_level":"","ngg_post_thumbnail":0,"footnotes":""},"categories":[842],"tags":[483,738,828,488,852],"class_list":["post-4302","post","type-post","status-publish","format-standard","hentry","category-wiart-claude","tag-art","tag-epistemologie","tag-lencephale-2","tag-psychopathologie-de-lexpression","tag-re1968-11","pmpro-has-access"],"_links":{"self":[{"href":"https:\/\/bibliotheque-sfpe-at.com\/index.php\/wp-json\/wp\/v2\/posts\/4302","targetHints":{"allow":["GET"]}}],"collection":[{"href":"https:\/\/bibliotheque-sfpe-at.com\/index.php\/wp-json\/wp\/v2\/posts"}],"about":[{"href":"https:\/\/bibliotheque-sfpe-at.com\/index.php\/wp-json\/wp\/v2\/types\/post"}],"author":[{"embeddable":true,"href":"https:\/\/bibliotheque-sfpe-at.com\/index.php\/wp-json\/wp\/v2\/users\/2"}],"replies":[{"embeddable":true,"href":"https:\/\/bibliotheque-sfpe-at.com\/index.php\/wp-json\/wp\/v2\/comments?post=4302"}],"version-history":[{"count":2,"href":"https:\/\/bibliotheque-sfpe-at.com\/index.php\/wp-json\/wp\/v2\/posts\/4302\/revisions"}],"predecessor-version":[{"id":4317,"href":"https:\/\/bibliotheque-sfpe-at.com\/index.php\/wp-json\/wp\/v2\/posts\/4302\/revisions\/4317"}],"wp:attachment":[{"href":"https:\/\/bibliotheque-sfpe-at.com\/index.php\/wp-json\/wp\/v2\/media?parent=4302"}],"wp:term":[{"taxonomy":"category","embeddable":true,"href":"https:\/\/bibliotheque-sfpe-at.com\/index.php\/wp-json\/wp\/v2\/categories?post=4302"},{"taxonomy":"post_tag","embeddable":true,"href":"https:\/\/bibliotheque-sfpe-at.com\/index.php\/wp-json\/wp\/v2\/tags?post=4302"}],"curies":[{"name":"wp","href":"https:\/\/api.w.org\/{rel}","templated":true}]}}