{"id":432,"date":"2019-11-03T11:34:56","date_gmt":"2019-11-03T11:34:56","guid":{"rendered":"http:\/\/localhost\/Wordpress\/?p=432"},"modified":"2024-06-12T17:48:08","modified_gmt":"2024-06-12T15:48:08","slug":"violences","status":"publish","type":"post","link":"https:\/\/bibliotheque-sfpe-at.com\/index.php\/2019\/11\/03\/violences\/","title":{"rendered":"Violences"},"content":{"rendered":"<div class=\"wp-block-image\">\n<figure class=\"alignright size-large is-resized\"><a href=\"https:\/\/bibliotheque-sfpe-at.com\/wp-content\/uploads\/2024\/05\/RA014-Violences-724x1024.jpg\"><img loading=\"lazy\" decoding=\"async\" width=\"724\" height=\"1024\" src=\"https:\/\/bibliotheque-sfpe-at.com\/wp-content\/uploads\/2024\/05\/RA014-Violences-724x1024.jpg\" alt=\"\" class=\"wp-image-1010\" style=\"width:350px\" srcset=\"https:\/\/bibliotheque-sfpe-at.com\/wp-content\/uploads\/2024\/05\/RA014-Violences-724x1024.jpg 724w, https:\/\/bibliotheque-sfpe-at.com\/wp-content\/uploads\/2024\/05\/RA014-Violences-600x848.jpg 600w, https:\/\/bibliotheque-sfpe-at.com\/wp-content\/uploads\/2024\/05\/RA014-Violences-212x300.jpg 212w, https:\/\/bibliotheque-sfpe-at.com\/wp-content\/uploads\/2024\/05\/RA014-Violences-768x1086.jpg 768w, https:\/\/bibliotheque-sfpe-at.com\/wp-content\/uploads\/2024\/05\/RA014-Violences-241x340.jpg 241w, https:\/\/bibliotheque-sfpe-at.com\/wp-content\/uploads\/2024\/05\/RA014-Violences-425x600.jpg 425w, https:\/\/bibliotheque-sfpe-at.com\/wp-content\/uploads\/2024\/05\/RA014-Violences.jpg 849w\" sizes=\"auto, (max-width: 724px) 100vw, 724px\" \/><\/a><\/figure>\n<\/div>\n\n\n<p><\/p>\n\n\n\n<p>La violence, les violence convoquent sur des plans tr\u00e8s diff\u00e9rents les pratiques cliniques, les dynamiques soci\u00e9tales, le geste artistique et, partant, l\u2019esth\u00e9tique. Violences agies, violences subies \u2014 en clinique, celles-ci sont omnipr\u00e9sentes et r\u00e9parties selon diff\u00e9rentes strates \u2014 physiques, verbales, psychiques\u2026 De la violence fondamentale \u00e0 la violence du traumatisme, des crises clastiques aux passages \u00e0 l\u2019acte h\u00e9t\u00e9ro- et auto-agressifs, des violences institutionnelles aux agirs destructeurs \u2014 les diff\u00e9rentes formes de violence t\u00e9moignent d\u2019un profond malaise dans la civilisation. Le corps social, l\u2019actualit\u00e9 elle-m\u00eame sont travers\u00e9s de multiples mani\u00e8res par les violences, affrontements, conflits qui sont autant d\u2019\u00e9checs de la pens\u00e9e, du lien et du dire. La pratique artistique, quant \u00e0 elle, a partie li\u00e9e avec la violence dans son geste, son contenu ou encore dans sa r\u00e9ception m\u00eame. Le choc esth\u00e9tique que produit l\u2019\u0153uvre d\u2019art \u2014 les toiles d\u2019un Caravage, d\u2019un Bacon \u2014 nous met aux prises avec l\u2019impensable, l\u2019impens\u00e9 de la violence. Pour Rainer Maria Rilke, \u00ab Le beau n\u2019est que le commencement du terrible [\u2026] \u00bb et Andr\u00e9 Breton de dire que \u00ab la beaut\u00e9 sera CONVULSIVE ou ne sera pas \u00bb. Comment l\u2019\u0153uvre fait-elle bord \u00e0 la violence ? Quelles repr\u00e9sentations en fournit-elle ? Quelle fronti\u00e8re trace-t-elle entre le sublime et l\u2019horreur ? C\u2019est \u00e0 ces diff\u00e9rentes questions \u2014 cliniques, soci\u00e9tales, artistiques, th\u00e9rapeutiques \u2014 que nous tenterons de r\u00e9pondre en mettant \u00e0 l\u2019\u00e9tude, lors des interventions, ateliers, interm\u00e8des artistiques, les figures de la violence, des violences, et le travail de la civilisation \u00e0 leur \u00e9gard.<\/p>\n\n\n<div class='pt-cv-wrapper'> <div class=\"pt-cv-view pt-cv-blockgrid iscvblock iscvreal grid1 layout2 cveffect-zoomin\" id=\"pt-cv-view-3i0h7lt2\"><div data-id=\"pt-cv-page-1\" class=\"pt-cv-page\" data-cvc=\"4\"><div class=\" pt-cv-content-item pt-cv-1-col\" ><div class=\"pt-cv-taxoterm above_title\"><a href='https:\/\/bibliotheque-sfpe-at.com\/index.php\/category\/auteurs\/lambert-jean-francois\/' title='Lambert Jean-Fran\u00e7ois' class='pt-cv-tax-lambert-jean-francois'>Lambert Jean-Fran\u00e7ois<\/a><\/div>\n<h4 class=\"pt-cv-title\"><a href=\"https:\/\/bibliotheque-sfpe-at.com\/index.php\/2019\/05\/14\/la-violence-souvent-probable-jamais-fatale\/\" class=\"_self\" target=\"_self\" >La violence : souvent probable, jamais fatale<\/a><\/h4>\n<div class=\"pt-cv-content\">Le Courrier de l&rsquo;Unesco dat\u00e9 de juillet-ao\u00fbt 1970, titrait \u00ab L&rsquo;homme, meurtrier de la nature mais non meurtrier par nature\u00bb. Nous ne traiterons pas ici de la premi\u00e8re affirmation (formul\u00e9e il y a cinquante ans, bien avant les premiers avertissements du GIEC), mais nous essayerons &#8230;<\/div>\n<div class=\"pt-cv-rmwrap\"><a href=\"https:\/\/bibliotheque-sfpe-at.com\/index.php\/2019\/05\/14\/la-violence-souvent-probable-jamais-fatale\/\" class=\"_self pt-cv-readmore btn btn-success\" target=\"_self\" >Lire La Suite\u2026<\/a><\/div><\/div>\n<div class=\" pt-cv-content-item pt-cv-1-col\" ><div class=\"pt-cv-taxoterm above_title\"><a href='https:\/\/bibliotheque-sfpe-at.com\/index.php\/category\/auteurs\/martineau-jean-pierre\/' title='Martineau Jean-Pierre' class='pt-cv-tax-martineau-jean-pierre'>Martineau Jean-Pierre<\/a><\/div>\n<h4 class=\"pt-cv-title\"><a href=\"https:\/\/bibliotheque-sfpe-at.com\/index.php\/2019\/05\/14\/le-rouge-criant-de-la-violence-vitale\/\" class=\"_self\" target=\"_self\" >Le rouge criant de la violence vitale<\/a><\/h4>\n<div class=\"pt-cv-content\">Le rouge criant au noir et au blanc est le marqueur originaire de la peinture exprimant avec le plus d&rsquo;acuit\u00e9 le contraste violence vitale\/l\u00e9tale. Celui-ci traduit le conflit pulsionnel libido-des-trudo que le travail psychique m\u00e9tabolise par ses choix, les formes et les r\u00e9cits qu&rsquo;il cr\u00e9e &#8230;<\/div>\n<div class=\"pt-cv-rmwrap\"><a href=\"https:\/\/bibliotheque-sfpe-at.com\/index.php\/2019\/05\/14\/le-rouge-criant-de-la-violence-vitale\/\" class=\"_self pt-cv-readmore btn btn-success\" target=\"_self\" >Lire La Suite\u2026<\/a><\/div><\/div>\n<div class=\" pt-cv-content-item pt-cv-1-col\" ><div class=\"pt-cv-taxoterm above_title\"><a href='https:\/\/bibliotheque-sfpe-at.com\/index.php\/category\/auteurs\/massardier-luc\/' title='Massardier Luc' class='pt-cv-tax-massardier-luc'>Massardier Luc<\/a><\/div>\n<h4 class=\"pt-cv-title\"><a href=\"https:\/\/bibliotheque-sfpe-at.com\/index.php\/2019\/05\/14\/derostrate-au-pavillon-dor-violences-contre-les-oeuvres-dart\/\" class=\"_self\" target=\"_self\" >D\u2019\u00c9rostrate au pavillon d\u2019or. Violences contre les \u0153uvres d&rsquo;art<\/a><\/h4>\n<div class=\"pt-cv-content\">En 356 av.J.-C., \u00c9rostrate incendie le temple d&rsquo;Art\u00e9mis \u00e0 Eph\u00e8se, l&rsquo;une des sept merveilles du monde, pour devenir c\u00e9l\u00e8bre et passer \u00e0 la post\u00e9rit\u00e9. En 1950, un jeune moine bouddhiste zen met le feu\u00ab par haine du beau\u00bb au sublime Pavillon d&rsquo;or de Kyoto au &#8230;<\/div>\n<div class=\"pt-cv-rmwrap\"><a href=\"https:\/\/bibliotheque-sfpe-at.com\/index.php\/2019\/05\/14\/derostrate-au-pavillon-dor-violences-contre-les-oeuvres-dart\/\" class=\"_self pt-cv-readmore btn btn-success\" target=\"_self\" >Lire La Suite\u2026<\/a><\/div><\/div>\n<div class=\" pt-cv-content-item pt-cv-1-col\" ><div class=\"pt-cv-taxoterm above_title\"><a href='https:\/\/bibliotheque-sfpe-at.com\/index.php\/category\/auteurs\/mourtada-youssef\/' title='Mourtada Youssef' class='pt-cv-tax-mourtada-youssef'>Mourtada Youssef<\/a><\/div>\n<h4 class=\"pt-cv-title\"><a href=\"https:\/\/bibliotheque-sfpe-at.com\/index.php\/2019\/05\/14\/le-double-crime-des-soeurs-papin-de-la-violence-a-loeuvre\/\" class=\"_self\" target=\"_self\" >Le double crime des s\u0153urs Papin : de la violence \u00e0 l\u2019\u0153uvre<\/a><\/h4>\n<div class=\"pt-cv-content\">Au Mans, au d\u00e9but du 19\u00e8me si\u00e8cle, un crime surgit qui d\u00e9borde par sa violence le cadre d&rsquo;un fait divers pour devenir un \u00e9v\u00e9nement national &#8211; et le fait divers tragique se retrouve \u00e9lev\u00e9 \u00e0 la dignit\u00e9 d&rsquo;une trag\u00e9die qui a fait couler beaucoup d&rsquo;encre, &#8230;<\/div>\n<div class=\"pt-cv-rmwrap\"><a href=\"https:\/\/bibliotheque-sfpe-at.com\/index.php\/2019\/05\/14\/le-double-crime-des-soeurs-papin-de-la-violence-a-loeuvre\/\" class=\"_self pt-cv-readmore btn btn-success\" target=\"_self\" >Lire La Suite\u2026<\/a><\/div><\/div>\n<div class=\" pt-cv-content-item pt-cv-1-col\" ><div class=\"pt-cv-taxoterm above_title\"><a href='https:\/\/bibliotheque-sfpe-at.com\/index.php\/category\/auteurs\/flores-penaloza-paulina\/' title='Flores Pe\u00f1aloza Paulina' class='pt-cv-tax-flores-penaloza-paulina'>Flores Pe\u00f1aloza Paulina<\/a><a href='https:\/\/bibliotheque-sfpe-at.com\/index.php\/category\/auteurs\/molina-manuel\/' title='Molina Manuel' class='pt-cv-tax-molina-manuel'>Molina Manuel<\/a><\/div>\n<h4 class=\"pt-cv-title\"><a href=\"https:\/\/bibliotheque-sfpe-at.com\/index.php\/2024\/05\/30\/ateliers-dart-therapie-pour-les-victimes-de-violences-domestiques\/\" class=\"_self\" target=\"_self\" >Ateliers d\u2019art-th\u00e9rapie pour les victimes de violences domestiques<\/a><\/h4>\n<div class=\"pt-cv-content\">Nous pr\u00e9sentons une exp\u00e9rience de groupe avec th\u00e9rapie par l&rsquo;art pour les femmes victimes de violence au sein de la famille, dans un centre communautaire de sant\u00e9 mentale du syst\u00e8me de sant\u00e9 publique du Chili. L&rsquo;atelier est r\u00e9alis\u00e9 depuis 2017 par un art-th\u00e9rapeute et un &#8230;<\/div>\n<div class=\"pt-cv-rmwrap\"><a href=\"https:\/\/bibliotheque-sfpe-at.com\/index.php\/2024\/05\/30\/ateliers-dart-therapie-pour-les-victimes-de-violences-domestiques\/\" class=\"_self pt-cv-readmore btn btn-success\" target=\"_self\" >Lire La Suite\u2026<\/a><\/div><\/div>\n<div class=\" pt-cv-content-item pt-cv-1-col\" ><div class=\"pt-cv-taxoterm above_title\"><a href='https:\/\/bibliotheque-sfpe-at.com\/index.php\/category\/auteurs\/boute-gerard\/' title='Bout\u00e9 G\u00e9rard' class='pt-cv-tax-boute-gerard'>Bout\u00e9 G\u00e9rard<\/a><\/div>\n<h4 class=\"pt-cv-title\"><a href=\"https:\/\/bibliotheque-sfpe-at.com\/index.php\/2024\/05\/30\/la-tauromachie-goya-et-la-violence-picturale\/\" class=\"_self\" target=\"_self\" >La tauromachie, Goya, et la violence picturale<\/a><\/h4>\n<div class=\"pt-cv-content\">Au cours de l&rsquo;histoire, la peinture offre de nombreuses sc\u00e8nes de grande violence : guerres, viols, enl\u00e8vements, tortures expriment les pulsions les plus archa\u00efques de l&rsquo;homme. Parmi ces artistes, Francisco Goya. En 1792, une grave maladie va bouleverser et sa vie et son \u0153uvre. Hallucinations, &#8230;<\/div>\n<div class=\"pt-cv-rmwrap\"><a href=\"https:\/\/bibliotheque-sfpe-at.com\/index.php\/2024\/05\/30\/la-tauromachie-goya-et-la-violence-picturale\/\" class=\"_self pt-cv-readmore btn btn-success\" target=\"_self\" >Lire La Suite\u2026<\/a><\/div><\/div>\n<div class=\" pt-cv-content-item pt-cv-1-col\" ><div class=\"pt-cv-taxoterm above_title\"><a href='https:\/\/bibliotheque-sfpe-at.com\/index.php\/category\/auteurs\/deschamps-valerie\/' title='Deschamps Val\u00e9rie' class='pt-cv-tax-deschamps-valerie'>Deschamps Val\u00e9rie<\/a><\/div>\n<h4 class=\"pt-cv-title\"><a href=\"https:\/\/bibliotheque-sfpe-at.com\/index.php\/2024\/05\/30\/nicolas-de-stael-violence-dune-vie-violence-dune-oeuvre\/\" class=\"_self\" target=\"_self\" >Nicolas de Sta\u00ebl, violence d\u2019une vie, violence d\u2019une \u0153uvre<\/a><\/h4>\n<div class=\"pt-cv-content\">La vie de Nicolas de Sta\u00ebl (1914-1955) commence avec une guerre, \u00e0 l&rsquo;aube de la r\u00e9volution russe et se termine par un suicide. Marqu\u00e9e par la violence, l&rsquo;exil et le deuil, sa vie, il la pense comme un continuel voyage sur une mer incertaine mais &#8230;<\/div>\n<div class=\"pt-cv-rmwrap\"><a href=\"https:\/\/bibliotheque-sfpe-at.com\/index.php\/2024\/05\/30\/nicolas-de-stael-violence-dune-vie-violence-dune-oeuvre\/\" class=\"_self pt-cv-readmore btn btn-success\" target=\"_self\" >Lire La Suite\u2026<\/a><\/div><\/div>\n<div class=\" pt-cv-content-item pt-cv-1-col\" ><div class=\"pt-cv-taxoterm above_title\"><a href='https:\/\/bibliotheque-sfpe-at.com\/index.php\/category\/auteurs\/reillanne-ghislaine\/' title='Reillanne Ghislaine' class='pt-cv-tax-reillanne-ghislaine'>Reillanne Ghislaine<\/a><\/div>\n<h4 class=\"pt-cv-title\"><a href=\"https:\/\/bibliotheque-sfpe-at.com\/index.php\/2024\/05\/30\/une-violence-nommee-couleur-paul-gauguin\/\" class=\"_self\" target=\"_self\" >Une violence nomm\u00e9e couleur : Paul Gauguin<\/a><\/h4>\n<div class=\"pt-cv-content\">On oublie souvent que Paul Gauguin fut le digne petit-fils de sa grand-m\u00e8re maternelle Flora Tristan. Tous deux furent des r\u00e9volutionnaires, l&rsquo;un dynamiteur de l&rsquo;art de son \u00e9poque, l&rsquo;autre militante acharn\u00e9e pour un f\u00e9minisme et un socialisme utopique. Tous les deux v\u00e9curent des moments parfois &#8230;<\/div>\n<div class=\"pt-cv-rmwrap\"><a href=\"https:\/\/bibliotheque-sfpe-at.com\/index.php\/2024\/05\/30\/une-violence-nommee-couleur-paul-gauguin\/\" class=\"_self pt-cv-readmore btn btn-success\" target=\"_self\" >Lire La Suite\u2026<\/a><\/div><\/div>\n<div class=\" pt-cv-content-item pt-cv-1-col\" ><div class=\"pt-cv-taxoterm above_title\"><a href='https:\/\/bibliotheque-sfpe-at.com\/index.php\/category\/auteurs\/lamblin-berlende\/' title='Lamblin Berlende' class='pt-cv-tax-lamblin-berlende'>Lamblin Berlende<\/a><\/div>\n<h4 class=\"pt-cv-title\"><a href=\"https:\/\/bibliotheque-sfpe-at.com\/index.php\/2024\/05\/30\/egon-schiele-ou-la-violence-du-sexuel\/\" class=\"_self\" target=\"_self\" >Egon Schiele ou \u00ab la violence du sexuel \u00bb<\/a><\/h4>\n<div class=\"pt-cv-content\">Egon Schiele grandit au sein d&rsquo;une famille endeuill\u00e9e o\u00f9 les acc\u00e8s de violence du p\u00e8re et son d\u00e9c\u00e8s pr\u00e9coce ont laiss\u00e9 la question du sexuel au stade d&rsquo;un narcissisme primaire qu&rsquo;Egon Schiele exprimera dans ses nombreux dessins de nus choquants pour la soci\u00e9t\u00e9 viennoise de &#8230;<\/div>\n<div class=\"pt-cv-rmwrap\"><a href=\"https:\/\/bibliotheque-sfpe-at.com\/index.php\/2024\/05\/30\/egon-schiele-ou-la-violence-du-sexuel\/\" class=\"_self pt-cv-readmore btn btn-success\" target=\"_self\" >Lire La Suite\u2026<\/a><\/div><\/div>\n<div class=\" pt-cv-content-item pt-cv-1-col\" ><div class=\"pt-cv-taxoterm above_title\"><a href='https:\/\/bibliotheque-sfpe-at.com\/index.php\/category\/auteurs\/bompart-malvina\/' title='Bompart Malvina' class='pt-cv-tax-bompart-malvina'>Bompart Malvina<\/a><\/div>\n<h4 class=\"pt-cv-title\"><a href=\"https:\/\/bibliotheque-sfpe-at.com\/index.php\/2024\/05\/30\/le-diagramme-perdu-du-cri-en-peinture\/\" class=\"_self\" target=\"_self\" >Le diagramme perdu du cri en peinture<\/a><\/h4>\n<div class=\"pt-cv-content\">Ressortissant, de mani\u00e8re embl\u00e9matique, du registre de la figurabilit\u00e9 de la violence, les bouches hurlantes de la m\u00e8re du \u00ab Massacre des innocents\u00bb de Poussin, de la M\u00e9duse de Caravage, de la s\u00e9rie des papes de Bacon et des portraits de femmes en proie \u00e0 &#8230;<\/div>\n<div class=\"pt-cv-rmwrap\"><a href=\"https:\/\/bibliotheque-sfpe-at.com\/index.php\/2024\/05\/30\/le-diagramme-perdu-du-cri-en-peinture\/\" class=\"_self pt-cv-readmore btn btn-success\" target=\"_self\" >Lire La Suite\u2026<\/a><\/div><\/div>\n<div class=\" pt-cv-content-item pt-cv-1-col\" ><div class=\"pt-cv-taxoterm above_title\"><a href='https:\/\/bibliotheque-sfpe-at.com\/index.php\/category\/auteurs\/nahoum-ruth\/' title='Nahoum Ruth' class='pt-cv-tax-nahoum-ruth'>Nahoum Ruth<\/a><\/div>\n<h4 class=\"pt-cv-title\"><a href=\"https:\/\/bibliotheque-sfpe-at.com\/index.php\/2024\/05\/30\/de-lirrepresentable\/\" class=\"_self\" target=\"_self\" >De l\u2019irrepr\u00e9sentable<\/a><\/h4>\n<div class=\"pt-cv-content\">Le traumatisme majeur est un processus d&rsquo;an\u00e9antissement qui coupe des forces \u00e9motionnelles et sensibles ; il y a enferme ment dans une r\u00e9p\u00e9tition mortif\u00e8re stup\u00e9fiant tous processus vitaux, toute possibilit\u00e9 imaginaire, et, de toute fa\u00e7on, irrecevable car la repr\u00e9sentation suppose un autre qui re\u00e7oit. La &#8230;<\/div>\n<div class=\"pt-cv-rmwrap\"><a href=\"https:\/\/bibliotheque-sfpe-at.com\/index.php\/2024\/05\/30\/de-lirrepresentable\/\" class=\"_self pt-cv-readmore btn btn-success\" target=\"_self\" >Lire La Suite\u2026<\/a><\/div><\/div>\n<div class=\" pt-cv-content-item pt-cv-1-col\" ><div class=\"pt-cv-taxoterm above_title\"><a href='https:\/\/bibliotheque-sfpe-at.com\/index.php\/category\/auteurs\/pedrinis-roberta\/' title='Pedrinis Roberta' class='pt-cv-tax-pedrinis-roberta'>Pedrinis Roberta<\/a><\/div>\n<h4 class=\"pt-cv-title\"><a href=\"https:\/\/bibliotheque-sfpe-at.com\/index.php\/2024\/05\/30\/le-ciel-est-encore-bleu-art-therapie-et-rehabilitation-oncologique\/\" class=\"_self\" target=\"_self\" >Le ciel est encore bleu. Art-th\u00e9rapie et r\u00e9habilitation oncologique<\/a><\/h4>\n<div class=\"pt-cv-content\">Le diagnostic d&rsquo;une maladie comme celle du cancer et le long parcours, m\u00e9dical peuvent d\u00e9clencher chez le patient des \u00e9l\u00e9ments tr\u00e8s stressants et \u00eatre v\u00e9cus comme une agression traumatique, voire une violence, qui s&rsquo;ajoute \u00e0 celle de la maladie elle- m\u00eame. La maladie et les &#8230;<\/div>\n<div class=\"pt-cv-rmwrap\"><a href=\"https:\/\/bibliotheque-sfpe-at.com\/index.php\/2024\/05\/30\/le-ciel-est-encore-bleu-art-therapie-et-rehabilitation-oncologique\/\" class=\"_self pt-cv-readmore btn btn-success\" target=\"_self\" >Lire La Suite\u2026<\/a><\/div><\/div>\n<div class=\" pt-cv-content-item pt-cv-1-col\" ><div class=\"pt-cv-taxoterm above_title\"><a href='https:\/\/bibliotheque-sfpe-at.com\/index.php\/category\/auteurs\/paradas-christophe\/' title='Paradas Christophe' class='pt-cv-tax-paradas-christophe'>Paradas Christophe<\/a><\/div>\n<h4 class=\"pt-cv-title\"><a href=\"https:\/\/bibliotheque-sfpe-at.com\/index.php\/2024\/05\/30\/le-massacre-des-pretendants-freud-avec-homere\/\" class=\"_self\" target=\"_self\" >Le massacre des pr\u00e9tendants : Freud avec Hom\u00e8re<\/a><\/h4>\n<div class=\"pt-cv-content\">En boucles, les \u00e9critures hom\u00e9riques. Psychologie des profondeurs et m\u00e9tiers \u00e0 tisser oc\u00e9aniques, ces mythiques narrations s&rsquo;enlacent autour du \u00ab massacre des pr\u00e9tendants \u00bb. Intemporel passage \u00e0 l&rsquo;acte et dramaturgie convulsive qui \u00e9clairent la modernit\u00e9. Malaise au palais d&rsquo;Ithaque ! Entre destins sauvages, r\u00e9sonances traumatiques &#8230;<\/div>\n<div class=\"pt-cv-rmwrap\"><a href=\"https:\/\/bibliotheque-sfpe-at.com\/index.php\/2024\/05\/30\/le-massacre-des-pretendants-freud-avec-homere\/\" class=\"_self pt-cv-readmore btn btn-success\" target=\"_self\" >Lire La Suite\u2026<\/a><\/div><\/div>\n<div class=\" pt-cv-content-item pt-cv-1-col\" ><div class=\"pt-cv-taxoterm above_title\"><a href='https:\/\/bibliotheque-sfpe-at.com\/index.php\/category\/auteurs\/schauder-silke\/' title='Schauder Silke' class='pt-cv-tax-schauder-silke'>Schauder Silke<\/a><\/div>\n<h4 class=\"pt-cv-title\"><a href=\"https:\/\/bibliotheque-sfpe-at.com\/index.php\/2024\/05\/30\/persee-et-la-gorgone-la-violence-a-loeuvre\/\" class=\"_self\" target=\"_self\" >Pers\u00e9e et la gorgone, la violence \u00e0 l\u2019\u0153uvre<\/a><\/h4>\n<div class=\"pt-cv-content\">La violence est-elle le propre du chef-d&rsquo;\u0153uvre? Elle se voit port\u00e9e \u00e0 son comble dans le groupe Pers\u00e9e et la Gorgone de Camille Claudel. Dans L&rsquo;\u00c2ge m\u00fbr l&rsquo;artiste avait d\u00e9j\u00e0 tendu au monde un miroir de sa rupture d\u00e9vastatrice avec Rodin. L\u00e0, ce miroir est &#8230;<\/div>\n<div class=\"pt-cv-rmwrap\"><a href=\"https:\/\/bibliotheque-sfpe-at.com\/index.php\/2024\/05\/30\/persee-et-la-gorgone-la-violence-a-loeuvre\/\" class=\"_self pt-cv-readmore btn btn-success\" target=\"_self\" >Lire La Suite\u2026<\/a><\/div><\/div>\n<div class=\" pt-cv-content-item pt-cv-1-col\" ><div class=\"pt-cv-taxoterm above_title\"><a href='https:\/\/bibliotheque-sfpe-at.com\/index.php\/category\/auteurs\/ferrieres-pestureau-suzanne\/' title='Ferri\u00e8res-Pestureau Suzanne' class='pt-cv-tax-ferrieres-pestureau-suzanne'>Ferri\u00e8res-Pestureau Suzanne<\/a><\/div>\n<h4 class=\"pt-cv-title\"><a href=\"https:\/\/bibliotheque-sfpe-at.com\/index.php\/2024\/05\/30\/la-violence-dans-les-performances-dotto-muehl\/\" class=\"_self\" target=\"_self\" >La violence dans les performances d\u2019Otto Muehl<\/a><\/h4>\n<div class=\"pt-cv-content\">Le parcours artistique d&rsquo;Otto Muel (1925-2013), l&rsquo;un des quatre membres de l&rsquo;Actionnisme viennois est indissociable de la conjonction de deux \u00e9v\u00e9nements : L&rsquo;un, ext\u00e9rieur, qui correspond au d\u00e9ni perp\u00e9tr\u00e9, longtemps apr\u00e8s la fin de la guerre de 39-40, par le peuple autrichien de sa responsabilit\u00e9 &#8230;<\/div>\n<div class=\"pt-cv-rmwrap\"><a href=\"https:\/\/bibliotheque-sfpe-at.com\/index.php\/2024\/05\/30\/la-violence-dans-les-performances-dotto-muehl\/\" class=\"_self pt-cv-readmore btn btn-success\" target=\"_self\" >Lire La Suite\u2026<\/a><\/div><\/div>\n<div class=\" pt-cv-content-item pt-cv-1-col\" ><div class=\"pt-cv-taxoterm above_title\"><a href='https:\/\/bibliotheque-sfpe-at.com\/index.php\/category\/auteurs\/lefebvre-marion\/' title='Lefebvre Marion' class='pt-cv-tax-lefebvre-marion'>Lefebvre Marion<\/a><\/div>\n<h4 class=\"pt-cv-title\"><a href=\"https:\/\/bibliotheque-sfpe-at.com\/index.php\/2024\/05\/30\/chasseur-ou-cueilleur-la-violence-a-loeuvre-dans-le-geste-photographique\/\" class=\"_self\" target=\"_self\" >Chasseur ou cueilleur, la violence \u00e0 l\u2019\u0153uvre dans le geste photographique<\/a><\/h4>\n<div class=\"pt-cv-content\">La violence loge au c\u0153ur m\u00eame de la photographie, elle est son angle mort, son point aveugle. En tant que dispositif m\u00e9canique, la photographie ne peut \u00e9vacuer sa parent\u00e9 technologique avec l&rsquo;arme \u00e0 feu, qui l&rsquo;a inspir\u00e9e dans sa forme moderne et toujours actuelle. En &#8230;<\/div>\n<div class=\"pt-cv-rmwrap\"><a href=\"https:\/\/bibliotheque-sfpe-at.com\/index.php\/2024\/05\/30\/chasseur-ou-cueilleur-la-violence-a-loeuvre-dans-le-geste-photographique\/\" class=\"_self pt-cv-readmore btn btn-success\" target=\"_self\" >Lire La Suite\u2026<\/a><\/div><\/div>\n<div class=\" pt-cv-content-item pt-cv-1-col\" ><div class=\"pt-cv-taxoterm above_title\"><a href='https:\/\/bibliotheque-sfpe-at.com\/index.php\/category\/auteurs\/damaio-maddi\/' title='Damaio Maddi' class='pt-cv-tax-damaio-maddi'>Damaio Maddi<\/a><a href='https:\/\/bibliotheque-sfpe-at.com\/index.php\/category\/auteurs\/muller-hargreaves-jean-pierre\/' title='Muller Hargreaves Jean-Pierre' class='pt-cv-tax-muller-hargreaves-jean-pierre'>Muller Hargreaves Jean-Pierre<\/a><\/div>\n<h4 class=\"pt-cv-title\"><a href=\"https:\/\/bibliotheque-sfpe-at.com\/index.php\/2024\/05\/30\/violence-erotique-violence-heretique\/\" class=\"_self\" target=\"_self\" >Violence \u00e9rotique, violence h\u00e9r\u00e9tique<\/a><\/h4>\n<div class=\"pt-cv-content\">La psychose na\u00eet de la souffrance, du contact avec la violence du R\u00e9el, cet impossible \u00e0 dire, un monde int\u00e9rieur, visc\u00e9ral et fantomatique qu&rsquo;aucun mot ne peut traduire. Un monde o\u00f9 s&rsquo;agitent les questions conflictuelles de la sexualit\u00e9 et du religieux. Certaines personnes r\u00e9ussissent \u00e0 &#8230;<\/div>\n<div class=\"pt-cv-rmwrap\"><a href=\"https:\/\/bibliotheque-sfpe-at.com\/index.php\/2024\/05\/30\/violence-erotique-violence-heretique\/\" class=\"_self pt-cv-readmore btn btn-success\" target=\"_self\" >Lire La Suite\u2026<\/a><\/div><\/div>\n<div class=\" pt-cv-content-item pt-cv-1-col\" ><div class=\"pt-cv-taxoterm above_title\"><a href='https:\/\/bibliotheque-sfpe-at.com\/index.php\/category\/auteurs\/vaast-marion\/' title='Vaast Marion' class='pt-cv-tax-vaast-marion'>Vaast Marion<\/a><\/div>\n<h4 class=\"pt-cv-title\"><a href=\"https:\/\/bibliotheque-sfpe-at.com\/index.php\/2024\/05\/30\/du-rituel-de-sorcellerie-ouest-africain-a-laccompagnement-art-therapeutique-entre-violence-symbolique-et-pensee-magique\/\" class=\"_self\" target=\"_self\" >Du rituel de sorcellerie Ouest-africain \u00e0 l\u2019accompagnement art-th\u00e9rapeutique : Entre violence symbolique et pens\u00e9e magique<\/a><\/h4>\n<div class=\"pt-cv-content\">Dans certaines pratiques animistes africaines, le f\u00e9tiche fait l&rsquo;objet d&rsquo;une pens\u00e9e magique de la part de l&rsquo;individu ayant consult\u00e9 le f\u00e9ticheur. L&rsquo;individu conf\u00e8re \u00e0 l&rsquo;objet-f\u00e9tiche des pouvoirs qui lui permettent de s&rsquo;extraire symboliquement d&rsquo;une violence subie par le groupe et dont il est le catalyseur &#8230;<\/div>\n<div class=\"pt-cv-rmwrap\"><a href=\"https:\/\/bibliotheque-sfpe-at.com\/index.php\/2024\/05\/30\/du-rituel-de-sorcellerie-ouest-africain-a-laccompagnement-art-therapeutique-entre-violence-symbolique-et-pensee-magique\/\" class=\"_self pt-cv-readmore btn btn-success\" target=\"_self\" >Lire La Suite\u2026<\/a><\/div><\/div>\n<div class=\" pt-cv-content-item pt-cv-1-col\" ><div class=\"pt-cv-taxoterm above_title\"><a href='https:\/\/bibliotheque-sfpe-at.com\/index.php\/category\/auteurs\/cassayre-sylvie\/' title='Cassayre Sylvie' class='pt-cv-tax-cassayre-sylvie'>Cassayre Sylvie<\/a><\/div>\n<h4 class=\"pt-cv-title\"><a href=\"https:\/\/bibliotheque-sfpe-at.com\/index.php\/2024\/05\/30\/cahier-dun-retour-au-pays-natal-aime-cesaire\/\" class=\"_self\" target=\"_self\" >Cahier d\u2019un retour au pays natal, Aim\u00e9 C\u00e9saire<\/a><\/h4>\n<div class=\"pt-cv-content\">La m\u00e9moire collective martiniquaise garde les traces de l&rsquo;arrachement au pays d&rsquo;origine, de l&rsquo;horreur du bateau n\u00e9grier, des vexations et des souffrances endur\u00e9es sur les plantations. Com ment r\u00e9pondre \u00e0 la violence du colonialisme? \u00e0 l&rsquo;oppression d&rsquo;un peuple? Aim\u00e9 C\u00e9saire le fait dans des discours, &#8230;<\/div>\n<div class=\"pt-cv-rmwrap\"><a href=\"https:\/\/bibliotheque-sfpe-at.com\/index.php\/2024\/05\/30\/cahier-dun-retour-au-pays-natal-aime-cesaire\/\" class=\"_self pt-cv-readmore btn btn-success\" target=\"_self\" >Lire La Suite\u2026<\/a><\/div><\/div>\n<div class=\" pt-cv-content-item pt-cv-1-col\" ><div class=\"pt-cv-taxoterm above_title\"><a href='https:\/\/bibliotheque-sfpe-at.com\/index.php\/category\/auteurs\/bruselle-andre\/' title='Bruselle Andr\u00e9' class='pt-cv-tax-bruselle-andre'>Bruselle Andr\u00e9<\/a><\/div>\n<h4 class=\"pt-cv-title\"><a href=\"https:\/\/bibliotheque-sfpe-at.com\/index.php\/2024\/05\/30\/violences-de-la-musique-wozzeck-dalban-berg\/\" class=\"_self\" target=\"_self\" >Violences de la musique : Wozzeck, d\u2019Alban Berg<\/a><\/h4>\n<div class=\"pt-cv-content\">Wozzeck est un des plus violents op\u00e9ras : par le fait divers d&rsquo;origine &#8211; meurtre, ex\u00e9cution \u00e0 la hache du coupable &#8211; par la violence des angoisses primitives du personnage, de son d\u00e9lire cosmique, et la violence de l&rsquo;\u00e9criture musicale d&rsquo;avant garde. Nous \u00e9couterons la &#8230;<\/div>\n<div class=\"pt-cv-rmwrap\"><a href=\"https:\/\/bibliotheque-sfpe-at.com\/index.php\/2024\/05\/30\/violences-de-la-musique-wozzeck-dalban-berg\/\" class=\"_self pt-cv-readmore btn btn-success\" target=\"_self\" >Lire La Suite\u2026<\/a><\/div><\/div>\n<div class=\" pt-cv-content-item pt-cv-1-col\" ><div class=\"pt-cv-taxoterm above_title\"><a href='https:\/\/bibliotheque-sfpe-at.com\/index.php\/category\/auteurs\/rosenfeld-katz-daniele\/' title='Rosenfeld-Katz Dani\u00e8le' class='pt-cv-tax-rosenfeld-katz-daniele'>Rosenfeld-Katz Dani\u00e8le<\/a><\/div>\n<h4 class=\"pt-cv-title\"><a href=\"https:\/\/bibliotheque-sfpe-at.com\/index.php\/2024\/05\/30\/chantal-akerman-cineaste-une-erotique-de-la-destruction-saute-ma-ville-film-1968\/\" class=\"_self\" target=\"_self\" >Chantal Akerman, cin\u00e9aste : une \u00e9rotique de la destruction. Saute ma ville (film, 1968)<\/a><\/h4>\n<div class=\"pt-cv-content\">\u00ab Non, non, certainement pas&#8230; Je ne crois pas qu&rsquo;il faille chercher dans l&rsquo;autobiographie, \u00e7a enferme. \u00bb (Akerman, 2014).Et pourtant, Akerman Chantal-Anna n\u00e9e en 1950 dans une famille juive traditionnelle bruxelloise d&rsquo;origine polonaise, est fille d&rsquo;une rescap\u00e9e, Natalia, d\u00e9port\u00e9e \u00e0 14 ans en 1942 avec &#8230;<\/div>\n<div class=\"pt-cv-rmwrap\"><a href=\"https:\/\/bibliotheque-sfpe-at.com\/index.php\/2024\/05\/30\/chantal-akerman-cineaste-une-erotique-de-la-destruction-saute-ma-ville-film-1968\/\" class=\"_self pt-cv-readmore btn btn-success\" target=\"_self\" >Lire La Suite\u2026<\/a><\/div><\/div>\n<div class=\" pt-cv-content-item pt-cv-1-col\" ><div class=\"pt-cv-taxoterm above_title\"><a href='https:\/\/bibliotheque-sfpe-at.com\/index.php\/category\/auteurs\/royol-jean-pierre\/' title='Royol Jean-Pierre' class='pt-cv-tax-royol-jean-pierre'>Royol Jean-Pierre<\/a><\/div>\n<h4 class=\"pt-cv-title\"><a href=\"https:\/\/bibliotheque-sfpe-at.com\/index.php\/2024\/05\/30\/par-le-trou-de-la-feuille\/\" class=\"_self\" target=\"_self\" >Par le trou de la feuille<\/a><\/h4>\n<div class=\"pt-cv-content\">Alors qu&rsquo;il jette habituellement des feuilles en hurlant \u00ab pas beau ! \u00bb, Luis d\u00e9cide de m&rsquo;en tendre une, toute barbouill\u00e9e, qui montre, en son centre, un \u00e9norme trou produit avec violence. Il me fait tenir avec lui sa feuille et, face \u00e0 ce trou, &#8230;<\/div>\n<div class=\"pt-cv-rmwrap\"><a href=\"https:\/\/bibliotheque-sfpe-at.com\/index.php\/2024\/05\/30\/par-le-trou-de-la-feuille\/\" class=\"_self pt-cv-readmore btn btn-success\" target=\"_self\" >Lire La Suite\u2026<\/a><\/div><\/div>\n<div class=\" pt-cv-content-item pt-cv-1-col\" ><div class=\"pt-cv-taxoterm above_title\"><a href='https:\/\/bibliotheque-sfpe-at.com\/index.php\/category\/auteurs\/el-ghozi-nadia\/' title='El Ghozi Nadia' class='pt-cv-tax-el-ghozi-nadia'>El Ghozi Nadia<\/a><a href='https:\/\/bibliotheque-sfpe-at.com\/index.php\/category\/auteurs\/sicard-marie\/' title='Sicard Marie' class='pt-cv-tax-sicard-marie'>Sicard Marie<\/a><\/div>\n<h4 class=\"pt-cv-title\"><a href=\"https:\/\/bibliotheque-sfpe-at.com\/index.php\/2024\/05\/30\/violences-au-college-le-conte-en-atelier-dexpression\/\" class=\"_self\" target=\"_self\" >Violences au coll\u00e8ge : le conte en atelier d\u2019expression<\/a><\/h4>\n<div class=\"pt-cv-content\">La classe dans laquelle a lieu cette exp\u00e9rience se trouve dans une zone dite sensible de la banlieue parisienne. Les \u00e9l\u00e8ves sont des jeunes de toutes communaut\u00e9s, issus de l&rsquo;immigration, souvent de couples mixtes. Partag\u00e9s entre deux cultures, ils se sentent doublement \u00e9trangers. Certains ma\u00eetrisent &#8230;<\/div>\n<div class=\"pt-cv-rmwrap\"><a href=\"https:\/\/bibliotheque-sfpe-at.com\/index.php\/2024\/05\/30\/violences-au-college-le-conte-en-atelier-dexpression\/\" class=\"_self pt-cv-readmore btn btn-success\" target=\"_self\" >Lire La Suite\u2026<\/a><\/div><\/div>\n<div class=\" pt-cv-content-item pt-cv-1-col\" ><div class=\"pt-cv-taxoterm above_title\"><a href='https:\/\/bibliotheque-sfpe-at.com\/index.php\/category\/auteurs\/vasseur-alain\/' title='Vasseur Alain' class='pt-cv-tax-vasseur-alain'>Vasseur Alain<\/a><\/div>\n<h4 class=\"pt-cv-title\"><a href=\"https:\/\/bibliotheque-sfpe-at.com\/index.php\/2024\/05\/30\/lart-therapie-ou-lexpression-de-notre-nature-premiere\/\" class=\"_self\" target=\"_self\" >L\u2019art-th\u00e9rapie ou l\u2019expression de notre nature premi\u00e8re<\/a><\/h4>\n<div class=\"pt-cv-content\">Paul Val\u00e9ry disait que le peintre toute sa vie cherche la peinture, le po\u00e8te la po\u00e9sie, le sculpteur la sculpture. \u00c0 moins qu&rsquo;ils ne cherchent le peintre, le po\u00e8te ou le sculpteur. On ne peint, on n&rsquo;\u00e9crit, on ne sculpte que soi-m\u00eame sous de multiples &#8230;<\/div>\n<div class=\"pt-cv-rmwrap\"><a href=\"https:\/\/bibliotheque-sfpe-at.com\/index.php\/2024\/05\/30\/lart-therapie-ou-lexpression-de-notre-nature-premiere\/\" class=\"_self pt-cv-readmore btn btn-success\" target=\"_self\" >Lire La Suite\u2026<\/a><\/div><\/div>\n<div class=\" pt-cv-content-item pt-cv-1-col\" ><div class=\"pt-cv-taxoterm above_title\"><a href='https:\/\/bibliotheque-sfpe-at.com\/index.php\/category\/auteurs\/moulis-alice\/' title='Moulis Alice' class='pt-cv-tax-moulis-alice'>Moulis Alice<\/a><\/div>\n<h4 class=\"pt-cv-title\"><a href=\"https:\/\/bibliotheque-sfpe-at.com\/index.php\/2024\/05\/30\/un-reste-a-danser\/\" class=\"_self\" target=\"_self\" >Un reste \u00e0 danser<\/a><\/h4>\n<div class=\"pt-cv-content\">D&rsquo;o\u00f9 vient cette \u00e9trange r\u00e9sistance \u00e0 parler de ce qui se passe quand Je danse ? Dans ce lieu, Je parle dans le silence et signe avec mon corps en mouvement. En d\u00e9signant ma danse de \u00ab sauvage \u00bb, je la d\u00e9sirais instinctive, transgressive et &#8230;<\/div>\n<div class=\"pt-cv-rmwrap\"><a href=\"https:\/\/bibliotheque-sfpe-at.com\/index.php\/2024\/05\/30\/un-reste-a-danser\/\" class=\"_self pt-cv-readmore btn btn-success\" target=\"_self\" >Lire La Suite\u2026<\/a><\/div><\/div>\n<div class=\" pt-cv-content-item pt-cv-1-col\" ><div class=\"pt-cv-taxoterm above_title\"><a href='https:\/\/bibliotheque-sfpe-at.com\/index.php\/category\/auteurs\/stirn-senja\/' title='Stirn Senja' class='pt-cv-tax-stirn-senja'>Stirn Senja<\/a><\/div>\n<h4 class=\"pt-cv-title\"><a href=\"https:\/\/bibliotheque-sfpe-at.com\/index.php\/2024\/05\/30\/les-multiples-nuances-de-la-perversion-imagee-et-du-theatre-du-reel\/\" class=\"_self\" target=\"_self\" >Les multiples nuances, de la perversion imag\u00e9e et du th\u00e9\u00e2tre du r\u00e9el<\/a><\/h4>\n<div class=\"pt-cv-content\">Depuis la nuit des temps, la violence fait partie de l&rsquo;art. Au th\u00e9\u00e2tre classique, soit elle pr\u00e9c\u00e8de la trag\u00e9die \u00e0 venir, soit elle permet la catharsis. Sa nature change selon les \u00e9poques, comme ses th\u00e9matiques et son expression esth\u00e9tique. L&rsquo;audiovisuel actuel est devenu le porteur &#8230;<\/div>\n<div class=\"pt-cv-rmwrap\"><a href=\"https:\/\/bibliotheque-sfpe-at.com\/index.php\/2024\/05\/30\/les-multiples-nuances-de-la-perversion-imagee-et-du-theatre-du-reel\/\" class=\"_self pt-cv-readmore btn btn-success\" target=\"_self\" >Lire La Suite\u2026<\/a><\/div><\/div><\/div><\/div> <\/div> <style>\n\n#pt-cv-view-3i0h7lt2 .pt-cv-meta-fields {  }#pt-cv-view-3i0h7lt2 .pt-cv-meta-fields * { font-size: 13px; }#pt-cv-view-3i0h7lt2 .pt-cv-thumb-wrapper:not(.miniwrap) {  }#pt-cv-view-3i0h7lt2 .pt-cv-thumbnail:not(.pt-cv-thumbnailsm) { height: 250px; }#pt-cv-view-3i0h7lt2 .pt-cv-title a { display: block;color: #a83838; }#pt-cv-view-3i0h7lt2 .pt-cv-title:not(.pt-cv-titlesm) a { font-weight: 600;text-decoration: none;font-size: 20px; }#pt-cv-view-3i0h7lt2 .pt-cv-titlesm a { font-weight: 600;font-size: 18px; }#pt-cv-view-3i0h7lt2 .pt-cv-content { font-size: 12px; }#pt-cv-view-3i0h7lt2 .pt-cv-rmwrap {  }#pt-cv-view-3i0h7lt2 .pt-cv-readmore { color: #951a1a;background-color: #ffffff00;font-style: italic;font-size: 12px; }#pt-cv-view-3i0h7lt2 .pt-cv-taxoterm {  }#pt-cv-view-3i0h7lt2 .pt-cv-taxoterm * { color: #9badb7;background-color: #f5f0f057;border-style: solid;font-size: 14px;border-width: 1.5px 1.5px 1.5px 1.5px;border-radius: 8px 8px 8px 8px; }#pt-cv-view-3i0h7lt2 + .pt-cv-pagination-wrapper {  }#pt-cv-view-3i0h7lt2 + .pt-cv-pagination-wrapper a { font-size: 14px; }#pt-cv-view-3i0h7lt2 > .pt-cv-page {grid-template-columns: repeat(4, 1fr);grid-gap: 13px;}\n@media all and (max-width: 1024px) { \n#pt-cv-view-3i0h7lt2 > .pt-cv-page {}\n} \n@media all and (max-width: 767px) { \n#pt-cv-view-3i0h7lt2 > .pt-cv-page {grid-template-columns: repeat(1, 1fr);}\n} <\/style>","protected":false},"excerpt":{"rendered":"<p>La violence, les violence convoquent sur des plans tr\u00e8s diff\u00e9rents les pratiques cliniques, les dynamiques soci\u00e9tales, le geste artistique et, partant, l\u2019esth\u00e9tique. Violences agies, violences subies \u2014 en clinique, celles-ci sont omnipr\u00e9sentes et r\u00e9parties selon diff\u00e9rentes strates \u2014 physiques, verbales, psychiques\u2026 De la violence fondamentale \u00e0 la violence du traumatisme,&hellip;<\/p>\n","protected":false},"author":2,"featured_media":558,"comment_status":"closed","ping_status":"open","sticky":false,"template":"","format":"standard","meta":{"pmpro_default_level":"","ngg_post_thumbnail":0,"footnotes":""},"categories":[2],"tags":[27],"class_list":["post-432","post","type-post","status-publish","format-standard","has-post-thumbnail","hentry","category-journees-dautomne","tag-apres-2010","pmpro-has-access"],"_links":{"self":[{"href":"https:\/\/bibliotheque-sfpe-at.com\/index.php\/wp-json\/wp\/v2\/posts\/432","targetHints":{"allow":["GET"]}}],"collection":[{"href":"https:\/\/bibliotheque-sfpe-at.com\/index.php\/wp-json\/wp\/v2\/posts"}],"about":[{"href":"https:\/\/bibliotheque-sfpe-at.com\/index.php\/wp-json\/wp\/v2\/types\/post"}],"author":[{"embeddable":true,"href":"https:\/\/bibliotheque-sfpe-at.com\/index.php\/wp-json\/wp\/v2\/users\/2"}],"replies":[{"embeddable":true,"href":"https:\/\/bibliotheque-sfpe-at.com\/index.php\/wp-json\/wp\/v2\/comments?post=432"}],"version-history":[{"count":12,"href":"https:\/\/bibliotheque-sfpe-at.com\/index.php\/wp-json\/wp\/v2\/posts\/432\/revisions"}],"predecessor-version":[{"id":1606,"href":"https:\/\/bibliotheque-sfpe-at.com\/index.php\/wp-json\/wp\/v2\/posts\/432\/revisions\/1606"}],"wp:featuredmedia":[{"embeddable":true,"href":"https:\/\/bibliotheque-sfpe-at.com\/index.php\/wp-json\/wp\/v2\/media\/558"}],"wp:attachment":[{"href":"https:\/\/bibliotheque-sfpe-at.com\/index.php\/wp-json\/wp\/v2\/media?parent=432"}],"wp:term":[{"taxonomy":"category","embeddable":true,"href":"https:\/\/bibliotheque-sfpe-at.com\/index.php\/wp-json\/wp\/v2\/categories?post=432"},{"taxonomy":"post_tag","embeddable":true,"href":"https:\/\/bibliotheque-sfpe-at.com\/index.php\/wp-json\/wp\/v2\/tags?post=432"}],"curies":[{"name":"wp","href":"https:\/\/api.w.org\/{rel}","templated":true}]}}