{"id":4774,"date":"2025-03-27T12:15:22","date_gmt":"2025-03-27T11:15:22","guid":{"rendered":"https:\/\/bibliotheque-sfpe-at.com\/?p=4774"},"modified":"2025-03-27T17:33:11","modified_gmt":"2025-03-27T16:33:11","slug":"frontieres-2","status":"publish","type":"post","link":"https:\/\/bibliotheque-sfpe-at.com\/index.php\/2025\/03\/27\/frontieres-2\/","title":{"rendered":"Fronti\u00e8res"},"content":{"rendered":"<div class=\"wp-block-image\">\n<figure class=\"alignright size-large is-resized\"><a href=\"https:\/\/bibliotheque-sfpe-at.com\/wp-content\/uploads\/2025\/03\/RA021-Frontieres.jpg\"><img loading=\"lazy\" decoding=\"async\" width=\"724\" height=\"1024\" src=\"https:\/\/bibliotheque-sfpe-at.com\/wp-content\/uploads\/2025\/03\/RA021-Frontieres-724x1024.jpg\" alt=\"\" class=\"wp-image-4775\" style=\"width:350px\" srcset=\"https:\/\/bibliotheque-sfpe-at.com\/wp-content\/uploads\/2025\/03\/RA021-Frontieres-724x1024.jpg 724w, https:\/\/bibliotheque-sfpe-at.com\/wp-content\/uploads\/2025\/03\/RA021-Frontieres-212x300.jpg 212w, https:\/\/bibliotheque-sfpe-at.com\/wp-content\/uploads\/2025\/03\/RA021-Frontieres-768x1086.jpg 768w, https:\/\/bibliotheque-sfpe-at.com\/wp-content\/uploads\/2025\/03\/RA021-Frontieres-241x340.jpg 241w, https:\/\/bibliotheque-sfpe-at.com\/wp-content\/uploads\/2025\/03\/RA021-Frontieres-425x600.jpg 425w, https:\/\/bibliotheque-sfpe-at.com\/wp-content\/uploads\/2025\/03\/RA021-Frontieres-600x848.jpg 600w, https:\/\/bibliotheque-sfpe-at.com\/wp-content\/uploads\/2025\/03\/RA021-Frontieres.jpg 849w\" sizes=\"auto, (max-width: 724px) 100vw, 724px\" \/><\/a><\/figure>\n<\/div>\n\n\n<p>S\u2019il existe bien un mot fronti\u00e8re, c\u2019est celui d\u2019art-th\u00e9rapie, avec toutes ses ambigu\u00eft\u00e9s \u2014 synth\u00e8se ou oxymore ? Cartes et territoires ne manquent pas, aussi bien du c\u00f4t\u00e9 de la psychopathologie de l\u2019expression, avec les d\u00e9lires de Opicinius de Canistris, les cartes de Deligny, les cartographes de l\u2019Art Brut, que du c\u00f4t\u00e9 de l\u2019art, tout le <em>Map Art<\/em>, l\u2019exposition \u00ab Magiciens de la Terre \u00bb, Michel Houellebecq\u2026 L\u2019histoire n\u2019y \u00e9chappe pas depuis les limes des Romains contre les Barbares ou Saturne le dieu des arpenteurs, jusqu\u2019\u00e0 l\u2019actualit\u00e9 avec les guerres et les migrants.&nbsp;<br>Mais les fronti\u00e8res ne sont pas que spatiales, elles sont aussi temporelles et socioculturelles. Quant \u00e0 la psychanalyse, elle s\u2019est construite en topiques \u00e0 l\u2019int\u00e9rieur m\u00eame de la vie psychique. Quel est donc le rapport du sujet \u00e0 la fronti\u00e8re : ligne de d\u00e9fense ou d\u2019expansion, lieu d\u2019\u00e9change ou de conflit ? Quelle serait son essence, sa n\u00e9cessit\u00e9, son besoin ? Utile ou n\u00e9faste ?&nbsp;<br>L\u2019atelier de cr\u00e9ation, de th\u00e9rapie, a aussi ses fronti\u00e8res, qui ne sont pas que physiques mais aussi fonctionnelles, posant la question du cadre. Ouvert ou ferm\u00e9, quelle est la part de ce dispositif dans la mobilisation de l\u2019\u00e9nergie, l\u2019\u00e9mergence d\u2019un imaginaire, le retour pour une r\u00e9flexion sur le soi ?&nbsp;<br>Comment aider les art-th\u00e9rapeutes \u00e0 travers la parcellisation des pratiques et des th\u00e9ories ? Quelles d\u00e9marcations pr\u00e9server entre les objectifs th\u00e9rapeutiques et l\u2019action culturelle, les indications de la pathologie et les extensions au bien-\u00eatre ? Quelles limites impos\u00e9es par l\u2019\u00e9thique et la d\u00e9ontologie ?<br>L\u2019histoire de l\u2019art et la mus\u00e9ologie ont \u00e9volu\u00e9 en modifiant leurs approches en interne, l\u2019art-th\u00e9rapie tente de m\u00eame, mais pour les fronti\u00e8res reste toujours le probl\u00e8me de respecter l\u2019identit\u00e9 d\u2019origine pour pr\u00e9server la s\u00e9curit\u00e9 du travail, de se penser pour devenir singulier et novateur. On conna\u00eet les effets de la mondialisation et les reproches actuels aux Lumi\u00e8res qui, dans l\u2019espoir de progr\u00e8s universel, ont men\u00e9 \u00e0 la r\u00e9action. Nos mus\u00e9es sont aujourd\u2019hui \u00e0 l\u2019heure de la restitution. Les fronti\u00e8res ont certainement une raison d\u2019\u00eatre \u00e0 respecter pour l\u2019expression de la diversit\u00e9 des modes de pens\u00e9e, \u00e0 travers des \u00e9changes bienveillants et non conqu\u00e9rants.<br><br>Dr Fran\u00e7ois Granier&nbsp;<br>Pr\u00e9sident de la SFPE-AT<\/p>\n\n\n<div class='pt-cv-wrapper'> <div class=\"pt-cv-view pt-cv-blockgrid iscvblock iscvreal grid1 layout2 cveffect-zoomin\" id=\"pt-cv-view-3i0h7lt2\"><div data-id=\"pt-cv-page-1\" class=\"pt-cv-page\" data-cvc=\"4\"><div class=\" pt-cv-content-item pt-cv-1-col\" ><div class=\"pt-cv-taxoterm above_title\"><a href='https:\/\/bibliotheque-sfpe-at.com\/index.php\/category\/auteurs\/mourtada-youssef\/' title='Mourtada Youssef' class='pt-cv-tax-mourtada-youssef'>Mourtada Youssef<\/a><\/div>\n<h4 class=\"pt-cv-title\"><a href=\"https:\/\/bibliotheque-sfpe-at.com\/index.php\/2025\/03\/27\/corporeite-et-fractale\/\" class=\"_self\" target=\"_self\" >Corpor\u00e9it\u00e9 et fractale<\/a><\/h4>\n<div class=\"pt-cv-content\">Quelle est la fronti\u00e8re d\u2019un corps ? Voil\u00e0 une question na\u00efve, r\u00e9aliste, voire hyperr\u00e9aliste. Pour une question na\u00efve, la r\u00e9ponse est forc\u00e9ment myst\u00e9rieuse, car le myst\u00e8re est devant nous ; il n\u2019est pas ailleurs.Les questions sont les enceintes des r\u00e9ponses, et une question parvient \u00e0 &#8230;<\/div>\n<div class=\"pt-cv-rmwrap\"><a href=\"https:\/\/bibliotheque-sfpe-at.com\/index.php\/2025\/03\/27\/corporeite-et-fractale\/\" class=\"_self pt-cv-readmore btn btn-success\" target=\"_self\" >Lire La Suite\u2026<\/a><\/div><\/div>\n<div class=\" pt-cv-content-item pt-cv-1-col\" ><div class=\"pt-cv-taxoterm above_title\"><a href='https:\/\/bibliotheque-sfpe-at.com\/index.php\/category\/auteurs\/rigaud-bernard\/' title='Rigaud Bernard' class='pt-cv-tax-rigaud-bernard'>Rigaud Bernard<\/a><\/div>\n<h4 class=\"pt-cv-title\"><a href=\"https:\/\/bibliotheque-sfpe-at.com\/index.php\/2025\/03\/27\/dehors-toujours-au-centre\/\" class=\"_self\" target=\"_self\" >\u00ab Dehors, toujours au centre \u00bb<\/a><\/h4>\n<div class=\"pt-cv-content\">\u00ab Comment dire, en parlant, ce qui est ext\u00e9rieur \u00e0 la parole ? \u00bb Le po\u00e8te Andr\u00e9 du Bouchet, auteur de ce vers \u00ab Dehors, toujours au centre \u00bb, n\u2019est pas un philosophe, mais il oblige son lecteur \u00e0 entrer en philosophie. En particulier, il &#8230;<\/div>\n<div class=\"pt-cv-rmwrap\"><a href=\"https:\/\/bibliotheque-sfpe-at.com\/index.php\/2025\/03\/27\/dehors-toujours-au-centre\/\" class=\"_self pt-cv-readmore btn btn-success\" target=\"_self\" >Lire La Suite\u2026<\/a><\/div><\/div>\n<div class=\" pt-cv-content-item pt-cv-1-col\" ><div class=\"pt-cv-taxoterm above_title\"><a href='https:\/\/bibliotheque-sfpe-at.com\/index.php\/category\/auteurs\/granier-francois\/' title='Granier Fran\u00e7ois' class='pt-cv-tax-granier-francois'>Granier Fran\u00e7ois<\/a><\/div>\n<h4 class=\"pt-cv-title\"><a href=\"https:\/\/bibliotheque-sfpe-at.com\/index.php\/2025\/03\/27\/frontiere-entre-matiere-et-forme\/\" class=\"_self\" target=\"_self\" >Fronti\u00e8re entre mati\u00e8re et forme<\/a><\/h4>\n<div class=\"pt-cv-content\">La relation mati\u00e8re-forme est un d\u00e9bat ancien, qui garde son actualit\u00e9 pour la psychopathologie de l\u2019expression et l\u2019art-th\u00e9rapie.Nous rappellerons d\u2019abord les approches ph\u00e9nom\u00e9nologique et philosophique depuis l\u2019Antiquit\u00e9, l\u2019\u00e2ge classique, jusqu\u2019aux auteurs du XXe si\u00e8cle. Elles seront illustr\u00e9es par des artistes pathologiques de l\u2019histoire de l\u2019art &#8230;<\/div>\n<div class=\"pt-cv-rmwrap\"><a href=\"https:\/\/bibliotheque-sfpe-at.com\/index.php\/2025\/03\/27\/frontiere-entre-matiere-et-forme\/\" class=\"_self pt-cv-readmore btn btn-success\" target=\"_self\" >Lire La Suite\u2026<\/a><\/div><\/div>\n<div class=\" pt-cv-content-item pt-cv-1-col\" ><div class=\"pt-cv-taxoterm above_title\"><a href='https:\/\/bibliotheque-sfpe-at.com\/index.php\/category\/auteurs\/deschamps-valerie\/' title='Deschamps Val\u00e9rie' class='pt-cv-tax-deschamps-valerie'>Deschamps Val\u00e9rie<\/a><\/div>\n<h4 class=\"pt-cv-title\"><a href=\"https:\/\/bibliotheque-sfpe-at.com\/index.php\/2025\/03\/27\/jeu-de-frontieres-chez-gerard-garouste-entre-discours-delire-et-creation\/\" class=\"_self\" target=\"_self\" >Jeu de fronti\u00e8res chez G\u00e9rard Garouste : entre discours, d\u00e9lire et cr\u00e9ation<\/a><\/h4>\n<div class=\"pt-cv-content\">G\u00e9rard Garouste, dans son livre L\u2019Intranquille, nous invite \u00e0 cheminer dans son double parcours de peintre et de patient psychiatrique. Il y r\u00e9v\u00e8le tout un jeu de fronti\u00e8res dans l\u2019intime de sa vie psychique.\u00ab Mes intuitions se changent vite en obsessions qui nourrissent ma peinture &#8230;<\/div>\n<div class=\"pt-cv-rmwrap\"><a href=\"https:\/\/bibliotheque-sfpe-at.com\/index.php\/2025\/03\/27\/jeu-de-frontieres-chez-gerard-garouste-entre-discours-delire-et-creation\/\" class=\"_self pt-cv-readmore btn btn-success\" target=\"_self\" >Lire La Suite\u2026<\/a><\/div><\/div>\n<div class=\" pt-cv-content-item pt-cv-1-col\" ><div class=\"pt-cv-taxoterm above_title\"><a href='https:\/\/bibliotheque-sfpe-at.com\/index.php\/category\/auteurs\/schauder-silke\/' title='Schauder Silke' class='pt-cv-tax-schauder-silke'>Schauder Silke<\/a><\/div>\n<h4 class=\"pt-cv-title\"><a href=\"https:\/\/bibliotheque-sfpe-at.com\/index.php\/2025\/03\/27\/basquiat-cartographe-de-lespace-urbain\/\" class=\"_self\" target=\"_self\" >Basquiat, cartographe de l\u2019espace urbain<\/a><\/h4>\n<div class=\"pt-cv-content\">Ha\u00eftien par son p\u00e8re, Portoricain par sa m\u00e8re, Jean-Michel Basquiat (1960-1988) connut, en Rimbaud de la peinture, les paradis artificiels de l\u2019art, une ascension fulgurante et une mort pr\u00e9coce. Cartographe de l\u2019espace urbain new-yorkais \u00e9clat\u00e9, dissoci\u00e9, Basquiat tague les murs d\u2019un downtown non inscrit sur &#8230;<\/div>\n<div class=\"pt-cv-rmwrap\"><a href=\"https:\/\/bibliotheque-sfpe-at.com\/index.php\/2025\/03\/27\/basquiat-cartographe-de-lespace-urbain\/\" class=\"_self pt-cv-readmore btn btn-success\" target=\"_self\" >Lire La Suite\u2026<\/a><\/div><\/div>\n<div class=\" pt-cv-content-item pt-cv-1-col\" ><div class=\"pt-cv-taxoterm above_title\"><a href='https:\/\/bibliotheque-sfpe-at.com\/index.php\/category\/auteurs\/sens-dominique\/' title='Sens Dominique' class='pt-cv-tax-sens-dominique'>Sens Dominique<\/a><\/div>\n<h4 class=\"pt-cv-title\"><a href=\"https:\/\/bibliotheque-sfpe-at.com\/index.php\/2025\/03\/27\/au-dela-des-frontieres-experiences-hors-limite-en-art-et-passages-dans-lart-therapie\/\" class=\"_self\" target=\"_self\" >Au-del\u00e0 des fronti\u00e8res : exp\u00e9riences hors limite en art et passages dans l\u2019art-th\u00e9rapie<\/a><\/h4>\n<div class=\"pt-cv-content\">Dans les arts plastiques comme dans le champ de l\u2019art-th\u00e9rapie, certaines d\u00e9marches artistiques ou certaines productions nous confrontent \u00e0 ce qu\u2019on peut qualifier de \u00ab clinique des exp\u00e9riences exceptionnelles \u00bb (Thomas Rabeyron, 2020) ainsi qu\u2019\u00e0 une clinique singuli\u00e8re interrogeant les processus de symbolisation. Il n\u2019est &#8230;<\/div>\n<div class=\"pt-cv-rmwrap\"><a href=\"https:\/\/bibliotheque-sfpe-at.com\/index.php\/2025\/03\/27\/au-dela-des-frontieres-experiences-hors-limite-en-art-et-passages-dans-lart-therapie\/\" class=\"_self pt-cv-readmore btn btn-success\" target=\"_self\" >Lire La Suite\u2026<\/a><\/div><\/div>\n<div class=\" pt-cv-content-item pt-cv-1-col\" ><div class=\"pt-cv-taxoterm above_title\"><a href='https:\/\/bibliotheque-sfpe-at.com\/index.php\/category\/auteurs\/massardier-luc\/' title='Massardier Luc' class='pt-cv-tax-massardier-luc'>Massardier Luc<\/a><\/div>\n<h4 class=\"pt-cv-title\"><a href=\"https:\/\/bibliotheque-sfpe-at.com\/index.php\/2025\/03\/27\/la-mort-derniere-frontiere\/\" class=\"_self\" target=\"_self\" >La mort, derni\u00e8re fronti\u00e8re\u00a0?<\/a><\/h4>\n<div class=\"pt-cv-content\">Fronti\u00e8re biologique infranchissable ou simple barri\u00e8re poreuse, la mort hante depuis toujours l\u2019humanit\u00e9 avec la question du sens de la vie et de l\u2019au-del\u00e0. L\u2019universalit\u00e9 de l\u2019art fun\u00e9raire et du culte des d\u00e9funts dans les religions rappelle \u00e0 l\u2019homme sa pr\u00e9carit\u00e9 et sa vanit\u00e9 face &#8230;<\/div>\n<div class=\"pt-cv-rmwrap\"><a href=\"https:\/\/bibliotheque-sfpe-at.com\/index.php\/2025\/03\/27\/la-mort-derniere-frontiere\/\" class=\"_self pt-cv-readmore btn btn-success\" target=\"_self\" >Lire La Suite\u2026<\/a><\/div><\/div>\n<div class=\" pt-cv-content-item pt-cv-1-col\" ><div class=\"pt-cv-taxoterm above_title\"><a href='https:\/\/bibliotheque-sfpe-at.com\/index.php\/category\/auteurs\/saint-pierre-olivier\/' title='Saint-Pierre Olivier' class='pt-cv-tax-saint-pierre-olivier'>Saint-Pierre Olivier<\/a><\/div>\n<h4 class=\"pt-cv-title\"><a href=\"https:\/\/bibliotheque-sfpe-at.com\/index.php\/2025\/03\/27\/orphee-de-cocteau-frontieres-de-la-creation\/\" class=\"_self\" target=\"_self\" >Orph\u00e9e de Cocteau, fronti\u00e8res de la cr\u00e9ation<\/a><\/h4>\n<div class=\"pt-cv-content\">Le cin\u00e9ma de Jean Cocteau, particuli\u00e8rement Orph\u00e9e, nous offre une perception et certainement une description de la question de la cr\u00e9ation au travers des fronti\u00e8res ou des limites qui se pr\u00e9sentent \u00e0 elle et qu\u2019elle produit.Film Orph\u00e9e, film image du rite orphique o\u00f9 la Mort &#8230;<\/div>\n<div class=\"pt-cv-rmwrap\"><a href=\"https:\/\/bibliotheque-sfpe-at.com\/index.php\/2025\/03\/27\/orphee-de-cocteau-frontieres-de-la-creation\/\" class=\"_self pt-cv-readmore btn btn-success\" target=\"_self\" >Lire La Suite\u2026<\/a><\/div><\/div>\n<div class=\" pt-cv-content-item pt-cv-1-col\" ><div class=\"pt-cv-taxoterm above_title\"><a href='https:\/\/bibliotheque-sfpe-at.com\/index.php\/category\/auteurs\/reillanne-ghislaine\/' title='Reillanne Ghislaine' class='pt-cv-tax-reillanne-ghislaine'>Reillanne Ghislaine<\/a><\/div>\n<h4 class=\"pt-cv-title\"><a href=\"https:\/\/bibliotheque-sfpe-at.com\/index.php\/2025\/03\/27\/au-dela-des-frontieres-brancusi-et-zao-wou-ki\/\" class=\"_self\" target=\"_self\" >Au-del\u00e0 des fronti\u00e8res\u00a0: Brancusi et Zao Wou-Ki<\/a><\/h4>\n<div class=\"pt-cv-content\">\u00ab L\u2019Homme ne se construit qu\u2019en poursuivant ce qui le d\u00e9passe \u00bb, disait Andr\u00e9 Malraux, comme si une fronti\u00e8re, une limite pos\u00e9e (toute protectrice ou gage d\u2019identit\u00e9 qu\u2019elle puisse \u00eatre), n\u2019avait d\u2019int\u00e9r\u00eat que si elle \u00e9tait transgress\u00e9e.Deux artistes du XX \u0364 si\u00e8cle, Brancusi et Zao &#8230;<\/div>\n<div class=\"pt-cv-rmwrap\"><a href=\"https:\/\/bibliotheque-sfpe-at.com\/index.php\/2025\/03\/27\/au-dela-des-frontieres-brancusi-et-zao-wou-ki\/\" class=\"_self pt-cv-readmore btn btn-success\" target=\"_self\" >Lire La Suite\u2026<\/a><\/div><\/div>\n<div class=\" pt-cv-content-item pt-cv-1-col\" ><div class=\"pt-cv-taxoterm above_title\"><a href='https:\/\/bibliotheque-sfpe-at.com\/index.php\/category\/auteurs\/poli-antonella\/' title='Poli Antonella' class='pt-cv-tax-poli-antonella'>Poli Antonella<\/a><a href='https:\/\/bibliotheque-sfpe-at.com\/index.php\/category\/auteurs\/vaysse-jocelyne\/' title='Vaysse Jocelyne' class='pt-cv-tax-vaysse-jocelyne'>Vaysse Jocelyne<\/a><\/div>\n<h4 class=\"pt-cv-title\"><a href=\"https:\/\/bibliotheque-sfpe-at.com\/index.php\/2025\/03\/27\/lemancipation-choregraphique-de-giselle\/\" class=\"_self\" target=\"_self\" >L\u2019\u00e9mancipation chor\u00e9graphique de Giselle<\/a><\/h4>\n<div class=\"pt-cv-content\">Fronti\u00e8re s\u00e9culaire et grand \u00e9cart contemporain Durant un si\u00e8cle et demi, le ballet Giselle (1841) des chor\u00e9graphes Jules Perrot et Jean Coralli a fascin\u00e9 : paysanne na\u00efve abus\u00e9e par un prince infid\u00e8le, devenue folle et morte de chagrin, willi fantastique \u00e9th\u00e9r\u00e9e et \u00ab jolie morte &#8230;<\/div>\n<div class=\"pt-cv-rmwrap\"><a href=\"https:\/\/bibliotheque-sfpe-at.com\/index.php\/2025\/03\/27\/lemancipation-choregraphique-de-giselle\/\" class=\"_self pt-cv-readmore btn btn-success\" target=\"_self\" >Lire La Suite\u2026<\/a><\/div><\/div>\n<div class=\" pt-cv-content-item pt-cv-1-col\" ><div class=\"pt-cv-taxoterm above_title\"><a href='https:\/\/bibliotheque-sfpe-at.com\/index.php\/category\/auteurs\/paradas-christophe\/' title='Paradas Christophe' class='pt-cv-tax-paradas-christophe'>Paradas Christophe<\/a><\/div>\n<h4 class=\"pt-cv-title\"><a href=\"https:\/\/bibliotheque-sfpe-at.com\/index.php\/2025\/03\/27\/aux-frontieres-psychiques-des-olmeques\/\" class=\"_self\" target=\"_self\" >Aux fronti\u00e8res psychiques des Olm\u00e8ques<\/a><\/h4>\n<div class=\"pt-cv-content\">\u00ab C\u2019est en cherchant les racines du Mexique ancien que l\u2019on d\u00e9couvre les siennes propres, ce qui nous relie \u00e0 ce monde de l\u00e9gendes et de splendeurs oubli\u00e9es \u00bb (Le Clezio). L\u2019antique monde des Olm\u00e8ques n\u2019existait sur aucune carte avant d\u2019\u00eatre sauvagement colonis\u00e9, puis vite &#8230;<\/div>\n<div class=\"pt-cv-rmwrap\"><a href=\"https:\/\/bibliotheque-sfpe-at.com\/index.php\/2025\/03\/27\/aux-frontieres-psychiques-des-olmeques\/\" class=\"_self pt-cv-readmore btn btn-success\" target=\"_self\" >Lire La Suite\u2026<\/a><\/div><\/div>\n<div class=\" pt-cv-content-item pt-cv-1-col\" ><div class=\"pt-cv-taxoterm above_title\"><a href='https:\/\/bibliotheque-sfpe-at.com\/index.php\/category\/auteurs\/bloess-georges\/' title='Bloess Georges' class='pt-cv-tax-bloess-georges'>Bloess Georges<\/a><\/div>\n<h4 class=\"pt-cv-title\"><a href=\"https:\/\/bibliotheque-sfpe-at.com\/index.php\/2025\/03\/27\/traces-de-pas-dans-les-marges\/\" class=\"_self\" target=\"_self\" >Traces de pas dans les marges<\/a><\/h4>\n<div class=\"pt-cv-content\">Pour la plupart d\u2019entre nous, d\u00e9cliner son identit\u00e9, son lieu de naissance, est chose simple. Pour quelques-uns, c\u2019est au contraire la plus malais\u00e9e. Questionn\u00e9 sur mes origines familiales, je suis incapable de me dire \u00ab Alsacien \u00bb ; je me d\u00e9clare \u00ab frontalier \u00bb. Cette &#8230;<\/div>\n<div class=\"pt-cv-rmwrap\"><a href=\"https:\/\/bibliotheque-sfpe-at.com\/index.php\/2025\/03\/27\/traces-de-pas-dans-les-marges\/\" class=\"_self pt-cv-readmore btn btn-success\" target=\"_self\" >Lire La Suite\u2026<\/a><\/div><\/div>\n<div class=\" pt-cv-content-item pt-cv-1-col\" ><div class=\"pt-cv-taxoterm above_title\"><a href='https:\/\/bibliotheque-sfpe-at.com\/index.php\/category\/auteurs\/martineau-jean-pierre\/' title='Martineau Jean-Pierre' class='pt-cv-tax-martineau-jean-pierre'>Martineau Jean-Pierre<\/a><\/div>\n<h4 class=\"pt-cv-title\"><a href=\"https:\/\/bibliotheque-sfpe-at.com\/index.php\/2025\/03\/27\/letoffe-des-passeurs-soigne-le-mal-des-frontieres\/\" class=\"_self\" target=\"_self\" >L\u2019\u00e9toffe des passeurs soigne le mal des fronti\u00e8res<\/a><\/h4>\n<div class=\"pt-cv-content\">Ceci n\u2019est pas un mot de passe, mais le pas th\u00e9tique que je risque, non \u00e0 partir d\u2019une carte, mais en revenant sur mon paysage frontalier catalan. Non moins pr\u00e9gnante que les attachements d\u2019enfance et le conflit \u0153dipien, chacun reste marqu\u00e9 par la lumi\u00e8re de &#8230;<\/div>\n<div class=\"pt-cv-rmwrap\"><a href=\"https:\/\/bibliotheque-sfpe-at.com\/index.php\/2025\/03\/27\/letoffe-des-passeurs-soigne-le-mal-des-frontieres\/\" class=\"_self pt-cv-readmore btn btn-success\" target=\"_self\" >Lire La Suite\u2026<\/a><\/div><\/div>\n<div class=\" pt-cv-content-item pt-cv-1-col\" ><div class=\"pt-cv-taxoterm above_title\"><a href='https:\/\/bibliotheque-sfpe-at.com\/index.php\/category\/auteurs\/pawlik-claude\/' title='Pawlik Claude' class='pt-cv-tax-pawlik-claude'>Pawlik Claude<\/a><\/div>\n<h4 class=\"pt-cv-title\"><a href=\"https:\/\/bibliotheque-sfpe-at.com\/index.php\/2025\/03\/27\/la-ville-machine-a-rever-lerrant\/\" class=\"_self\" target=\"_self\" >La ville, machine \u00e0 r\u00eaver l\u2019errant<\/a><\/h4>\n<div class=\"pt-cv-content\">La vie \u00e0 la rue est installation dans les marges et les flux (par exemple sur le talus du p\u00e9riph\u00e9rique, sur le banc d\u2019une gare). Tentative d\u2019une mise en pr\u00e9sence aux effets paradoxaux de l\u2019autre au risque de la pente d\u00e9symbolisante menant parfois jusqu\u2019aux ph\u00e9nom\u00e8nes &#8230;<\/div>\n<div class=\"pt-cv-rmwrap\"><a href=\"https:\/\/bibliotheque-sfpe-at.com\/index.php\/2025\/03\/27\/la-ville-machine-a-rever-lerrant\/\" class=\"_self pt-cv-readmore btn btn-success\" target=\"_self\" >Lire La Suite\u2026<\/a><\/div><\/div>\n<div class=\" pt-cv-content-item pt-cv-1-col\" ><div class=\"pt-cv-taxoterm above_title\"><a href='https:\/\/bibliotheque-sfpe-at.com\/index.php\/category\/auteurs\/stirn-senja\/' title='Stirn Senja' class='pt-cv-tax-stirn-senja'>Stirn Senja<\/a><\/div>\n<h4 class=\"pt-cv-title\"><a href=\"https:\/\/bibliotheque-sfpe-at.com\/index.php\/2025\/03\/27\/la-triple-frontiere-comme-perception-dun-reel-cinetique\/\" class=\"_self\" target=\"_self\" >La triple fronti\u00e8re comme perception d\u2019un r\u00e9el cin\u00e9tique<\/a><\/h4>\n<div class=\"pt-cv-content\">Un clin d\u2019\u0153il sur la vie et l\u2019\u0153uvre de Jean Tinguely Une fronti\u00e8re nous semble \u00eatre comme une ligne statique, une limitation \u00ab r\u00e9elle \u00bb dans l\u2019espace, mais en r\u00e9alit\u00e9 elle n\u2019est qu\u2019une illusion d\u2019optique puisqu\u2019elle est en mouvement perp\u00e9tuel. Jean Tinguely (1925-1991) vient de &#8230;<\/div>\n<div class=\"pt-cv-rmwrap\"><a href=\"https:\/\/bibliotheque-sfpe-at.com\/index.php\/2025\/03\/27\/la-triple-frontiere-comme-perception-dun-reel-cinetique\/\" class=\"_self pt-cv-readmore btn btn-success\" target=\"_self\" >Lire La Suite\u2026<\/a><\/div><\/div>\n<div class=\" pt-cv-content-item pt-cv-1-col\" ><div class=\"pt-cv-taxoterm above_title\"><a href='https:\/\/bibliotheque-sfpe-at.com\/index.php\/category\/auteurs\/france-kate\/' title='France Kate' class='pt-cv-tax-france-kate'>France Kate<\/a><a href='https:\/\/bibliotheque-sfpe-at.com\/index.php\/category\/auteurs\/klein-jean-pierre\/' title='Klein Jean-Pierre' class='pt-cv-tax-klein-jean-pierre'>Klein Jean-Pierre<\/a><\/div>\n<h4 class=\"pt-cv-title\"><a href=\"https:\/\/bibliotheque-sfpe-at.com\/index.php\/2025\/03\/27\/des-frontieres-aux-lignes-sur-une-cartede-la-destruction-reelle-a-la-construction-imaginaire\/\" class=\"_self\" target=\"_self\" >Des fronti\u00e8res aux lignes sur une carte,de la destruction r\u00e9elle \u00e0 la construction imaginaire<\/a><\/h4>\n<div class=\"pt-cv-content\">\u00c0 Art Refuge, dans le cadre du Secours Catholique \u00e0 Calais, les personnes exil\u00e9es montrent souvent des fragments de leur histoire sur leurs t\u00e9l\u00e9phones portables. D\u00e8s 2016, les ateliers ont lieu autour d\u2019une grande carte du monde color\u00e9e et plastifi\u00e9e : les fronti\u00e8res visibles sont &#8230;<\/div>\n<div class=\"pt-cv-rmwrap\"><a href=\"https:\/\/bibliotheque-sfpe-at.com\/index.php\/2025\/03\/27\/des-frontieres-aux-lignes-sur-une-cartede-la-destruction-reelle-a-la-construction-imaginaire\/\" class=\"_self pt-cv-readmore btn btn-success\" target=\"_self\" >Lire La Suite\u2026<\/a><\/div><\/div>\n<div class=\" pt-cv-content-item pt-cv-1-col\" ><div class=\"pt-cv-taxoterm above_title\"><a href='https:\/\/bibliotheque-sfpe-at.com\/index.php\/category\/auteurs\/helou-chesnot-odette\/' title='Helou-Chesnot Odette' class='pt-cv-tax-helou-chesnot-odette'>Helou-Chesnot Odette<\/a><\/div>\n<h4 class=\"pt-cv-title\"><a href=\"https:\/\/bibliotheque-sfpe-at.com\/index.php\/2025\/03\/27\/lart-therapie-par-largile-quelle-restructuration-des-limites-psychiques-apres-lexplosion-dans-le-port-de-beyrouth\/\" class=\"_self\" target=\"_self\" >L\u2019art-th\u00e9rapie par l\u2019argile : quelle restructuration des limites psychiques apr\u00e8s l\u2019explosion dans le port de Beyrouth ?<\/a><\/h4>\n<div class=\"pt-cv-content\">Le 4 ao\u00fbt 2020, une explosion a secou\u00e9 le port de Beyrouth, laissant derri\u00e8re elle des traumatismes physiques et psychiques profonds pour les victimes.Dix ateliers d\u2019art-th\u00e9rapie par l\u2019argile en groupe propos\u00e9s \u00e0 huit victimes (quatre hommes et quatre femmes) leur ont donn\u00e9 la possibilit\u00e9 de &#8230;<\/div>\n<div class=\"pt-cv-rmwrap\"><a href=\"https:\/\/bibliotheque-sfpe-at.com\/index.php\/2025\/03\/27\/lart-therapie-par-largile-quelle-restructuration-des-limites-psychiques-apres-lexplosion-dans-le-port-de-beyrouth\/\" class=\"_self pt-cv-readmore btn btn-success\" target=\"_self\" >Lire La Suite\u2026<\/a><\/div><\/div>\n<div class=\" pt-cv-content-item pt-cv-1-col\" ><div class=\"pt-cv-taxoterm above_title\"><a href='https:\/\/bibliotheque-sfpe-at.com\/index.php\/category\/auteurs\/chemin-isabelle\/' title='Chemin Isabelle' class='pt-cv-tax-chemin-isabelle'>Chemin Isabelle<\/a><\/div>\n<h4 class=\"pt-cv-title\"><a href=\"https:\/\/bibliotheque-sfpe-at.com\/index.php\/2025\/03\/27\/gommer-les-frontieres\/\" class=\"_self\" target=\"_self\" >Gommer les fronti\u00e8res<\/a><\/h4>\n<div class=\"pt-cv-content\">De moi vers l\u2019espace et de l\u2019espace vers moi, j\u2019apprivoise les distances et ma position dans ce grand vide o\u00f9 je me demande comment tiennent les \u00e9toiles ! Projet d\u2019art-th\u00e9rapie CompliceMot latin satelles (\u00ab compagnon \u00bb), le satellite devient un complice pour aider \u00e0 nommer &#8230;<\/div>\n<div class=\"pt-cv-rmwrap\"><a href=\"https:\/\/bibliotheque-sfpe-at.com\/index.php\/2025\/03\/27\/gommer-les-frontieres\/\" class=\"_self pt-cv-readmore btn btn-success\" target=\"_self\" >Lire La Suite\u2026<\/a><\/div><\/div>\n<div class=\" pt-cv-content-item pt-cv-1-col\" ><div class=\"pt-cv-taxoterm above_title\"><a href='https:\/\/bibliotheque-sfpe-at.com\/index.php\/category\/auteurs\/dournier-claire\/' title='Dournier Claire' class='pt-cv-tax-dournier-claire'>Dournier Claire<\/a><\/div>\n<h4 class=\"pt-cv-title\"><a href=\"https:\/\/bibliotheque-sfpe-at.com\/index.php\/2025\/03\/27\/frontieres-au-possible\/\" class=\"_self\" target=\"_self\" >Fronti\u00e8res au possible<\/a><\/h4>\n<div class=\"pt-cv-content\">La fronti\u00e8re peut se d\u00e9finir comme ligne imaginaire s\u00e9parant des territoires, o\u00f9 vivent des humains r\u00e9put\u00e9s pr\u00e9senter un trait commun d\u2019identit\u00e9 qui passe par la langue. L\u2019outil de l\u2019art-th\u00e9rapeute n\u2019est pas en premier lieu la parole. Il vise un mouvement d\u2019expression, d\u2019une r\u00e9alit\u00e9 int\u00e9rieure hors &#8230;<\/div>\n<div class=\"pt-cv-rmwrap\"><a href=\"https:\/\/bibliotheque-sfpe-at.com\/index.php\/2025\/03\/27\/frontieres-au-possible\/\" class=\"_self pt-cv-readmore btn btn-success\" target=\"_self\" >Lire La Suite\u2026<\/a><\/div><\/div>\n<div class=\" pt-cv-content-item pt-cv-1-col\" ><div class=\"pt-cv-taxoterm above_title\"><a href='https:\/\/bibliotheque-sfpe-at.com\/index.php\/category\/auteurs\/katz-mazilu-irina\/' title='Katz-Mazilu Irina' class='pt-cv-tax-katz-mazilu-irina'>Katz-Mazilu Irina<\/a><\/div>\n<h4 class=\"pt-cv-title\"><a href=\"https:\/\/bibliotheque-sfpe-at.com\/index.php\/2025\/03\/27\/du-point-a-langle-une-dynamique\/\" class=\"_self\" target=\"_self\" >Du point \u00e0 l\u2019angle, une dynamique<\/a><\/h4>\n<div class=\"pt-cv-content\">Il n\u2019y a pas de fronti\u00e8re dans l\u2019infini de l\u2019existant, mais des territoires, fluctuants et n\u00e9gociables, o\u00f9 chaque entit\u00e9 doit avoir sa juste place. Il en va ainsi des constellations, des galaxies et des syst\u00e8mes solaires \u2014 et de notre Terre avec sa biosph\u00e8re et &#8230;<\/div>\n<div class=\"pt-cv-rmwrap\"><a href=\"https:\/\/bibliotheque-sfpe-at.com\/index.php\/2025\/03\/27\/du-point-a-langle-une-dynamique\/\" class=\"_self pt-cv-readmore btn btn-success\" target=\"_self\" >Lire La Suite\u2026<\/a><\/div><\/div>\n<div class=\" pt-cv-content-item pt-cv-1-col\" ><div class=\"pt-cv-taxoterm above_title\"><a href='https:\/\/bibliotheque-sfpe-at.com\/index.php\/category\/auteurs\/marsat-martine\/' title='Marsat Martine' class='pt-cv-tax-marsat-martine'>Marsat Martine<\/a><\/div>\n<h4 class=\"pt-cv-title\"><a href=\"https:\/\/bibliotheque-sfpe-at.com\/index.php\/2025\/03\/27\/les-frontieres-repousseesdans-la-litterature-et-la-peinture-entre-le-xixe-et-le-xxe-siecle\/\" class=\"_self\" target=\"_self\" >Les fronti\u00e8res repouss\u00e9es, dans la litt\u00e9rature et la peinture entre le XIXe et le XXe si\u00e8cle<\/a><\/h4>\n<div class=\"pt-cv-content\">Au cours des XIXe et XXe si\u00e8cles, la fronti\u00e8re en tant que limite a \u00e9t\u00e9 un th\u00e8me majeur dans l\u2019\u00e9volution de l\u2019art litt\u00e9raire et pictural. Les repr\u00e9sentations visuelles du concept de fronti\u00e8re offrent une perspective unique servant de sources exploratoires aux questions fondamentales de l\u2019existence &#8230;<\/div>\n<div class=\"pt-cv-rmwrap\"><a href=\"https:\/\/bibliotheque-sfpe-at.com\/index.php\/2025\/03\/27\/les-frontieres-repousseesdans-la-litterature-et-la-peinture-entre-le-xixe-et-le-xxe-siecle\/\" class=\"_self pt-cv-readmore btn btn-success\" target=\"_self\" >Lire La Suite\u2026<\/a><\/div><\/div>\n<div class=\" pt-cv-content-item pt-cv-1-col\" ><div class=\"pt-cv-taxoterm above_title\"><a href='https:\/\/bibliotheque-sfpe-at.com\/index.php\/category\/auteurs\/masson-sophie\/' title='Masson Sophie' class='pt-cv-tax-masson-sophie'>Masson Sophie<\/a><\/div>\n<h4 class=\"pt-cv-title\"><a href=\"https:\/\/bibliotheque-sfpe-at.com\/index.php\/2025\/03\/27\/les-frontieres-dans-ma-pratique-en-art-therapie\/\" class=\"_self\" target=\"_self\" >Les Fronti\u00e8res dans ma pratique en art-th\u00e9rapie<\/a><\/h4>\n<div class=\"pt-cv-content\">Je propose de partager mon exp\u00e9rience et mes interrogations sur ma pratique en art-th\u00e9rapie en lien avec ce th\u00e8me \u00ab fronti\u00e8res \u00bb. J\u2019ai pu rep\u00e9rer en effet plusieurs fronti\u00e8res et territoires dans mon activit\u00e9 professionnelle. Dans mon institution, l\u2019atelier est situ\u00e9 en p\u00e9riph\u00e9rie. Il faut &#8230;<\/div>\n<div class=\"pt-cv-rmwrap\"><a href=\"https:\/\/bibliotheque-sfpe-at.com\/index.php\/2025\/03\/27\/les-frontieres-dans-ma-pratique-en-art-therapie\/\" class=\"_self pt-cv-readmore btn btn-success\" target=\"_self\" >Lire La Suite\u2026<\/a><\/div><\/div>\n<div class=\" pt-cv-content-item pt-cv-1-col\" ><div class=\"pt-cv-taxoterm above_title\"><a href='https:\/\/bibliotheque-sfpe-at.com\/index.php\/category\/auteurs\/deck-antoine\/' title='Deck Antoine' class='pt-cv-tax-deck-antoine'>Deck Antoine<\/a><\/div>\n<h4 class=\"pt-cv-title\"><a href=\"https:\/\/bibliotheque-sfpe-at.com\/index.php\/2025\/03\/27\/de-lutilite-du-langage-musical-pour-repenser-le-dispositif-therapeutique-en-cmp\/\" class=\"_self\" target=\"_self\" >De l\u2019utilit\u00e9 du langage musical pour repenser le dispositif th\u00e9rapeutique en CMP<\/a><\/h4>\n<div class=\"pt-cv-content\">La pratique clinique en CMP enfants et adolescents nous renvoie \u00e0 de nombreuses difficult\u00e9s en tant que jeunes dipl\u00f4m\u00e9s.Mon utilisation de la musique, que je pratique depuis de nombreuses ann\u00e9es, est devenu un outil clinique face \u00e0 des situations complexes. C\u2019est alors que l\u2019id\u00e9e de &#8230;<\/div>\n<div class=\"pt-cv-rmwrap\"><a href=\"https:\/\/bibliotheque-sfpe-at.com\/index.php\/2025\/03\/27\/de-lutilite-du-langage-musical-pour-repenser-le-dispositif-therapeutique-en-cmp\/\" class=\"_self pt-cv-readmore btn btn-success\" target=\"_self\" >Lire La Suite\u2026<\/a><\/div><\/div>\n<div class=\" pt-cv-content-item pt-cv-1-col\" ><div class=\"pt-cv-taxoterm above_title\"><a href='https:\/\/bibliotheque-sfpe-at.com\/index.php\/category\/auteurs\/barthelemy-jean-marie\/' title='Barth\u00e9l\u00e9my Jean-Marie' class='pt-cv-tax-barthelemy-jean-marie'>Barth\u00e9l\u00e9my Jean-Marie<\/a><\/div>\n<h4 class=\"pt-cv-title\"><a href=\"https:\/\/bibliotheque-sfpe-at.com\/index.php\/2025\/03\/27\/etats-limites-borderline-situations-limites-carrefour-epistemologique-et-hermeneutiquede-la-nosographie-psychiatrique-et-de-la-psychopathologie\/\" class=\"_self\" target=\"_self\" >\u00c9tats limites, borderline, situations limites. Carrefour \u00e9pist\u00e9mologique et herm\u00e9neutiquede la nosographie psychiatrique et de la psychopathologie<\/a><\/h4>\n<div class=\"pt-cv-content\">En pr\u00e9ambule d\u2019un article sur les \u00e9tats limites, Fran\u00e7oise Chaine et Julien-Daniel Guelfi d\u00e9clarent que \u00ab le concept d\u2019\u201c\u00e9tat limite\u201d (borderline) \u00e9voque tout \u00e0 la fois les notions de fronti\u00e8re entre le normal et le pathologique, ou entre n\u00e9vrose et psychose, et celles d\u2019une organisation &#8230;<\/div>\n<div class=\"pt-cv-rmwrap\"><a href=\"https:\/\/bibliotheque-sfpe-at.com\/index.php\/2025\/03\/27\/etats-limites-borderline-situations-limites-carrefour-epistemologique-et-hermeneutiquede-la-nosographie-psychiatrique-et-de-la-psychopathologie\/\" class=\"_self pt-cv-readmore btn btn-success\" target=\"_self\" >Lire La Suite\u2026<\/a><\/div><\/div>\n<div class=\" pt-cv-content-item pt-cv-1-col\" ><div class=\"pt-cv-taxoterm above_title\"><a href='https:\/\/bibliotheque-sfpe-at.com\/index.php\/category\/auteurs\/coeur-joly-florian\/' title='C\u0153ur-Joly Florian' class='pt-cv-tax-coeur-joly-florian'>C\u0153ur-Joly Florian<\/a><\/div>\n<h4 class=\"pt-cv-title\"><a href=\"https:\/\/bibliotheque-sfpe-at.com\/index.php\/2025\/03\/27\/la-frontiere-ce-terme-etat-limite\/\" class=\"_self\" target=\"_self\" >La fronti\u00e8re, ce terme \u00e9tat limite<\/a><\/h4>\n<div class=\"pt-cv-content\">La fronti\u00e8re rythme l\u2019existence de l\u2019homme. Elle lui permet de se singulariser, de se prot\u00e9ger, de percevoir. Elle se manifeste par des coupures, des discontinuit\u00e9s qui aident \u00e0 distinguer des registres, des lieux\u2026 Elle op\u00e8re des s\u00e9parations en d\u00e9limitant un dehors d\u2019un dedans. Cependant, la &#8230;<\/div>\n<div class=\"pt-cv-rmwrap\"><a href=\"https:\/\/bibliotheque-sfpe-at.com\/index.php\/2025\/03\/27\/la-frontiere-ce-terme-etat-limite\/\" class=\"_self pt-cv-readmore btn btn-success\" target=\"_self\" >Lire La Suite\u2026<\/a><\/div><\/div>\n<div class=\" pt-cv-content-item pt-cv-1-col\" ><div class=\"pt-cv-taxoterm above_title\"><a href='https:\/\/bibliotheque-sfpe-at.com\/index.php\/category\/auteurs\/ferrieres-pestureau-suzanne\/' title='Ferri\u00e8res-Pestureau Suzanne' class='pt-cv-tax-ferrieres-pestureau-suzanne'>Ferri\u00e8res-Pestureau Suzanne<\/a><\/div>\n<h4 class=\"pt-cv-title\"><a href=\"https:\/\/bibliotheque-sfpe-at.com\/index.php\/2025\/03\/27\/limaginaire-de-la-frontiere-dans-loeuvre-de-francoise-petrovitch\/\" class=\"_self\" target=\"_self\" >L\u2019imaginaire de la fronti\u00e8re dans l\u2019\u0153uvre de Fran\u00e7oise P\u00e9trovitch<\/a><\/h4>\n<div class=\"pt-cv-content\">Fran\u00e7oise P\u00e9trovitch se joue des d\u00e9limitations conventionnelles et outrepasse les cat\u00e9gories temporelles pour explorer la fronti\u00e8re poreuse, perm\u00e9able et flottante, qui s\u00e9pare l\u2019humain de l\u2019animal, l\u2019enfance du monde adulte, le sexe masculin du sexe f\u00e9minin. \u00c0 travers des techniques aussi diverses que le dessin, le &#8230;<\/div>\n<div class=\"pt-cv-rmwrap\"><a href=\"https:\/\/bibliotheque-sfpe-at.com\/index.php\/2025\/03\/27\/limaginaire-de-la-frontiere-dans-loeuvre-de-francoise-petrovitch\/\" class=\"_self pt-cv-readmore btn btn-success\" target=\"_self\" >Lire La Suite\u2026<\/a><\/div><\/div>\n<div class=\" pt-cv-content-item pt-cv-1-col\" ><div class=\"pt-cv-taxoterm above_title\"><a href='https:\/\/bibliotheque-sfpe-at.com\/index.php\/category\/auteurs\/cassayre-sylvie\/' title='Cassayre Sylvie' class='pt-cv-tax-cassayre-sylvie'>Cassayre Sylvie<\/a><\/div>\n<h4 class=\"pt-cv-title\"><a href=\"https:\/\/bibliotheque-sfpe-at.com\/index.php\/2025\/03\/27\/la-barque-et-le-passeur-dans-les-planches-courbes-dyves-bonnefoy-1923-2016\/\" class=\"_self\" target=\"_self\" >La barque et le passeur dans Les Planches courbes d\u2019Yves Bonnefoy (1923-2016)<\/a><\/h4>\n<div class=\"pt-cv-content\">Le recueil de po\u00e8mes Les Planches courbes est publi\u00e9 en 2001. Il contient plusieurs sections, dont un r\u00e9cit en prose, paru une premi\u00e8re fois en 1998, qui donne le titre \u00e0 l\u2019ensemble de l\u2019ouvrage. Les planches courbes figurent tant\u00f4t un navire, tant\u00f4t une simple barque, &#8230;<\/div>\n<div class=\"pt-cv-rmwrap\"><a href=\"https:\/\/bibliotheque-sfpe-at.com\/index.php\/2025\/03\/27\/la-barque-et-le-passeur-dans-les-planches-courbes-dyves-bonnefoy-1923-2016\/\" class=\"_self pt-cv-readmore btn btn-success\" target=\"_self\" >Lire La Suite\u2026<\/a><\/div><\/div>\n<div class=\" pt-cv-content-item pt-cv-1-col\" ><div class=\"pt-cv-taxoterm above_title\"><a href='https:\/\/bibliotheque-sfpe-at.com\/index.php\/category\/auteurs\/vasseur-alain\/' title='Vasseur Alain' class='pt-cv-tax-vasseur-alain'>Vasseur Alain<\/a><\/div>\n<h4 class=\"pt-cv-title\"><a href=\"https:\/\/bibliotheque-sfpe-at.com\/index.php\/2025\/03\/31\/jesans-frontieres\/\" class=\"_self\" target=\"_self\" >Je\u2026sans fronti\u00e8res<\/a><\/h4>\n<div class=\"pt-cv-content\">\u00ab [\u2026] D\u00e9j\u00e0 ses sensations intuitives avaient cette acuit\u00e9 qui doit appartenir aux perceptions intellectuelles des grands po\u00e8tes et les faire approcher de la folie. \u00bb Dans la maladie mentale, l\u2019ins\u00e9curit\u00e9 se traduit souvent par un envahissement. D\u00e9poss\u00e9d\u00e9 en son propre corps par des r\u00e9actions &#8230;<\/div>\n<div class=\"pt-cv-rmwrap\"><a href=\"https:\/\/bibliotheque-sfpe-at.com\/index.php\/2025\/03\/31\/jesans-frontieres\/\" class=\"_self pt-cv-readmore btn btn-success\" target=\"_self\" >Lire La Suite\u2026<\/a><\/div><\/div><\/div><\/div> <\/div> <style>\n\n#pt-cv-view-3i0h7lt2 .pt-cv-meta-fields {  }#pt-cv-view-3i0h7lt2 .pt-cv-meta-fields * { font-size: 13px; }#pt-cv-view-3i0h7lt2 .pt-cv-thumb-wrapper:not(.miniwrap) {  }#pt-cv-view-3i0h7lt2 .pt-cv-thumbnail:not(.pt-cv-thumbnailsm) { height: 250px; }#pt-cv-view-3i0h7lt2 .pt-cv-title a { display: block;color: #a83838; }#pt-cv-view-3i0h7lt2 .pt-cv-title:not(.pt-cv-titlesm) a { font-weight: 600;text-decoration: none;font-size: 20px; }#pt-cv-view-3i0h7lt2 .pt-cv-titlesm a { font-weight: 600;font-size: 18px; }#pt-cv-view-3i0h7lt2 .pt-cv-content { font-size: 12px; }#pt-cv-view-3i0h7lt2 .pt-cv-rmwrap {  }#pt-cv-view-3i0h7lt2 .pt-cv-readmore { color: #951a1a;background-color: #ffffff00;font-style: italic;font-size: 12px; }#pt-cv-view-3i0h7lt2 .pt-cv-taxoterm {  }#pt-cv-view-3i0h7lt2 .pt-cv-taxoterm * { color: #9badb7;background-color: #f5f0f057;border-style: solid;font-size: 14px;border-width: 1.5px 1.5px 1.5px 1.5px;border-radius: 8px 8px 8px 8px; }#pt-cv-view-3i0h7lt2 + .pt-cv-pagination-wrapper {  }#pt-cv-view-3i0h7lt2 + .pt-cv-pagination-wrapper a { font-size: 14px; }#pt-cv-view-3i0h7lt2 > .pt-cv-page {grid-template-columns: repeat(4, 1fr);grid-gap: 13px;}\n@media all and (max-width: 1024px) { \n#pt-cv-view-3i0h7lt2 > .pt-cv-page {}\n} \n@media all and (max-width: 767px) { \n#pt-cv-view-3i0h7lt2 > .pt-cv-page {grid-template-columns: repeat(1, 1fr);}\n} <\/style>\n\n\n<p><\/p>\n","protected":false},"excerpt":{"rendered":"<p>S\u2019il existe bien un mot fronti\u00e8re, c\u2019est celui d\u2019art-th\u00e9rapie, avec toutes ses ambigu\u00eft\u00e9s \u2014 synth\u00e8se ou oxymore ? Cartes et territoires ne manquent pas, aussi bien du c\u00f4t\u00e9 de la psychopathologie de l\u2019expression, avec les d\u00e9lires de Opicinius de Canistris, les cartes de Deligny, les cartographes de l\u2019Art Brut, que&hellip;<\/p>\n","protected":false},"author":2,"featured_media":4775,"comment_status":"closed","ping_status":"open","sticky":false,"template":"","format":"standard","meta":{"pmpro_default_level":"","ngg_post_thumbnail":0,"footnotes":""},"categories":[2],"tags":[27],"class_list":["post-4774","post","type-post","status-publish","format-standard","has-post-thumbnail","hentry","category-journees-dautomne","tag-apres-2010","pmpro-has-access"],"_links":{"self":[{"href":"https:\/\/bibliotheque-sfpe-at.com\/index.php\/wp-json\/wp\/v2\/posts\/4774","targetHints":{"allow":["GET"]}}],"collection":[{"href":"https:\/\/bibliotheque-sfpe-at.com\/index.php\/wp-json\/wp\/v2\/posts"}],"about":[{"href":"https:\/\/bibliotheque-sfpe-at.com\/index.php\/wp-json\/wp\/v2\/types\/post"}],"author":[{"embeddable":true,"href":"https:\/\/bibliotheque-sfpe-at.com\/index.php\/wp-json\/wp\/v2\/users\/2"}],"replies":[{"embeddable":true,"href":"https:\/\/bibliotheque-sfpe-at.com\/index.php\/wp-json\/wp\/v2\/comments?post=4774"}],"version-history":[{"count":3,"href":"https:\/\/bibliotheque-sfpe-at.com\/index.php\/wp-json\/wp\/v2\/posts\/4774\/revisions"}],"predecessor-version":[{"id":4890,"href":"https:\/\/bibliotheque-sfpe-at.com\/index.php\/wp-json\/wp\/v2\/posts\/4774\/revisions\/4890"}],"wp:featuredmedia":[{"embeddable":true,"href":"https:\/\/bibliotheque-sfpe-at.com\/index.php\/wp-json\/wp\/v2\/media\/4775"}],"wp:attachment":[{"href":"https:\/\/bibliotheque-sfpe-at.com\/index.php\/wp-json\/wp\/v2\/media?parent=4774"}],"wp:term":[{"taxonomy":"category","embeddable":true,"href":"https:\/\/bibliotheque-sfpe-at.com\/index.php\/wp-json\/wp\/v2\/categories?post=4774"},{"taxonomy":"post_tag","embeddable":true,"href":"https:\/\/bibliotheque-sfpe-at.com\/index.php\/wp-json\/wp\/v2\/tags?post=4774"}],"curies":[{"name":"wp","href":"https:\/\/api.w.org\/{rel}","templated":true}]}}