{"id":4777,"date":"2025-03-26T12:20:24","date_gmt":"2025-03-26T11:20:24","guid":{"rendered":"https:\/\/bibliotheque-sfpe-at.com\/?p=4777"},"modified":"2025-03-26T12:36:42","modified_gmt":"2025-03-26T11:36:42","slug":"resistance","status":"publish","type":"post","link":"https:\/\/bibliotheque-sfpe-at.com\/index.php\/2025\/03\/26\/resistance\/","title":{"rendered":"R\u00e9sistance"},"content":{"rendered":"<div class=\"wp-block-image\">\n<figure class=\"alignright size-large is-resized\"><a href=\"https:\/\/bibliotheque-sfpe-at.com\/wp-content\/uploads\/2025\/03\/RA020-Resistance.jpg\"><img loading=\"lazy\" decoding=\"async\" width=\"724\" height=\"1024\" src=\"https:\/\/bibliotheque-sfpe-at.com\/wp-content\/uploads\/2025\/03\/RA020-Resistance-724x1024.jpg\" alt=\"\" class=\"wp-image-4778\" style=\"width:350px\" srcset=\"https:\/\/bibliotheque-sfpe-at.com\/wp-content\/uploads\/2025\/03\/RA020-Resistance-724x1024.jpg 724w, https:\/\/bibliotheque-sfpe-at.com\/wp-content\/uploads\/2025\/03\/RA020-Resistance-212x300.jpg 212w, https:\/\/bibliotheque-sfpe-at.com\/wp-content\/uploads\/2025\/03\/RA020-Resistance-768x1086.jpg 768w, https:\/\/bibliotheque-sfpe-at.com\/wp-content\/uploads\/2025\/03\/RA020-Resistance-241x340.jpg 241w, https:\/\/bibliotheque-sfpe-at.com\/wp-content\/uploads\/2025\/03\/RA020-Resistance-425x600.jpg 425w, https:\/\/bibliotheque-sfpe-at.com\/wp-content\/uploads\/2025\/03\/RA020-Resistance.jpg 849w\" sizes=\"auto, (max-width: 724px) 100vw, 724px\" \/><\/a><\/figure>\n<\/div>\n\n\n<p>Les formes de r\u00e9sistance sont multiples aussi bien dans la vie quotidienne, que sociale, intellectuelle et culturelle, et l\u2019Histoire. Elles le sont aussi dans le domaine de l\u2019art \u00e0 toutes ses \u00e9poques, ainsi que dans celui de la psychopathologie. Elles peuvent avoir des effets positifs ou n\u00e9gatifs, \u00eatre force ou faiblesse, et sont \u00e0 nuancer avec la r\u00e9silience. Elles valent aussi bien pour l\u2019artiste face \u00e0 son m\u00e9dium ou au milieu de son \u00e9poque, que pour le patient en prise avec ses troubles, et pour le th\u00e9rapeute dans ses strat\u00e9gies, individuelles ou institutionnelles, voire associatives. Comment s\u2019y adapter, les contourner, ou au contraire les respecter ou les renforcer ? Quels rapports avec la cr\u00e9ation, quelle place dans la vie des cr\u00e9ateurs, selon quels exemples ? Et pour l\u2019art-th\u00e9rapie quels impacts sur sa pratique, son d\u00e9roulement, ses indications, ses r\u00e9sultats, et les productions elles-m\u00eames ? Savoir g\u00e9rer la r\u00e9sistance, manifeste ou latente, est souvent au c\u0153ur du processus, quelles qu&rsquo;en soient l&rsquo;origine et les significations.<br>Fran\u00e7ois Granier, Pr\u00e9sident de la SFPE-AT<\/p>\n\n\n<div class='pt-cv-wrapper'> <div class=\"pt-cv-view pt-cv-blockgrid iscvblock iscvreal grid1 layout2 cveffect-zoomin\" id=\"pt-cv-view-3i0h7lt2\"><div data-id=\"pt-cv-page-1\" class=\"pt-cv-page\" data-cvc=\"4\"><div class=\" pt-cv-content-item pt-cv-1-col\" ><div class=\"pt-cv-taxoterm above_title\"><a href='https:\/\/bibliotheque-sfpe-at.com\/index.php\/category\/auteurs\/barthelemy-jean-marie\/' title='Barth\u00e9l\u00e9my Jean-Marie' class='pt-cv-tax-barthelemy-jean-marie'>Barth\u00e9l\u00e9my Jean-Marie<\/a><\/div>\n<h4 class=\"pt-cv-title\"><a href=\"https:\/\/bibliotheque-sfpe-at.com\/index.php\/2025\/03\/26\/interiorites-et-interiorisation-de-la-resistance\/\" class=\"_self\" target=\"_self\" >Int\u00e9riorit\u00e9s et int\u00e9riorisation de la r\u00e9sistance<\/a><\/h4>\n<div class=\"pt-cv-content\">\u00ab \u00c0 partir de quand avez-vous compris que vous \u00e9tiez r\u00e9sistant, Adolfo ? \u00bbLors d\u2019un entretien au sortir tenace de sa longue vie, Adolfo Kaminsky r\u00e9pondait en ces termes \u00e0 cette invite liminaire de la journaliste :\u00ab C\u2019est-\u00e0-dire, j\u2019ai \u00e9t\u00e9 r\u00e9sistant d\u00e8s l\u2019arriv\u00e9e des Allemands &#8230;<\/div>\n<div class=\"pt-cv-rmwrap\"><a href=\"https:\/\/bibliotheque-sfpe-at.com\/index.php\/2025\/03\/26\/interiorites-et-interiorisation-de-la-resistance\/\" class=\"_self pt-cv-readmore btn btn-success\" target=\"_self\" >Lire La Suite\u2026<\/a><\/div><\/div>\n<div class=\" pt-cv-content-item pt-cv-1-col\" ><div class=\"pt-cv-taxoterm above_title\"><a href='https:\/\/bibliotheque-sfpe-at.com\/index.php\/category\/auteurs\/mourtada-youssef\/' title='Mourtada Youssef' class='pt-cv-tax-mourtada-youssef'>Mourtada Youssef<\/a><\/div>\n<h4 class=\"pt-cv-title\"><a href=\"https:\/\/bibliotheque-sfpe-at.com\/index.php\/2025\/03\/26\/le-non-et-le-nom\/\" class=\"_self\" target=\"_self\" >Le Non et le Nom<\/a><\/h4>\n<div class=\"pt-cv-content\">Ce qui r\u00e9siste, c\u2019est un corps, et il n\u2019y a point de r\u00e9silience sans r\u00e9sistance. Le drame des tortionnaires en tous genres, des inquisiteurs \u00e0 la Gestapo et de tous les services secrets incapables de secret, c\u2019est leur impuissance face \u00e0 un corps.Du Christ \u00e0 &#8230;<\/div>\n<div class=\"pt-cv-rmwrap\"><a href=\"https:\/\/bibliotheque-sfpe-at.com\/index.php\/2025\/03\/26\/le-non-et-le-nom\/\" class=\"_self pt-cv-readmore btn btn-success\" target=\"_self\" >Lire La Suite\u2026<\/a><\/div><\/div>\n<div class=\" pt-cv-content-item pt-cv-1-col\" ><div class=\"pt-cv-taxoterm above_title\"><a href='https:\/\/bibliotheque-sfpe-at.com\/index.php\/category\/auteurs\/vasseur-alain\/' title='Vasseur Alain' class='pt-cv-tax-vasseur-alain'>Vasseur Alain<\/a><\/div>\n<h4 class=\"pt-cv-title\"><a href=\"https:\/\/bibliotheque-sfpe-at.com\/index.php\/2025\/03\/26\/etre-un-sans-resister-a-ce-que-nous-sommes\/\" class=\"_self\" target=\"_self\" >\u00catre un\u2026 sans r\u00e9sister \u00e0 ce que nous sommes<\/a><\/h4>\n<div class=\"pt-cv-content\">\u00c0 chaque conflit, l\u2019humain est condamn\u00e9 \u00e0 \u00e9clater l\u2019espace-temps qui lui est personnel pour commencer \u00ab une seconde fois \u00bb. Quand le tableau de notre monde int\u00e9rieur devient trop bruyant ou trop morcel\u00e9, s\u2019exprimer, cr\u00e9er, ce n\u2019est pas oublier, c\u2019est juste reprendre plus \u00e0 neuf, &#8230;<\/div>\n<div class=\"pt-cv-rmwrap\"><a href=\"https:\/\/bibliotheque-sfpe-at.com\/index.php\/2025\/03\/26\/etre-un-sans-resister-a-ce-que-nous-sommes\/\" class=\"_self pt-cv-readmore btn btn-success\" target=\"_self\" >Lire La Suite\u2026<\/a><\/div><\/div>\n<div class=\" pt-cv-content-item pt-cv-1-col\" ><div class=\"pt-cv-taxoterm above_title\"><a href='https:\/\/bibliotheque-sfpe-at.com\/index.php\/category\/auteurs\/boulanger-christophe\/' title='Boulanger Christophe' class='pt-cv-tax-boulanger-christophe'>Boulanger Christophe<\/a><\/div>\n<h4 class=\"pt-cv-title\"><a href=\"https:\/\/bibliotheque-sfpe-at.com\/index.php\/2025\/03\/26\/creer-et-resister-a-saint-alban-1940-1945\/\" class=\"_self\" target=\"_self\" >Cr\u00e9er et r\u00e9sister \u00e0 Saint-Alban, 1940-1945<\/a><\/h4>\n<div class=\"pt-cv-content\">L\u2019association des termes \u00ab r\u00e9sistance \u00bb et \u00ab clinique \u00bb nous conduit \u00e0 \u00e9voquer l\u2019h\u00f4pital psychiatrique de Saint-Alban, en Loz\u00e8re, consid\u00e9r\u00e9 comme un lieu symptomatique de r\u00e9sistance : liens avec les r\u00e9seaux de publications clandestines, lieu d\u2019accueil de r\u00e9sistants et de pers\u00e9cut\u00e9s. Il est aussi &#8230;<\/div>\n<div class=\"pt-cv-rmwrap\"><a href=\"https:\/\/bibliotheque-sfpe-at.com\/index.php\/2025\/03\/26\/creer-et-resister-a-saint-alban-1940-1945\/\" class=\"_self pt-cv-readmore btn btn-success\" target=\"_self\" >Lire La Suite\u2026<\/a><\/div><\/div>\n<div class=\" pt-cv-content-item pt-cv-1-col\" ><div class=\"pt-cv-taxoterm above_title\"><a href='https:\/\/bibliotheque-sfpe-at.com\/index.php\/category\/auteurs\/martineau-jean-pierre\/' title='Martineau Jean-Pierre' class='pt-cv-tax-martineau-jean-pierre'>Martineau Jean-Pierre<\/a><\/div>\n<h4 class=\"pt-cv-title\"><a href=\"https:\/\/bibliotheque-sfpe-at.com\/index.php\/2025\/03\/26\/resistances-au-feminin-devoilement-des-antigones\/\" class=\"_self\" target=\"_self\" >R\u00e9sistances au f\u00e9minin. D\u00e9voilement des Antigones<\/a><\/h4>\n<div class=\"pt-cv-content\">Obligado. L\u2019actualit\u00e9 nous oblige, celle des Antigones qui r\u00e9sistent \u00e0 la terreur dans l\u2019Ukraine attaqu\u00e9e et dans plusieurs pays du Moyen-Orient, o\u00f9 l\u2019int\u00e9grisme religieux aggrave les interdits que la tradition impose aux filles, d\u00e8s leur pubert\u00e9, \u00e0 leur d\u00e9sir d\u2019\u00eatre regard\u00e9es mais aussi de pouvoir &#8230;<\/div>\n<div class=\"pt-cv-rmwrap\"><a href=\"https:\/\/bibliotheque-sfpe-at.com\/index.php\/2025\/03\/26\/resistances-au-feminin-devoilement-des-antigones\/\" class=\"_self pt-cv-readmore btn btn-success\" target=\"_self\" >Lire La Suite\u2026<\/a><\/div><\/div>\n<div class=\" pt-cv-content-item pt-cv-1-col\" ><div class=\"pt-cv-taxoterm above_title\"><a href='https:\/\/bibliotheque-sfpe-at.com\/index.php\/category\/auteurs\/pedrinis-roberta\/' title='Pedrinis Roberta' class='pt-cv-tax-pedrinis-roberta'>Pedrinis Roberta<\/a><\/div>\n<h4 class=\"pt-cv-title\"><a href=\"https:\/\/bibliotheque-sfpe-at.com\/index.php\/2025\/03\/26\/resister-pour-exister\/\" class=\"_self\" target=\"_self\" >R\u00e9sister pour exister<\/a><\/h4>\n<div class=\"pt-cv-content\">Libert\u00e9, expression et cr\u00e9ativit\u00e9 : la le\u00e7on basaglienne Comme beaucoup d\u2019autres pays, et notamment la France, l\u2019Italie a \u00e9galement assist\u00e9 au d\u00e9veloppement, sur son territoire, d\u2019un processus historique jalonn\u00e9 par des connexions qui se tissent constamment entre des orientations cliniques-diagnostiques et la productivit\u00e9 artistique des &#8230;<\/div>\n<div class=\"pt-cv-rmwrap\"><a href=\"https:\/\/bibliotheque-sfpe-at.com\/index.php\/2025\/03\/26\/resister-pour-exister\/\" class=\"_self pt-cv-readmore btn btn-success\" target=\"_self\" >Lire La Suite\u2026<\/a><\/div><\/div>\n<div class=\" pt-cv-content-item pt-cv-1-col\" ><div class=\"pt-cv-taxoterm above_title\"><a href='https:\/\/bibliotheque-sfpe-at.com\/index.php\/category\/auteurs\/chemama-steiner-beatrice\/' title='Chemama-Steiner B\u00e9atrice' class='pt-cv-tax-chemama-steiner-beatrice'>Chemama-Steiner B\u00e9atrice<\/a><\/div>\n<h4 class=\"pt-cv-title\"><a href=\"https:\/\/bibliotheque-sfpe-at.com\/index.php\/2025\/03\/26\/quand-la-logique-fait-front\/\" class=\"_self\" target=\"_self\" >Quand la logique fait front<\/a><\/h4>\n<div class=\"pt-cv-content\">M\u00e9moires d\u2019une ali\u00e9n\u00e9e (1883), Hersilie Rouy (1814-1881) \u00ab\u00a0Vous \u00eates Hersilie Rouy\u00a0?\u2014\u00a0Vous le dites\u00a0!\u00a0\u00bb En fait, question cruciale, car c\u2019est le nom de Mlle Chevalier qui va poursuivre Hersilie, malgr\u00e9 ses protestations, tout au long de son hospitalisation de treize ann\u00e9es. Plus elle proteste, plus on &#8230;<\/div>\n<div class=\"pt-cv-rmwrap\"><a href=\"https:\/\/bibliotheque-sfpe-at.com\/index.php\/2025\/03\/26\/quand-la-logique-fait-front\/\" class=\"_self pt-cv-readmore btn btn-success\" target=\"_self\" >Lire La Suite\u2026<\/a><\/div><\/div>\n<div class=\" pt-cv-content-item pt-cv-1-col\" ><div class=\"pt-cv-taxoterm above_title\"><a href='https:\/\/bibliotheque-sfpe-at.com\/index.php\/category\/auteurs\/dournier-claire\/' title='Dournier Claire' class='pt-cv-tax-dournier-claire'>Dournier Claire<\/a><\/div>\n<h4 class=\"pt-cv-title\"><a href=\"https:\/\/bibliotheque-sfpe-at.com\/index.php\/2025\/03\/26\/resistance-en-creation\/\" class=\"_self\" target=\"_self\" >R\u00e9sistance en cr\u00e9ation<\/a><\/h4>\n<div class=\"pt-cv-content\">\u00ab\u00a0L\u2019homme malade a besoin de rencontrer aupr\u00e8s du psychiatre \u00e0 la fois accueil et r\u00e9sistance.\u00a0\u00bb Roland Kuhn, dans sa contribution publi\u00e9e dans L\u2019Ouvert \u2014 revue de l\u2019Association internationale Henri Maldiney \u2014, \u00e9nonce les trois fondements de la relation particuli\u00e8re entre un \u00eatre humain en souffrance &#8230;<\/div>\n<div class=\"pt-cv-rmwrap\"><a href=\"https:\/\/bibliotheque-sfpe-at.com\/index.php\/2025\/03\/26\/resistance-en-creation\/\" class=\"_self pt-cv-readmore btn btn-success\" target=\"_self\" >Lire La Suite\u2026<\/a><\/div><\/div>\n<div class=\" pt-cv-content-item pt-cv-1-col\" ><div class=\"pt-cv-taxoterm above_title\"><a href='https:\/\/bibliotheque-sfpe-at.com\/index.php\/category\/auteurs\/schneider-francois\/' title='Schneider Fran\u00e7ois' class='pt-cv-tax-schneider-francois'>Schneider Fran\u00e7ois<\/a><\/div>\n<h4 class=\"pt-cv-title\"><a href=\"https:\/\/bibliotheque-sfpe-at.com\/index.php\/2025\/03\/26\/resister-pour-mieux-dialoguer\/\" class=\"_self\" target=\"_self\" >R\u00e9sister pour mieux dialoguer<\/a><\/h4>\n<div class=\"pt-cv-content\">La r\u00e9sistance r\u00e9siderait-elle dans \u00ab l\u2019horrible mouvement de l\u2019immobilit\u00e9 \u00bb, paradoxalement convoqu\u00e9e par les forces protagonistes projectives qui l\u2019auront provoqu\u00e9e ?Car donner de la voix ne signifie pas forc\u00e9ment se faire entendre ni comprendre. Pour saisir \u00e0 quoi ressemble ce mouvement, tant\u00f4t tsunami \u00e9motionnel, tant\u00f4t &#8230;<\/div>\n<div class=\"pt-cv-rmwrap\"><a href=\"https:\/\/bibliotheque-sfpe-at.com\/index.php\/2025\/03\/26\/resister-pour-mieux-dialoguer\/\" class=\"_self pt-cv-readmore btn btn-success\" target=\"_self\" >Lire La Suite\u2026<\/a><\/div><\/div>\n<div class=\" pt-cv-content-item pt-cv-1-col\" ><div class=\"pt-cv-taxoterm above_title\"><a href='https:\/\/bibliotheque-sfpe-at.com\/index.php\/category\/auteurs\/vachon-jean-loup\/' title='Vachon Jean-Loup' class='pt-cv-tax-vachon-jean-loup'>Vachon Jean-Loup<\/a><\/div>\n<h4 class=\"pt-cv-title\"><a href=\"https:\/\/bibliotheque-sfpe-at.com\/index.php\/2025\/03\/26\/un-groupe-de-co-vision-dart-therapeutes-pour-sublimer-les-resistances\/\" class=\"_self\" target=\"_self\" >Un groupe de co-vision d\u2019art-th\u00e9rapeutes pour sublimer les r\u00e9sistances<\/a><\/h4>\n<div class=\"pt-cv-content\">Arterapia a \u00e9t\u00e9 cr\u00e9\u00e9 en 2021 par C\u00e9line Mor\u00e8re et Jean-Loup Vachon. Ce groupe de co-vision permet d\u2019\u00e9changer sur nos pratiques et de nous soutenir entre pairs. Il participe \u00e0 la construction de notre fonction d\u2019art-th\u00e9rapeute en contribuant, par ce noyau, \u00e0 d\u00e9passer nos peurs, &#8230;<\/div>\n<div class=\"pt-cv-rmwrap\"><a href=\"https:\/\/bibliotheque-sfpe-at.com\/index.php\/2025\/03\/26\/un-groupe-de-co-vision-dart-therapeutes-pour-sublimer-les-resistances\/\" class=\"_self pt-cv-readmore btn btn-success\" target=\"_self\" >Lire La Suite\u2026<\/a><\/div><\/div>\n<div class=\" pt-cv-content-item pt-cv-1-col\" ><div class=\"pt-cv-taxoterm above_title\"><a href='https:\/\/bibliotheque-sfpe-at.com\/index.php\/category\/auteurs\/gharsalli-safa\/' title='Gharsalli Safa' class='pt-cv-tax-gharsalli-safa'>Gharsalli Safa<\/a><\/div>\n<h4 class=\"pt-cv-title\"><a href=\"https:\/\/bibliotheque-sfpe-at.com\/index.php\/2025\/03\/26\/la-creativite-dans-sa-relation-avec-la-resistance-durant-le-processus-de-dramatherapie\/\" class=\"_self\" target=\"_self\" >La cr\u00e9ativit\u00e9 dans sa relation avec la r\u00e9sistance durant le processus de dramath\u00e9rapie<\/a><\/h4>\n<div class=\"pt-cv-content\">Les strat\u00e9gies exp\u00e9rientielles mettant en exergue un renforcement plut\u00f4t qu\u2019une d\u00e9pathologisation La r\u00e9sistance est un concept complexe qui peut prendre diff\u00e9rentes dimensions th\u00e9rapeutiques et cliniques. Les techniques cr\u00e9atives telles que la dramath\u00e9rapie peuvent \u00eatre particuli\u00e8rement enveloppantes et contribuent \u00e0 la gestion des r\u00e9sistances qui peuvent &#8230;<\/div>\n<div class=\"pt-cv-rmwrap\"><a href=\"https:\/\/bibliotheque-sfpe-at.com\/index.php\/2025\/03\/26\/la-creativite-dans-sa-relation-avec-la-resistance-durant-le-processus-de-dramatherapie\/\" class=\"_self pt-cv-readmore btn btn-success\" target=\"_self\" >Lire La Suite\u2026<\/a><\/div><\/div>\n<div class=\" pt-cv-content-item pt-cv-1-col\" ><div class=\"pt-cv-taxoterm above_title\"><a href='https:\/\/bibliotheque-sfpe-at.com\/index.php\/category\/auteurs\/rigaud-bernard\/' title='Rigaud Bernard' class='pt-cv-tax-rigaud-bernard'>Rigaud Bernard<\/a><\/div>\n<h4 class=\"pt-cv-title\"><a href=\"https:\/\/bibliotheque-sfpe-at.com\/index.php\/2025\/03\/26\/quand-resister-est-synonyme-dexister-2\/\" class=\"_self\" target=\"_self\" >Quand r\u00e9sister est synonyme d\u2019exister<\/a><\/h4>\n<div class=\"pt-cv-content\">Si l\u2019on admet que l\u2019existence est une \u00ab exigence \u00e0 l\u2019impossible \u00bb, une exigence \u00e0 \u00ab \u00eatre soi \u00bb face \u00e0 l\u2019inenvisageable ; si l\u2019on admet que l\u2019\u00e9motion est notre capacit\u00e9 \u00e0 accueillir l\u2019\u00e9v\u00e9nement, c\u2019est-\u00e0-dire ce qui arrive tout \u00e0 coup, hors d\u2019attente, et fait &#8230;<\/div>\n<div class=\"pt-cv-rmwrap\"><a href=\"https:\/\/bibliotheque-sfpe-at.com\/index.php\/2025\/03\/26\/quand-resister-est-synonyme-dexister-2\/\" class=\"_self pt-cv-readmore btn btn-success\" target=\"_self\" >Lire La Suite\u2026<\/a><\/div><\/div>\n<div class=\" pt-cv-content-item pt-cv-1-col\" ><div class=\"pt-cv-taxoterm above_title\"><a href='https:\/\/bibliotheque-sfpe-at.com\/index.php\/category\/auteurs\/gillis-alain\/' title='Gillis Alain' class='pt-cv-tax-gillis-alain'>Gillis Alain<\/a><\/div>\n<h4 class=\"pt-cv-title\"><a href=\"https:\/\/bibliotheque-sfpe-at.com\/index.php\/2025\/03\/26\/quand-resister-est-synonyme-dexister\/\" class=\"_self\" target=\"_self\" >R\u00e9sistance et corps subjectif<\/a><\/h4>\n<div class=\"pt-cv-content\">Le mot \u00ab r\u00e9sistance \u00bb est en lui-m\u00eame attrayant. Il est r\u00e9guli\u00e8rement employ\u00e9 pour \u00e9voquer une force, la manifestation d\u2019une volont\u00e9 ou une capacit\u00e9 d\u2019opposition appr\u00e9ci\u00e9e.De fa\u00e7on plus inattendue, la r\u00e9sistance a \u00e9t\u00e9 consid\u00e9r\u00e9e par deux philosophes, \u00e0 deux si\u00e8cles d\u2019\u00e9cart, comme condition de la &#8230;<\/div>\n<div class=\"pt-cv-rmwrap\"><a href=\"https:\/\/bibliotheque-sfpe-at.com\/index.php\/2025\/03\/26\/quand-resister-est-synonyme-dexister\/\" class=\"_self pt-cv-readmore btn btn-success\" target=\"_self\" >Lire La Suite\u2026<\/a><\/div><\/div>\n<div class=\" pt-cv-content-item pt-cv-1-col\" ><div class=\"pt-cv-taxoterm above_title\"><a href='https:\/\/bibliotheque-sfpe-at.com\/index.php\/category\/auteurs\/walder-fabio\/' title='Walder Fabio' class='pt-cv-tax-walder-fabio'>Walder Fabio<\/a><\/div>\n<h4 class=\"pt-cv-title\"><a href=\"https:\/\/bibliotheque-sfpe-at.com\/index.php\/2025\/03\/26\/la-resistance-de-la-vision-animiste-des-sorcieres-le-cas-dalberto-giacometti\/\" class=\"_self\" target=\"_self\" >La r\u00e9sistance de la vision animiste des sorci\u00e8res. Le cas d\u2019Alberto Giacometti<\/a><\/h4>\n<div class=\"pt-cv-content\">En 1619, Maria Panzona dit aux inquisiteurs de Venise que son \u00e2me sort de son corps et qu\u2019elle se rend dans un pr\u00e9 pour participer \u00e0 des rituels agricoles. Les inquisiteurs jugent ces affirmations invraisemblables, voire impossibles. Avec l\u2019av\u00e8nement du si\u00e8cle des Lumi\u00e8res, cette impossibilit\u00e9 &#8230;<\/div>\n<div class=\"pt-cv-rmwrap\"><a href=\"https:\/\/bibliotheque-sfpe-at.com\/index.php\/2025\/03\/26\/la-resistance-de-la-vision-animiste-des-sorcieres-le-cas-dalberto-giacometti\/\" class=\"_self pt-cv-readmore btn btn-success\" target=\"_self\" >Lire La Suite\u2026<\/a><\/div><\/div>\n<div class=\" pt-cv-content-item pt-cv-1-col\" ><div class=\"pt-cv-taxoterm above_title\"><a href='https:\/\/bibliotheque-sfpe-at.com\/index.php\/category\/auteurs\/chemin-isabelle\/' title='Chemin Isabelle' class='pt-cv-tax-chemin-isabelle'>Chemin Isabelle<\/a><\/div>\n<h4 class=\"pt-cv-title\"><a href=\"https:\/\/bibliotheque-sfpe-at.com\/index.php\/2025\/03\/26\/engagement-litteraire-des-sourds-et-handicapes-pour-resister-a-des-exclusions-societales\/\" class=\"_self\" target=\"_self\" >Engagement litt\u00e9raire des sourds et handicap\u00e9s pour r\u00e9sister \u00e0 des exclusions soci\u00e9tales<\/a><\/h4>\n<div class=\"pt-cv-content\">Attir\u00e9e par la po\u00e9sie contemporaine et face \u00e0 un faible int\u00e9r\u00eat des entendants, j\u2019ai d\u00e9couvert la langue des signes, pour accompagner la langue orale, sa richesse et sa complexit\u00e9, ainsi qu\u2019une communaut\u00e9 sourde en r\u00e9sistance forte avec la soci\u00e9t\u00e9 entendante. Dialogue \u00e9crivains entendants-sourds Depuis 2007, &#8230;<\/div>\n<div class=\"pt-cv-rmwrap\"><a href=\"https:\/\/bibliotheque-sfpe-at.com\/index.php\/2025\/03\/26\/engagement-litteraire-des-sourds-et-handicapes-pour-resister-a-des-exclusions-societales\/\" class=\"_self pt-cv-readmore btn btn-success\" target=\"_self\" >Lire La Suite\u2026<\/a><\/div><\/div>\n<div class=\" pt-cv-content-item pt-cv-1-col\" ><div class=\"pt-cv-taxoterm above_title\"><a href='https:\/\/bibliotheque-sfpe-at.com\/index.php\/category\/auteurs\/schuppert-elke-ingrid\/' title='Schuppert Elke Ingrid' class='pt-cv-tax-schuppert-elke-ingrid'>Schuppert Elke Ingrid<\/a><\/div>\n<h4 class=\"pt-cv-title\"><a href=\"https:\/\/bibliotheque-sfpe-at.com\/index.php\/2025\/03\/26\/resistance-et-creativite-quand-lart-therapie-aide-a-trouver-les-mots\/\" class=\"_self\" target=\"_self\" >R\u00e9sistance et cr\u00e9ativit\u00e9 : quand l\u2019art-th\u00e9rapie aide \u00e0 trouver les mots<\/a><\/h4>\n<div class=\"pt-cv-content\">En partant du mot \u00ab r\u00e9sistance \u00bb, je mettrai l\u2019accent sur deux aspects en particulier : sa signification dans un contexte politique et historique, notamment \u00e0 travers l\u2019\u0153uvre Guernica de Pablo Picasso, et celle dans l\u2019accompagnement th\u00e9rapeutique.Mon exemple d\u2019accompagnement sera illustr\u00e9 par le parcours d\u2019une &#8230;<\/div>\n<div class=\"pt-cv-rmwrap\"><a href=\"https:\/\/bibliotheque-sfpe-at.com\/index.php\/2025\/03\/26\/resistance-et-creativite-quand-lart-therapie-aide-a-trouver-les-mots\/\" class=\"_self pt-cv-readmore btn btn-success\" target=\"_self\" >Lire La Suite\u2026<\/a><\/div><\/div>\n<div class=\" pt-cv-content-item pt-cv-1-col\" ><div class=\"pt-cv-taxoterm above_title\"><a href='https:\/\/bibliotheque-sfpe-at.com\/index.php\/category\/auteurs\/sales-marie-helene\/' title='Sales Marie-H\u00e9l\u00e8ne' class='pt-cv-tax-sales-marie-helene'>Sales Marie-H\u00e9l\u00e8ne<\/a><a href='https:\/\/bibliotheque-sfpe-at.com\/index.php\/category\/auteurs\/sudres-jean-luc\/' title='Sudres Jean-Luc' class='pt-cv-tax-sudres-jean-luc'>Sudres Jean-Luc<\/a><\/div>\n<h4 class=\"pt-cv-title\"><a href=\"https:\/\/bibliotheque-sfpe-at.com\/index.php\/2025\/03\/26\/quand-laddiction-resiste-lart-therapie-ouvre-la-creativite-du-sujet\/\" class=\"_self\" target=\"_self\" >Quand l\u2019addiction r\u00e9siste\u2026 l\u2019art-th\u00e9rapie ouvre la cr\u00e9ativit\u00e9 du sujet<\/a><\/h4>\n<div class=\"pt-cv-content\">Jadis l\u2019art psych\u00e9d\u00e9lique a \u00e9t\u00e9 tout autant adul\u00e9 que critiqu\u00e9. Quasi parall\u00e8lement, l\u2019impact des paradis artificiels a \u00e9t\u00e9 pr\u00e9sent\u00e9 soit comme stimulant cr\u00e9atif, soit comme vecteur d\u2019une descente aux enfers de la cr\u00e9ation. Aujourd\u2019hui, la psychoth\u00e9rapie psych\u00e9d\u00e9lique (re)trouve une place dans le soin de la &#8230;<\/div>\n<div class=\"pt-cv-rmwrap\"><a href=\"https:\/\/bibliotheque-sfpe-at.com\/index.php\/2025\/03\/26\/quand-laddiction-resiste-lart-therapie-ouvre-la-creativite-du-sujet\/\" class=\"_self pt-cv-readmore btn btn-success\" target=\"_self\" >Lire La Suite\u2026<\/a><\/div><\/div>\n<div class=\" pt-cv-content-item pt-cv-1-col\" ><div class=\"pt-cv-taxoterm above_title\"><a href='https:\/\/bibliotheque-sfpe-at.com\/index.php\/category\/auteurs\/carrefour-des-expressions\/' title='Carrefour des expressions' class='pt-cv-tax-carrefour-des-expressions'>Carrefour des expressions<\/a><\/div>\n<h4 class=\"pt-cv-title\"><a href=\"https:\/\/bibliotheque-sfpe-at.com\/index.php\/2025\/03\/26\/je-ne-resiste-pas-in-live\/\" class=\"_self\" target=\"_self\" >Je ne r\u00e9siste pas ! (in live)<\/a><\/h4>\n<div class=\"pt-cv-content\">En psychoth\u00e9rapie, nous travaillons avec ce que nous sommes. Aussi, l\u2019un des principes de fonctionnement de l\u2019unit\u00e9 de th\u00e9rapies m\u00e9diatis\u00e9es Carrefour des expressions implique la participation active &#8211; des soignantes \u00e0 tous les ateliers qu\u2019elles animent (\u00e9criture, arts plas\u00actiques) aussi bien que ceux anim\u00e9s par &#8230;<\/div>\n<div class=\"pt-cv-rmwrap\"><a href=\"https:\/\/bibliotheque-sfpe-at.com\/index.php\/2025\/03\/26\/je-ne-resiste-pas-in-live\/\" class=\"_self pt-cv-readmore btn btn-success\" target=\"_self\" >Lire La Suite\u2026<\/a><\/div><\/div>\n<div class=\" pt-cv-content-item pt-cv-1-col\" ><div class=\"pt-cv-taxoterm above_title\"><a href='https:\/\/bibliotheque-sfpe-at.com\/index.php\/category\/auteurs\/marsat-martine\/' title='Marsat Martine' class='pt-cv-tax-marsat-martine'>Marsat Martine<\/a><\/div>\n<h4 class=\"pt-cv-title\"><a href=\"https:\/\/bibliotheque-sfpe-at.com\/index.php\/2025\/03\/26\/la-dissidence-une-force-pour-resister-et-creer\/\" class=\"_self\" target=\"_self\" >La dissidence, une force pour r\u00e9sister et cr\u00e9er<\/a><\/h4>\n<div class=\"pt-cv-content\">Les artistes et \u00e9crivains des 19e et 20e si\u00e8cles, pr\u00e9curseurs de nouveaux courants La dissidence diverge des normes et des valeurs dominantes dans une soci\u00e9t\u00e9 donn\u00e9e. Chez les \u00e9crivains et les peintres des XIXe et XXe si\u00e8cles, elle a souvent \u00e9t\u00e9 consid\u00e9r\u00e9e comme une force &#8230;<\/div>\n<div class=\"pt-cv-rmwrap\"><a href=\"https:\/\/bibliotheque-sfpe-at.com\/index.php\/2025\/03\/26\/la-dissidence-une-force-pour-resister-et-creer\/\" class=\"_self pt-cv-readmore btn btn-success\" target=\"_self\" >Lire La Suite\u2026<\/a><\/div><\/div>\n<div class=\" pt-cv-content-item pt-cv-1-col\" ><div class=\"pt-cv-taxoterm above_title\"><a href='https:\/\/bibliotheque-sfpe-at.com\/index.php\/category\/auteurs\/ferrieres-pestureau-suzanne\/' title='Ferri\u00e8res-Pestureau Suzanne' class='pt-cv-tax-ferrieres-pestureau-suzanne'>Ferri\u00e8res-Pestureau Suzanne<\/a><\/div>\n<h4 class=\"pt-cv-title\"><a href=\"https:\/\/bibliotheque-sfpe-at.com\/index.php\/2025\/03\/26\/la-resistance-du-reel-dans-loeuvre-dedouard-manet\/\" class=\"_self\" target=\"_self\" >La r\u00e9sistance du r\u00e9el dans l\u2019\u0153uvre d\u2019\u00c9douard Manet<\/a><\/h4>\n<div class=\"pt-cv-content\">Si, comme l\u2019\u00e9nonce Bataille dans l\u2019ouvrage qu\u2019il consacre \u00e0 Manet, il y a une affinit\u00e9 fondamentale entre l\u2019\u0153uvre d\u2019art et l\u2019acte de r\u00e9sistance, Malraux, pour sa part, consid\u00e8re l\u2019art comme la seule chose qui r\u00e9siste \u00e0 la mort. De l\u00e0 \u00e0 penser que l\u2019art est &#8230;<\/div>\n<div class=\"pt-cv-rmwrap\"><a href=\"https:\/\/bibliotheque-sfpe-at.com\/index.php\/2025\/03\/26\/la-resistance-du-reel-dans-loeuvre-dedouard-manet\/\" class=\"_self pt-cv-readmore btn btn-success\" target=\"_self\" >Lire La Suite\u2026<\/a><\/div><\/div>\n<div class=\" pt-cv-content-item pt-cv-1-col\" ><div class=\"pt-cv-taxoterm above_title\"><a href='https:\/\/bibliotheque-sfpe-at.com\/index.php\/category\/auteurs\/granier-francois\/' title='Granier Fran\u00e7ois' class='pt-cv-tax-granier-francois'>Granier Fran\u00e7ois<\/a><\/div>\n<h4 class=\"pt-cv-title\"><a href=\"https:\/\/bibliotheque-sfpe-at.com\/index.php\/2025\/03\/26\/resistance-dans-le-style-de-lhomme-et-loeuvre-a-propos-de-giorgio-morandi\/\" class=\"_self\" target=\"_self\" >R\u00e9sistance dans le style de l\u2019homme et l\u2019\u0153uvre, \u00e0 propos de Giorgio Morandi<\/a><\/h4>\n<div class=\"pt-cv-content\">Giorgio Morandi, le \u00ab peintre des bouteilles \u00bb, illustre la question des diff\u00e9rents niveaux de r\u00e9sistance aussi bien dans son mode de vie, ses comportements, que dans le style de son \u0153uvre. Pour la psychopathologie de l\u2019expression, il est un cas limite entre le normal &#8230;<\/div>\n<div class=\"pt-cv-rmwrap\"><a href=\"https:\/\/bibliotheque-sfpe-at.com\/index.php\/2025\/03\/26\/resistance-dans-le-style-de-lhomme-et-loeuvre-a-propos-de-giorgio-morandi\/\" class=\"_self pt-cv-readmore btn btn-success\" target=\"_self\" >Lire La Suite\u2026<\/a><\/div><\/div>\n<div class=\" pt-cv-content-item pt-cv-1-col\" ><div class=\"pt-cv-taxoterm above_title\"><a href='https:\/\/bibliotheque-sfpe-at.com\/index.php\/category\/auteurs\/boute-gerard\/' title='Bout\u00e9 G\u00e9rard' class='pt-cv-tax-boute-gerard'>Bout\u00e9 G\u00e9rard<\/a><\/div>\n<h4 class=\"pt-cv-title\"><a href=\"https:\/\/bibliotheque-sfpe-at.com\/index.php\/2025\/03\/26\/le-bronze-comme-mythe-de-resistance-a-la-mort\/\" class=\"_self\" target=\"_self\" >Le bronze comme mythe de r\u00e9sistance \u00e0 la mort<\/a><\/h4>\n<div class=\"pt-cv-content\">Dans la demeure souterraine de Vulcain, antre immense, les Cyclopes travaillent le fer. Ils fa\u00e7onnent la foudre, ils m\u00ealent les flammes aux fracas des \u00e9clairs. Vulcain ordonne et chacun se courbe sur les enclumes ; l\u2019airain et l\u2019or ruissellent ; l\u2019acier se liqu\u00e9fie dans une &#8230;<\/div>\n<div class=\"pt-cv-rmwrap\"><a href=\"https:\/\/bibliotheque-sfpe-at.com\/index.php\/2025\/03\/26\/le-bronze-comme-mythe-de-resistance-a-la-mort\/\" class=\"_self pt-cv-readmore btn btn-success\" target=\"_self\" >Lire La Suite\u2026<\/a><\/div><\/div>\n<div class=\" pt-cv-content-item pt-cv-1-col\" ><div class=\"pt-cv-taxoterm above_title\"><a href='https:\/\/bibliotheque-sfpe-at.com\/index.php\/category\/auteurs\/bareil-guerin-michele\/' title='Bareil-Gu\u00e9rin Mich\u00e8le' class='pt-cv-tax-bareil-guerin-michele'>Bareil-Gu\u00e9rin Mich\u00e8le<\/a><a href='https:\/\/bibliotheque-sfpe-at.com\/index.php\/category\/auteurs\/guerin-jean-luc\/' title='Guerin Jean-Luc' class='pt-cv-tax-guerin-jean-luc'>Guerin Jean-Luc<\/a><\/div>\n<h4 class=\"pt-cv-title\"><a href=\"https:\/\/bibliotheque-sfpe-at.com\/index.php\/2025\/03\/26\/photoresistance\/\" class=\"_self\" target=\"_self\" >Photor\u00e9sistance<\/a><\/h4>\n<div class=\"pt-cv-content\">Les photos peuvent \u00eatre consid\u00e9r\u00e9s comme une forme de r\u00e9sistance \u00e0 l\u2019\u00e9ph\u00e9m\u00e8re du temps qui passe.Nous parlerons des photos prises lors des r\u00e9p\u00e9titions ou des repr\u00e9sentations publiques du Carrefour des expressions, unit\u00e9 de th\u00e9rapies m\u00e9diatis\u00e9es.Nous nous interrogerons notamment sur la r\u00e9sistance (ou pas) \u00e0 \u00eatre &#8230;<\/div>\n<div class=\"pt-cv-rmwrap\"><a href=\"https:\/\/bibliotheque-sfpe-at.com\/index.php\/2025\/03\/26\/photoresistance\/\" class=\"_self pt-cv-readmore btn btn-success\" target=\"_self\" >Lire La Suite\u2026<\/a><\/div><\/div>\n<div class=\" pt-cv-content-item pt-cv-1-col\" ><div class=\"pt-cv-taxoterm above_title\"><a href='https:\/\/bibliotheque-sfpe-at.com\/index.php\/category\/auteurs\/bernadou-debrull-florence\/' title='Bernadou-Debrull Florence' class='pt-cv-tax-bernadou-debrull-florence'>Bernadou-Debrull Florence<\/a><a href='https:\/\/bibliotheque-sfpe-at.com\/index.php\/category\/auteurs\/sudres-jean-luc\/' title='Sudres Jean-Luc' class='pt-cv-tax-sudres-jean-luc'>Sudres Jean-Luc<\/a><\/div>\n<h4 class=\"pt-cv-title\"><a href=\"https:\/\/bibliotheque-sfpe-at.com\/index.php\/2025\/03\/26\/musicotherapie-et-prematurite-de-la-resistance-a-la-resilience\/\" class=\"_self\" target=\"_self\" >Musicoth\u00e9rapie et pr\u00e9maturit\u00e9 : de la r\u00e9sistance \u00e0 la r\u00e9silience ?<\/a><\/h4>\n<div class=\"pt-cv-content\">Par-del\u00e0 le fait que l\u2019\u00e9volution de la parentalit\u00e9 au cours du temps a boulevers\u00e9 les r\u00f4les parentaux, la pr\u00e9maturit\u00e9 vient interrompre le processus naturel de la grossesse et la maturation bio-psycho-sociale des parents. Dans un tel contexte, l\u2019accouchement pr\u00e9matur\u00e9 devient souvent tr\u00e8s anxiog\u00e8ne et bouleversant &#8230;<\/div>\n<div class=\"pt-cv-rmwrap\"><a href=\"https:\/\/bibliotheque-sfpe-at.com\/index.php\/2025\/03\/26\/musicotherapie-et-prematurite-de-la-resistance-a-la-resilience\/\" class=\"_self pt-cv-readmore btn btn-success\" target=\"_self\" >Lire La Suite\u2026<\/a><\/div><\/div>\n<div class=\" pt-cv-content-item pt-cv-1-col\" ><div class=\"pt-cv-taxoterm above_title\"><a href='https:\/\/bibliotheque-sfpe-at.com\/index.php\/category\/auteurs\/saint-pierre-olivier\/' title='Saint-Pierre Olivier' class='pt-cv-tax-saint-pierre-olivier'>Saint-Pierre Olivier<\/a><\/div>\n<h4 class=\"pt-cv-title\"><a href=\"https:\/\/bibliotheque-sfpe-at.com\/index.php\/2025\/03\/26\/la-cabane-resistance-du-symbolique\/\" class=\"_self\" target=\"_self\" >La cabane, r\u00e9sistance du symbolique<\/a><\/h4>\n<div class=\"pt-cv-content\">La cabane enfantine est principalement une construction d\u00e9construite. Elle est faible, fragile, \u00e9ph\u00e9m\u00e8re. Pourtant, les enfants qui la construisent en font un temple. Elle est le lieu de leur vie et de leurs aspirations hors de la sph\u00e8re des parents. Elle est le lieu de &#8230;<\/div>\n<div class=\"pt-cv-rmwrap\"><a href=\"https:\/\/bibliotheque-sfpe-at.com\/index.php\/2025\/03\/26\/la-cabane-resistance-du-symbolique\/\" class=\"_self pt-cv-readmore btn btn-success\" target=\"_self\" >Lire La Suite\u2026<\/a><\/div><\/div><\/div><\/div> <\/div> <style>\n\n#pt-cv-view-3i0h7lt2 .pt-cv-meta-fields {  }#pt-cv-view-3i0h7lt2 .pt-cv-meta-fields * { font-size: 13px; }#pt-cv-view-3i0h7lt2 .pt-cv-thumb-wrapper:not(.miniwrap) {  }#pt-cv-view-3i0h7lt2 .pt-cv-thumbnail:not(.pt-cv-thumbnailsm) { height: 250px; }#pt-cv-view-3i0h7lt2 .pt-cv-title a { display: block;color: #a83838; }#pt-cv-view-3i0h7lt2 .pt-cv-title:not(.pt-cv-titlesm) a { font-weight: 600;text-decoration: none;font-size: 20px; }#pt-cv-view-3i0h7lt2 .pt-cv-titlesm a { font-weight: 600;font-size: 18px; }#pt-cv-view-3i0h7lt2 .pt-cv-content { font-size: 12px; }#pt-cv-view-3i0h7lt2 .pt-cv-rmwrap {  }#pt-cv-view-3i0h7lt2 .pt-cv-readmore { color: #951a1a;background-color: #ffffff00;font-style: italic;font-size: 12px; }#pt-cv-view-3i0h7lt2 .pt-cv-taxoterm {  }#pt-cv-view-3i0h7lt2 .pt-cv-taxoterm * { color: #9badb7;background-color: #f5f0f057;border-style: solid;font-size: 14px;border-width: 1.5px 1.5px 1.5px 1.5px;border-radius: 8px 8px 8px 8px; }#pt-cv-view-3i0h7lt2 + .pt-cv-pagination-wrapper {  }#pt-cv-view-3i0h7lt2 + .pt-cv-pagination-wrapper a { font-size: 14px; }#pt-cv-view-3i0h7lt2 > .pt-cv-page {grid-template-columns: repeat(4, 1fr);grid-gap: 13px;}\n@media all and (max-width: 1024px) { \n#pt-cv-view-3i0h7lt2 > .pt-cv-page {}\n} \n@media all and (max-width: 767px) { \n#pt-cv-view-3i0h7lt2 > .pt-cv-page {grid-template-columns: repeat(1, 1fr);}\n} <\/style>\n\n\n<p><\/p>\n","protected":false},"excerpt":{"rendered":"<p>Les formes de r\u00e9sistance sont multiples aussi bien dans la vie quotidienne, que sociale, intellectuelle et culturelle, et l\u2019Histoire. Elles le sont aussi dans le domaine de l\u2019art \u00e0 toutes ses \u00e9poques, ainsi que dans celui de la psychopathologie. Elles peuvent avoir des effets positifs ou n\u00e9gatifs, \u00eatre force ou&hellip;<\/p>\n","protected":false},"author":2,"featured_media":4778,"comment_status":"closed","ping_status":"open","sticky":false,"template":"","format":"standard","meta":{"pmpro_default_level":"","ngg_post_thumbnail":0,"footnotes":""},"categories":[3],"tags":[27],"class_list":["post-4777","post","type-post","status-publish","format-standard","has-post-thumbnail","hentry","category-journees-de-printemps","tag-apres-2010","pmpro-has-access"],"_links":{"self":[{"href":"https:\/\/bibliotheque-sfpe-at.com\/index.php\/wp-json\/wp\/v2\/posts\/4777","targetHints":{"allow":["GET"]}}],"collection":[{"href":"https:\/\/bibliotheque-sfpe-at.com\/index.php\/wp-json\/wp\/v2\/posts"}],"about":[{"href":"https:\/\/bibliotheque-sfpe-at.com\/index.php\/wp-json\/wp\/v2\/types\/post"}],"author":[{"embeddable":true,"href":"https:\/\/bibliotheque-sfpe-at.com\/index.php\/wp-json\/wp\/v2\/users\/2"}],"replies":[{"embeddable":true,"href":"https:\/\/bibliotheque-sfpe-at.com\/index.php\/wp-json\/wp\/v2\/comments?post=4777"}],"version-history":[{"count":3,"href":"https:\/\/bibliotheque-sfpe-at.com\/index.php\/wp-json\/wp\/v2\/posts\/4777\/revisions"}],"predecessor-version":[{"id":4808,"href":"https:\/\/bibliotheque-sfpe-at.com\/index.php\/wp-json\/wp\/v2\/posts\/4777\/revisions\/4808"}],"wp:featuredmedia":[{"embeddable":true,"href":"https:\/\/bibliotheque-sfpe-at.com\/index.php\/wp-json\/wp\/v2\/media\/4778"}],"wp:attachment":[{"href":"https:\/\/bibliotheque-sfpe-at.com\/index.php\/wp-json\/wp\/v2\/media?parent=4777"}],"wp:term":[{"taxonomy":"category","embeddable":true,"href":"https:\/\/bibliotheque-sfpe-at.com\/index.php\/wp-json\/wp\/v2\/categories?post=4777"},{"taxonomy":"post_tag","embeddable":true,"href":"https:\/\/bibliotheque-sfpe-at.com\/index.php\/wp-json\/wp\/v2\/tags?post=4777"}],"curies":[{"name":"wp","href":"https:\/\/api.w.org\/{rel}","templated":true}]}}