{"id":4810,"date":"2025-03-26T13:03:15","date_gmt":"2025-03-26T12:03:15","guid":{"rendered":"https:\/\/bibliotheque-sfpe-at.com\/?p=4810"},"modified":"2025-05-10T16:25:20","modified_gmt":"2025-05-10T14:25:20","slug":"le-non-et-le-nom","status":"publish","type":"post","link":"https:\/\/bibliotheque-sfpe-at.com\/index.php\/2025\/03\/26\/le-non-et-le-nom\/","title":{"rendered":"Le Non et le Nom"},"content":{"rendered":"\n<div class=\"wp-block-columns is-layout-flex wp-container-core-columns-is-layout-28f84493 wp-block-columns-is-layout-flex\">\n<div class=\"wp-block-column is-layout-flow wp-block-column-is-layout-flow\" style=\"flex-basis:66.66%\"><\/div>\n\n\n\n<div class=\"wp-block-column is-layout-flow wp-block-column-is-layout-flow\" style=\"flex-basis:33.33%\"><\/div>\n<\/div>\n\n\n\n<div class=\"wp-block-columns is-layout-flex wp-container-core-columns-is-layout-28f84493 wp-block-columns-is-layout-flex\">\n<div class=\"wp-block-column is-layout-flow wp-block-column-is-layout-flow\" style=\"flex-basis:66.66%\">\n<p>Ce qui r\u00e9siste, c\u2019est un corps, et il n\u2019y a point de r\u00e9silience sans r\u00e9sistance. Le drame des tortionnaires en tous genres, des inquisiteurs \u00e0 la Gestapo et de tous les services secrets incapables de secret, c\u2019est leur impuissance face \u00e0 un corps.<br>Du Christ \u00e0 Jean Moulin, un corps ne se r\u00e9sume pas \u00e0 ce qui est fini, une peau somatique, un organisme, ni d\u2019ailleurs aux murs d\u2019un enclos reposant, une propri\u00e9t\u00e9. Un corps rel\u00e8ve de l\u2019infini, de l\u2019autre, sans se r\u00e9sumer \u00e0 un seul autre.<br>Malraux disait justement que le visage de Jean Moulin \u00e9tait celui de la France. En effet, le visage de Jean Moulin \u00e9tait un paysage qui d\u00e9passait de loin, de tr\u00e8s loin, ses tortionnaires, et qui demeure aujourd\u2019hui encore. Tel est le sens de ce travail.<\/p>\n\n\n\n<p><strong><em>Pour lire le texte complet <a href=\"\/index.php\/options-dinscription\/\"><mark style=\"background-color:rgba(0, 0, 0, 0)\" class=\"has-inline-color has-vivid-cyan-blue-color\">s&rsquo;inscrire<\/mark><\/a> ou <a href=\"\/index.php\/my-account\/edit-account\/\"><mark style=\"background-color:rgba(0, 0, 0, 0)\" class=\"has-inline-color has-vivid-cyan-blue-color\">se connecter<\/mark><\/a><\/em><\/strong><\/p>\n\n\n\n\n\n<div style=\"height:100px\" aria-hidden=\"true\" class=\"wp-block-spacer\"><\/div>\n\n\n\n<div class=\"wp-block-buttons is-content-justification-center is-layout-flex wp-container-core-buttons-is-layout-a89b3969 wp-block-buttons-is-layout-flex\">\n<div class=\"wp-block-button\"><a class=\"wp-block-button__link has-vivid-red-background-color has-background has-small-font-size has-custom-font-size wp-element-button\" href=\"\/index.php\/2025\/03\/26\/resistance\/\">&lt;&#8211; retour<\/a><\/div>\n<\/div>\n<\/div>\n\n\n\n<div class=\"wp-block-column is-layout-flow wp-block-column-is-layout-flow\" style=\"flex-basis:33.33%\">\n<figure class=\"wp-block-table\"><table class=\"has-background\" style=\"background-color:#f8f2f2\"><thead><tr><th><mark class=\"has-inline-color has-vivid-red-color\" style=\"background-color: rgba(0, 0, 0, 0);\"><strong>Auteur<\/strong><\/mark><\/th><\/tr><\/thead><tbody><tr><td><p><strong>Youssef Mourtada<\/strong><\/p><\/td><\/tr><\/tbody><\/table><\/figure>\n\n\n\n<figure class=\"wp-block-table\"><table><thead><tr><th><mark class=\"has-inline-color has-vivid-red-color\" style=\"background-color: rgba(0, 0, 0, 0);\"><strong>R\u00e9f\u00e9rence<\/strong><\/mark><\/th><\/tr><\/thead><tbody><tr><td><strong>RA020-02<\/strong><br><strong>R\u00e9sistance<\/strong><br>Journ\u00e9es de Printemps 2023<\/td><\/tr><\/tbody><\/table><\/figure>\n\n\n\n<figure class=\"wp-block-table\"><table><thead><tr><th><mark class=\"has-inline-color has-vivid-red-color\" style=\"background-color: rgba(0, 0, 0, 0);\"><strong>Cat\u00e9gories<\/strong><\/mark><\/th><\/tr><\/thead><tbody><tr><td>Psychopathologie de l\u2019expression&nbsp;<br>\u00c9criture&nbsp;<br>Enfance&nbsp;<br>Adolescence&nbsp;<br>Personnes \u00e2g\u00e9es&nbsp;<\/td><\/tr><\/tbody><\/table><\/figure>\n<\/div>\n<\/div>\n","protected":false},"excerpt":{"rendered":"<p>Ce qui r\u00e9siste, c\u2019est un corps, et il n\u2019y a point de r\u00e9silience sans r\u00e9sistance. Le drame des tortionnaires en tous genres, des inquisiteurs \u00e0 la Gestapo et de tous les services secrets incapables de secret, c\u2019est leur impuissance face \u00e0 un corps.Du Christ \u00e0 Jean Moulin, un corps ne&hellip;<\/p>\n","protected":false},"author":2,"featured_media":0,"comment_status":"closed","ping_status":"open","sticky":false,"template":"","format":"standard","meta":{"pmpro_default_level":"","ngg_post_thumbnail":0,"footnotes":""},"categories":[46],"tags":[548,497,549,675,488,861,853],"class_list":["post-4810","post","type-post","status-publish","format-standard","hentry","category-mourtada-youssef","tag-adolescence","tag-ecriture","tag-enfance","tag-personne-agee","tag-psychopathologie-de-lexpression","tag-ra020-02","tag-resistance","pmpro-has-access"],"_links":{"self":[{"href":"https:\/\/bibliotheque-sfpe-at.com\/index.php\/wp-json\/wp\/v2\/posts\/4810","targetHints":{"allow":["GET"]}}],"collection":[{"href":"https:\/\/bibliotheque-sfpe-at.com\/index.php\/wp-json\/wp\/v2\/posts"}],"about":[{"href":"https:\/\/bibliotheque-sfpe-at.com\/index.php\/wp-json\/wp\/v2\/types\/post"}],"author":[{"embeddable":true,"href":"https:\/\/bibliotheque-sfpe-at.com\/index.php\/wp-json\/wp\/v2\/users\/2"}],"replies":[{"embeddable":true,"href":"https:\/\/bibliotheque-sfpe-at.com\/index.php\/wp-json\/wp\/v2\/comments?post=4810"}],"version-history":[{"count":4,"href":"https:\/\/bibliotheque-sfpe-at.com\/index.php\/wp-json\/wp\/v2\/posts\/4810\/revisions"}],"predecessor-version":[{"id":5345,"href":"https:\/\/bibliotheque-sfpe-at.com\/index.php\/wp-json\/wp\/v2\/posts\/4810\/revisions\/5345"}],"wp:attachment":[{"href":"https:\/\/bibliotheque-sfpe-at.com\/index.php\/wp-json\/wp\/v2\/media?parent=4810"}],"wp:term":[{"taxonomy":"category","embeddable":true,"href":"https:\/\/bibliotheque-sfpe-at.com\/index.php\/wp-json\/wp\/v2\/categories?post=4810"},{"taxonomy":"post_tag","embeddable":true,"href":"https:\/\/bibliotheque-sfpe-at.com\/index.php\/wp-json\/wp\/v2\/tags?post=4810"}],"curies":[{"name":"wp","href":"https:\/\/api.w.org\/{rel}","templated":true}]}}