{"id":4813,"date":"2025-03-26T13:09:40","date_gmt":"2025-03-26T12:09:40","guid":{"rendered":"https:\/\/bibliotheque-sfpe-at.com\/?p=4813"},"modified":"2025-03-26T17:21:28","modified_gmt":"2025-03-26T16:21:28","slug":"etre-un-sans-resister-a-ce-que-nous-sommes","status":"publish","type":"post","link":"https:\/\/bibliotheque-sfpe-at.com\/index.php\/2025\/03\/26\/etre-un-sans-resister-a-ce-que-nous-sommes\/","title":{"rendered":"\u00catre un\u2026 sans r\u00e9sister \u00e0 ce que nous sommes"},"content":{"rendered":"\n<div class=\"wp-block-columns is-layout-flex wp-container-core-columns-is-layout-28f84493 wp-block-columns-is-layout-flex\">\n<div class=\"wp-block-column is-layout-flow wp-block-column-is-layout-flow\" style=\"flex-basis:66.66%\"><\/div>\n\n\n\n<div class=\"wp-block-column is-layout-flow wp-block-column-is-layout-flow\" style=\"flex-basis:33.33%\"><\/div>\n<\/div>\n\n\n\n<div class=\"wp-block-columns is-layout-flex wp-container-core-columns-is-layout-28f84493 wp-block-columns-is-layout-flex\">\n<div class=\"wp-block-column is-layout-flow wp-block-column-is-layout-flow\" style=\"flex-basis:66.66%\">\n<p>\u00c0 chaque conflit, l\u2019humain est condamn\u00e9 \u00e0 \u00e9clater l\u2019espace-temps qui lui est personnel pour commencer \u00ab une seconde fois \u00bb. Quand le tableau de notre monde int\u00e9rieur devient trop bruyant ou trop morcel\u00e9, s\u2019exprimer, cr\u00e9er, ce n\u2019est pas oublier, c\u2019est juste reprendre plus \u00e0 neuf, c\u2019est combattre nos r\u00e9sistances int\u00e9rieures, nos propres peurs, notre propre violence, notre faiblesse, c\u2019est aussi combattre le m\u00e9pris, la contrainte, l\u2019exclusion.<br>Le refus de ce qui est autre, l\u2019image d\u2019un non-soi qui menace l\u2019int\u00e9grit\u00e9 de l\u2019\u00e9difice est au centre de notre repli identitaire. Cet autre refoul\u00e9 ou mal \u00e9duqu\u00e9 qui vit en nous, cette part d\u2019\u00e9tranget\u00e9, cette part r\u00e9elle et incommunicable de nous-m\u00eame, nous la projetons en permanence sur ce qui nous est justement \u00e9tranger. Elle touche \u00e0 une question essentielle et existentielle qui est de comprendre la r\u00e9sistance de l\u2019individu \u00e0 se laisser aller et \u00e0 risquer un rapport direct avec ses impulsions et avec ses ressources affectives.<br>Le fait capital dans cette affaire de r\u00e9sistance, c\u2019est de ne point reconna\u00eetre \u00e0 sa pens\u00e9e une existence propre, un fonctionnement autonome. Alors, quand il faut s\u2019exprimer librement et inventer, on continue \u00e0 se comporter d\u2019une mani\u00e8re volontariste, ce qui n\u2019a aucun effet lib\u00e9ratoire. L\u2019individu devient tendu et inquiet. Il ne conna\u00eet de la pens\u00e9e que ce que qu\u2019il en a fait : un programme disciplin\u00e9 d\u2019op\u00e9rations logiques sur du contenu surtout acquis. Cette urgence d\u2019adaptation, source utopique de tous nos processus de protection, l\u2019art-th\u00e9rapie peut nous en lib\u00e9rer. Elle nous invite \u00e0 agir de notre propre initiative, \u00e0 n\u2019\u00eatre asservi \u00e0 aucun but, \u00e0 parler tout haut, \u00e0 dire les choses simplement et sans compromission.<\/p>\n\n\n\n<p><strong><em>Pour lire le texte complet <a href=\"\/index.php\/options-dinscription\/\"><mark style=\"background-color:rgba(0, 0, 0, 0)\" class=\"has-inline-color has-vivid-cyan-blue-color\">s&rsquo;inscrire<\/mark><\/a> ou <a href=\"\/index.php\/my-account\/edit-account\/\"><mark style=\"background-color:rgba(0, 0, 0, 0)\" class=\"has-inline-color has-vivid-cyan-blue-color\">se connecter<\/mark><\/a><\/em><\/strong><\/p>\n\n\n\n\n\n<div style=\"height:100px\" aria-hidden=\"true\" class=\"wp-block-spacer\"><\/div>\n\n\n\n<div class=\"wp-block-buttons is-content-justification-center is-layout-flex wp-container-core-buttons-is-layout-a89b3969 wp-block-buttons-is-layout-flex\">\n<div class=\"wp-block-button has-custom-font-size has-small-font-size\"><a class=\"wp-block-button__link has-vivid-red-background-color has-background wp-element-button\" href=\"\/index.php\/2025\/03\/26\/resistance\/\">&lt;&#8211; retour<\/a><\/div>\n<\/div>\n<\/div>\n\n\n\n<div class=\"wp-block-column is-layout-flow wp-block-column-is-layout-flow\" style=\"flex-basis:33.33%\">\n<figure class=\"wp-block-table\"><table class=\"has-background\" style=\"background-color:#f8f2f2\"><thead><tr><th><mark class=\"has-inline-color has-vivid-red-color\" style=\"background-color: rgba(0, 0, 0, 0);\"><strong>Auteur<\/strong><\/mark><\/th><\/tr><\/thead><tbody><tr><td><p><strong><strong>Alain Vasseur<\/strong><\/strong><\/p><\/td><\/tr><\/tbody><\/table><\/figure>\n\n\n\n<figure class=\"wp-block-table\"><table><thead><tr><th><mark class=\"has-inline-color has-vivid-red-color\" style=\"background-color: rgba(0, 0, 0, 0);\"><strong>R\u00e9f\u00e9rence<\/strong><\/mark><\/th><\/tr><\/thead><tbody><tr><td><strong>RA020-03<\/strong><br><strong>R\u00e9sistance<\/strong><br>Journ\u00e9es de Printemps 2023<\/td><\/tr><\/tbody><\/table><\/figure>\n\n\n\n<figure class=\"wp-block-table\"><table><thead><tr><th><mark class=\"has-inline-color has-vivid-red-color\" style=\"background-color: rgba(0, 0, 0, 0);\"><strong>Cat\u00e9gories<\/strong><\/mark><\/th><\/tr><\/thead><tbody><tr><td>Ph\u00e9nom\u00e9nologie<br>Art-th\u00e9rapie<br>Arts plastiques<br>Techniques corporelles<br>Dispositif de m\u00e9diation<\/td><\/tr><\/tbody><\/table><\/figure>\n<\/div>\n<\/div>\n","protected":false},"excerpt":{"rendered":"<p>\u00c0 chaque conflit, l\u2019humain est condamn\u00e9 \u00e0 \u00e9clater l\u2019espace-temps qui lui est personnel pour commencer \u00ab une seconde fois \u00bb. Quand le tableau de notre monde int\u00e9rieur devient trop bruyant ou trop morcel\u00e9, s\u2019exprimer, cr\u00e9er, ce n\u2019est pas oublier, c\u2019est juste reprendre plus \u00e0 neuf, c\u2019est combattre nos r\u00e9sistances int\u00e9rieures,&hellip;<\/p>\n","protected":false},"author":2,"featured_media":0,"comment_status":"closed","ping_status":"open","sticky":false,"template":"","format":"standard","meta":{"pmpro_default_level":"","ngg_post_thumbnail":0,"footnotes":""},"categories":[124],"tags":[492,503,505,486,862,853,531],"class_list":["post-4813","post","type-post","status-publish","format-standard","hentry","category-vasseur-alain","tag-art-therapie","tag-arts-plastiques","tag-dispositif-de-mediation","tag-phenomenologie","tag-ra020-03","tag-resistance","tag-techniques-corporelles","pmpro-has-access"],"_links":{"self":[{"href":"https:\/\/bibliotheque-sfpe-at.com\/index.php\/wp-json\/wp\/v2\/posts\/4813","targetHints":{"allow":["GET"]}}],"collection":[{"href":"https:\/\/bibliotheque-sfpe-at.com\/index.php\/wp-json\/wp\/v2\/posts"}],"about":[{"href":"https:\/\/bibliotheque-sfpe-at.com\/index.php\/wp-json\/wp\/v2\/types\/post"}],"author":[{"embeddable":true,"href":"https:\/\/bibliotheque-sfpe-at.com\/index.php\/wp-json\/wp\/v2\/users\/2"}],"replies":[{"embeddable":true,"href":"https:\/\/bibliotheque-sfpe-at.com\/index.php\/wp-json\/wp\/v2\/comments?post=4813"}],"version-history":[{"count":2,"href":"https:\/\/bibliotheque-sfpe-at.com\/index.php\/wp-json\/wp\/v2\/posts\/4813\/revisions"}],"predecessor-version":[{"id":5341,"href":"https:\/\/bibliotheque-sfpe-at.com\/index.php\/wp-json\/wp\/v2\/posts\/4813\/revisions\/5341"}],"wp:attachment":[{"href":"https:\/\/bibliotheque-sfpe-at.com\/index.php\/wp-json\/wp\/v2\/media?parent=4813"}],"wp:term":[{"taxonomy":"category","embeddable":true,"href":"https:\/\/bibliotheque-sfpe-at.com\/index.php\/wp-json\/wp\/v2\/categories?post=4813"},{"taxonomy":"post_tag","embeddable":true,"href":"https:\/\/bibliotheque-sfpe-at.com\/index.php\/wp-json\/wp\/v2\/tags?post=4813"}],"curies":[{"name":"wp","href":"https:\/\/api.w.org\/{rel}","templated":true}]}}