{"id":4815,"date":"2025-03-26T13:12:46","date_gmt":"2025-03-26T12:12:46","guid":{"rendered":"https:\/\/bibliotheque-sfpe-at.com\/?p=4815"},"modified":"2025-03-26T17:21:38","modified_gmt":"2025-03-26T16:21:38","slug":"creer-et-resister-a-saint-alban-1940-1945","status":"publish","type":"post","link":"https:\/\/bibliotheque-sfpe-at.com\/index.php\/2025\/03\/26\/creer-et-resister-a-saint-alban-1940-1945\/","title":{"rendered":"Cr\u00e9er et r\u00e9sister \u00e0 Saint-Alban, 1940-1945"},"content":{"rendered":"\n<div class=\"wp-block-columns is-layout-flex wp-container-core-columns-is-layout-28f84493 wp-block-columns-is-layout-flex\">\n<div class=\"wp-block-column is-layout-flow wp-block-column-is-layout-flow\" style=\"flex-basis:66.66%\"><\/div>\n\n\n\n<div class=\"wp-block-column is-layout-flow wp-block-column-is-layout-flow\" style=\"flex-basis:33.33%\"><\/div>\n<\/div>\n\n\n\n<div class=\"wp-block-columns is-layout-flex wp-container-core-columns-is-layout-28f84493 wp-block-columns-is-layout-flex\">\n<div class=\"wp-block-column is-layout-flow wp-block-column-is-layout-flow\" style=\"flex-basis:66.66%\">\n<p>L\u2019association des termes \u00ab r\u00e9sistance \u00bb et \u00ab clinique \u00bb nous conduit \u00e0 \u00e9voquer l\u2019h\u00f4pital psychiatrique de Saint-Alban, en Loz\u00e8re, consid\u00e9r\u00e9 comme un lieu symptomatique de r\u00e9sistance : liens avec les r\u00e9seaux de publications clandestines, lieu d\u2019accueil de r\u00e9sistants et de pers\u00e9cut\u00e9s. Il est aussi connu comme lieu d\u2019exp\u00e9rimentation, \u00e0 partir de 1940, d\u2019un nouveau contrat social : r\u00e9former le vieil asile, sans c\u0153ur ni \u00e2me, au profit d\u2019une r\u00e9invention des m\u00e9thodes de soins psychiques, pr\u00e9mices de ce que l\u2019on nommera la psychoth\u00e9rapie institutionnelle. Cette r\u00e9volution de la psychiatrie se fait par la suppression des quartiers d\u2019agit\u00e9s, l\u2019ouverture des portes sur la cit\u00e9, la formation du personnel, la cr\u00e9ation d\u2019un service de p\u00e9dopsychiatrie, d\u2019un service d\u2019ergoth\u00e9rapie, mais aussi d\u2019un club th\u00e9rapeutique, d\u2019un th\u00e9\u00e2tre et d\u2019un journal. L\u2019h\u00f4pital est aussi un lieu d\u2019\u00e9laboration d\u2019une psychiatrie publique de proximit\u00e9 \u00e0 l\u2019origine de la psychiatrie de secteur. Des m\u00e9decins comme Genevi\u00e8ve et Paul Balvet, Fran\u00e7ois Tosquelles, Andr\u00e9 Chaurand ou Lucien Bonnaf\u00e9, en sont les acteurs principaux. Saint-Alban est aussi une terre de cr\u00e9ation : les sculptures d\u2019Auguste Forestier, les dessins et \u00e9crits d\u2019Aimable Jayet ou les broderies de Marguerite Sirvins, en t\u00e9moignent. Le recours au surr\u00e9alisme comme outil de d\u00e9sali\u00e9nation et levier d\u2019invention clinique joua un r\u00f4le pr\u00e9pond\u00e9rant dans cette aventure.<\/p>\n\n\n\n<p><strong><em>Pour lire le texte complet <a href=\"\/index.php\/options-dinscription\/\"><mark style=\"background-color:rgba(0, 0, 0, 0)\" class=\"has-inline-color has-vivid-cyan-blue-color\">s&rsquo;inscrire<\/mark><\/a> ou <a href=\"\/index.php\/my-account\/edit-account\/\"><mark style=\"background-color:rgba(0, 0, 0, 0)\" class=\"has-inline-color has-vivid-cyan-blue-color\">se connecter<\/mark><\/a><\/em><\/strong><\/p>\n\n\n\n\n\n<div style=\"height:100px\" aria-hidden=\"true\" class=\"wp-block-spacer\"><\/div>\n\n\n\n<div class=\"wp-block-buttons is-content-justification-center is-layout-flex wp-container-core-buttons-is-layout-a89b3969 wp-block-buttons-is-layout-flex\">\n<div class=\"wp-block-button has-custom-font-size has-small-font-size\"><a class=\"wp-block-button__link has-vivid-red-background-color has-background wp-element-button\" href=\"\/index.php\/2025\/03\/26\/resistance\/\">&lt;&#8211; retour<\/a><\/div>\n<\/div>\n<\/div>\n\n\n\n<div class=\"wp-block-column is-layout-flow wp-block-column-is-layout-flow\" style=\"flex-basis:33.33%\">\n<figure class=\"wp-block-table\"><table class=\"has-background\" style=\"background-color:#f8f2f2\"><thead><tr><th><mark class=\"has-inline-color has-vivid-red-color\" style=\"background-color: rgba(0, 0, 0, 0);\"><strong>Auteur<\/strong><\/mark><\/th><\/tr><\/thead><tbody><tr><td><p><strong><strong>Christophe Boulanger<\/strong><\/strong><\/p><\/td><\/tr><\/tbody><\/table><\/figure>\n\n\n\n<figure class=\"wp-block-table\"><table><thead><tr><th><mark class=\"has-inline-color has-vivid-red-color\" style=\"background-color: rgba(0, 0, 0, 0);\"><strong>R\u00e9f\u00e9rence<\/strong><\/mark><\/th><\/tr><\/thead><tbody><tr><td><strong>RA020-04<\/strong><br><strong>R\u00e9sistance<\/strong><br>Journ\u00e9es de Printemps 2023<\/td><\/tr><\/tbody><\/table><\/figure>\n\n\n\n<figure class=\"wp-block-table\"><table><thead><tr><th><mark class=\"has-inline-color has-vivid-red-color\" style=\"background-color: rgba(0, 0, 0, 0);\"><strong>Cat\u00e9gories<\/strong><\/mark><\/th><\/tr><\/thead><tbody><tr><td>Psychiatrie<br>Histoire<br>Arts pluriels<br>Dispositif de m\u00e9diation<br>Mus\u00e9e, exposition spectacle<\/td><\/tr><\/tbody><\/table><\/figure>\n<\/div>\n<\/div>\n","protected":false},"excerpt":{"rendered":"<p>L\u2019association des termes \u00ab r\u00e9sistance \u00bb et \u00ab clinique \u00bb nous conduit \u00e0 \u00e9voquer l\u2019h\u00f4pital psychiatrique de Saint-Alban, en Loz\u00e8re, consid\u00e9r\u00e9 comme un lieu symptomatique de r\u00e9sistance : liens avec les r\u00e9seaux de publications clandestines, lieu d\u2019accueil de r\u00e9sistants et de pers\u00e9cut\u00e9s. Il est aussi connu comme lieu d\u2019exp\u00e9rimentation, \u00e0&hellip;<\/p>\n","protected":false},"author":2,"featured_media":0,"comment_status":"closed","ping_status":"open","sticky":false,"template":"","format":"standard","meta":{"pmpro_default_level":"","ngg_post_thumbnail":0,"footnotes":""},"categories":[177],"tags":[569,505,575,571,574,863,853],"class_list":["post-4815","post","type-post","status-publish","format-standard","hentry","category-boulanger-christophe","tag-arts-pluriels","tag-dispositif-de-mediation","tag-histoire","tag-musees-expositions-spectacles","tag-psychiatrie","tag-ra020-04","tag-resistance","pmpro-has-access"],"_links":{"self":[{"href":"https:\/\/bibliotheque-sfpe-at.com\/index.php\/wp-json\/wp\/v2\/posts\/4815","targetHints":{"allow":["GET"]}}],"collection":[{"href":"https:\/\/bibliotheque-sfpe-at.com\/index.php\/wp-json\/wp\/v2\/posts"}],"about":[{"href":"https:\/\/bibliotheque-sfpe-at.com\/index.php\/wp-json\/wp\/v2\/types\/post"}],"author":[{"embeddable":true,"href":"https:\/\/bibliotheque-sfpe-at.com\/index.php\/wp-json\/wp\/v2\/users\/2"}],"replies":[{"embeddable":true,"href":"https:\/\/bibliotheque-sfpe-at.com\/index.php\/wp-json\/wp\/v2\/comments?post=4815"}],"version-history":[{"count":2,"href":"https:\/\/bibliotheque-sfpe-at.com\/index.php\/wp-json\/wp\/v2\/posts\/4815\/revisions"}],"predecessor-version":[{"id":4817,"href":"https:\/\/bibliotheque-sfpe-at.com\/index.php\/wp-json\/wp\/v2\/posts\/4815\/revisions\/4817"}],"wp:attachment":[{"href":"https:\/\/bibliotheque-sfpe-at.com\/index.php\/wp-json\/wp\/v2\/media?parent=4815"}],"wp:term":[{"taxonomy":"category","embeddable":true,"href":"https:\/\/bibliotheque-sfpe-at.com\/index.php\/wp-json\/wp\/v2\/categories?post=4815"},{"taxonomy":"post_tag","embeddable":true,"href":"https:\/\/bibliotheque-sfpe-at.com\/index.php\/wp-json\/wp\/v2\/tags?post=4815"}],"curies":[{"name":"wp","href":"https:\/\/api.w.org\/{rel}","templated":true}]}}