{"id":4818,"date":"2025-03-26T13:17:55","date_gmt":"2025-03-26T12:17:55","guid":{"rendered":"https:\/\/bibliotheque-sfpe-at.com\/?p=4818"},"modified":"2025-03-26T17:22:16","modified_gmt":"2025-03-26T16:22:16","slug":"resistances-au-feminin-devoilement-des-antigones","status":"publish","type":"post","link":"https:\/\/bibliotheque-sfpe-at.com\/index.php\/2025\/03\/26\/resistances-au-feminin-devoilement-des-antigones\/","title":{"rendered":"R\u00e9sistances au f\u00e9minin. D\u00e9voilement des Antigones"},"content":{"rendered":"\n<div class=\"wp-block-columns is-layout-flex wp-container-core-columns-is-layout-28f84493 wp-block-columns-is-layout-flex\">\n<div class=\"wp-block-column is-layout-flow wp-block-column-is-layout-flow\" style=\"flex-basis:66.66%\"><\/div>\n\n\n\n<div class=\"wp-block-column is-layout-flow wp-block-column-is-layout-flow\" style=\"flex-basis:33.33%\"><\/div>\n<\/div>\n\n\n\n<div class=\"wp-block-columns is-layout-flex wp-container-core-columns-is-layout-28f84493 wp-block-columns-is-layout-flex\">\n<div class=\"wp-block-column is-layout-flow wp-block-column-is-layout-flow\" style=\"flex-basis:66.66%\">\n<p>Obligado. L\u2019actualit\u00e9 nous oblige, celle des Antigones qui r\u00e9sistent \u00e0 la terreur dans l\u2019Ukraine attaqu\u00e9e et dans plusieurs pays du Moyen-Orient, o\u00f9 l\u2019int\u00e9grisme religieux aggrave les interdits que la tradition impose aux filles, d\u00e8s leur pubert\u00e9, \u00e0 leur d\u00e9sir d\u2019\u00eatre regard\u00e9es mais aussi de pouvoir regarder, c\u2019est-\u00e0-dire s\u2019instruire, choisir et exprimer leur singularit\u00e9 intime. Les hommages m\u00e9rit\u00e9s rendus aux combattants du premier rang, jeunes hommes unis par la fraternit\u00e9 des armes et pr\u00eats au sacrifice, surpassent la gratitude due aussi aux r\u00e9sistantes mobilis\u00e9es \u00e0 l\u2019arri\u00e8re ou dressant leurs bras devant les forces de police. Les reportages des performances \u00e0 visage d\u00e9couvert interdites ne sauraient faire oublier les expressions orphelines et les p\u00e9pites de po\u00efesis qui attestent la cr\u00e9ativit\u00e9 de survie psychique des d\u00e9sempar\u00e9s reclus, exil\u00e9s, r\u00e9fugi\u00e9s en asiles, camps, prisons ou bien concentr\u00e9s derri\u00e8re les fronti\u00e8res de leur patrie bombard\u00e9e (Picasso dans son Guernica n\u2019oublia pas les femmes). Charg\u00e9es de nourrir, de soigner, de prot\u00e9ger les plus vuln\u00e9rables, elles r\u00e9sistent aux privations, aux menaces d\u2019abandon, de viol et de mort, sauver leur dignit\u00e9 et leur droit de vivre libres. L\u2019enjeu n\u2019est plus seulement politique, ni id\u00e9ologique, mais de sauver l\u2019humanit\u00e9 d\u00e9sirante, quand les femmes bravent \u00e0 main nue, serrant une touffe de cheveux, ceux qui condamnent toute expression de leur f\u00e9minit\u00e9 en guise de refoulement de l\u2019horror feminae . L\u2019angoisse de castration, apanage de la saillance phallophore souvent \u00e9voqu\u00e9e chez les hommes comme motif de la peur des femmes, n\u2019est qu\u2019un succ\u00e9dan\u00e9 de l\u2019angoisse inspir\u00e9e par la b\u00e9ance du f\u00e9minin. Les attributs de la diff\u00e9rence des sexes (cheveux, seins) mais aussi de l\u2019agalma (brillance phallique) suscitent deux formes de r\u00e9sistance : l\u2019une iconoclaste et possessive, interdit \u00e0 l\u2019\u00e9tranger et privatise tout regard sur la f\u00e9minit\u00e9, ses instruments sont les voiles (hijab, niqab, burka), sa victime iconique est Mahsa Amini ; l\u2019autre iconophile artialise, \u00e9rige la f\u00e9minit\u00e9 en parade, ses instruments sont les supports iconiques, les parures et appr\u00eats.<\/p>\n\n\n\n<p><strong><em>Pour lire le texte complet <a href=\"\/index.php\/options-dinscription\/\"><mark style=\"background-color:rgba(0, 0, 0, 0)\" class=\"has-inline-color has-vivid-cyan-blue-color\">s&rsquo;inscrire<\/mark><\/a> ou <a href=\"\/index.php\/my-account\/edit-account\/\"><mark style=\"background-color:rgba(0, 0, 0, 0)\" class=\"has-inline-color has-vivid-cyan-blue-color\">se connecter<\/mark><\/a><\/em><\/strong><\/p>\n\n\n\n\n\n<div style=\"height:100px\" aria-hidden=\"true\" class=\"wp-block-spacer\"><\/div>\n\n\n\n<div class=\"wp-block-buttons is-content-justification-center is-layout-flex wp-container-core-buttons-is-layout-a89b3969 wp-block-buttons-is-layout-flex\">\n<div class=\"wp-block-button has-custom-font-size has-small-font-size\"><a class=\"wp-block-button__link has-vivid-red-background-color has-background wp-element-button\" href=\"\/index.php\/2025\/03\/26\/resistance\/\">&lt;&#8211; retour<\/a><\/div>\n<\/div>\n<\/div>\n\n\n\n<div class=\"wp-block-column is-layout-flow wp-block-column-is-layout-flow\" style=\"flex-basis:33.33%\">\n<figure class=\"wp-block-table\"><table class=\"has-background\" style=\"background-color:#f8f2f2\"><thead><tr><th><mark class=\"has-inline-color has-vivid-red-color\" style=\"background-color: rgba(0, 0, 0, 0);\"><strong>Auteur<\/strong><\/mark><\/th><\/tr><\/thead><tbody><tr><td><p><strong><strong>Jean-Pierre Martineau<\/strong><\/strong><\/p><\/td><\/tr><\/tbody><\/table><\/figure>\n\n\n\n<figure class=\"wp-block-table\"><table><thead><tr><th><mark class=\"has-inline-color has-vivid-red-color\" style=\"background-color: rgba(0, 0, 0, 0);\"><strong>R\u00e9f\u00e9rence<\/strong><\/mark><\/th><\/tr><\/thead><tbody><tr><td><strong>RA020-05<\/strong><br><strong>R\u00e9sistance<\/strong><br>Journ\u00e9es de Printemps 2023<\/td><\/tr><\/tbody><\/table><\/figure>\n\n\n\n<figure class=\"wp-block-table\"><table><thead><tr><th><mark class=\"has-inline-color has-vivid-red-color\" style=\"background-color: rgba(0, 0, 0, 0);\"><strong>Cat\u00e9gories<\/strong><\/mark><\/th><\/tr><\/thead><tbody><tr><td>Mythologie<br>\u00c9thique<br>Th\u00e9\u00e2tre<br>Cin\u00e9ma<\/td><\/tr><\/tbody><\/table><\/figure>\n<\/div>\n<\/div>\n","protected":false},"excerpt":{"rendered":"<p>Obligado. L\u2019actualit\u00e9 nous oblige, celle des Antigones qui r\u00e9sistent \u00e0 la terreur dans l\u2019Ukraine attaqu\u00e9e et dans plusieurs pays du Moyen-Orient, o\u00f9 l\u2019int\u00e9grisme religieux aggrave les interdits que la tradition impose aux filles, d\u00e8s leur pubert\u00e9, \u00e0 leur d\u00e9sir d\u2019\u00eatre regard\u00e9es mais aussi de pouvoir regarder, c\u2019est-\u00e0-dire s\u2019instruire, choisir et&hellip;<\/p>\n","protected":false},"author":2,"featured_media":0,"comment_status":"closed","ping_status":"open","sticky":false,"template":"","format":"standard","meta":{"pmpro_default_level":"","ngg_post_thumbnail":0,"footnotes":""},"categories":[41],"tags":[510,502,595,864,853,504],"class_list":["post-4818","post","type-post","status-publish","format-standard","hentry","category-martineau-jean-pierre","tag-cinema","tag-ethique","tag-mythologie","tag-ra020-05","tag-resistance","tag-theatre","pmpro-has-access"],"_links":{"self":[{"href":"https:\/\/bibliotheque-sfpe-at.com\/index.php\/wp-json\/wp\/v2\/posts\/4818","targetHints":{"allow":["GET"]}}],"collection":[{"href":"https:\/\/bibliotheque-sfpe-at.com\/index.php\/wp-json\/wp\/v2\/posts"}],"about":[{"href":"https:\/\/bibliotheque-sfpe-at.com\/index.php\/wp-json\/wp\/v2\/types\/post"}],"author":[{"embeddable":true,"href":"https:\/\/bibliotheque-sfpe-at.com\/index.php\/wp-json\/wp\/v2\/users\/2"}],"replies":[{"embeddable":true,"href":"https:\/\/bibliotheque-sfpe-at.com\/index.php\/wp-json\/wp\/v2\/comments?post=4818"}],"version-history":[{"count":1,"href":"https:\/\/bibliotheque-sfpe-at.com\/index.php\/wp-json\/wp\/v2\/posts\/4818\/revisions"}],"predecessor-version":[{"id":4819,"href":"https:\/\/bibliotheque-sfpe-at.com\/index.php\/wp-json\/wp\/v2\/posts\/4818\/revisions\/4819"}],"wp:attachment":[{"href":"https:\/\/bibliotheque-sfpe-at.com\/index.php\/wp-json\/wp\/v2\/media?parent=4818"}],"wp:term":[{"taxonomy":"category","embeddable":true,"href":"https:\/\/bibliotheque-sfpe-at.com\/index.php\/wp-json\/wp\/v2\/categories?post=4818"},{"taxonomy":"post_tag","embeddable":true,"href":"https:\/\/bibliotheque-sfpe-at.com\/index.php\/wp-json\/wp\/v2\/tags?post=4818"}],"curies":[{"name":"wp","href":"https:\/\/api.w.org\/{rel}","templated":true}]}}