{"id":4827,"date":"2025-03-26T13:38:07","date_gmt":"2025-03-26T12:38:07","guid":{"rendered":"https:\/\/bibliotheque-sfpe-at.com\/?p=4827"},"modified":"2025-03-26T17:23:09","modified_gmt":"2025-03-26T16:23:09","slug":"resistance-en-creation","status":"publish","type":"post","link":"https:\/\/bibliotheque-sfpe-at.com\/index.php\/2025\/03\/26\/resistance-en-creation\/","title":{"rendered":"R\u00e9sistance en cr\u00e9ation"},"content":{"rendered":"\n<p class=\"has-text-align-left\"><em>\u00ab\u00a0L\u2019homme malade a besoin de rencontrer aupr\u00e8s du psychiatre \u00e0 la fois accueil et r\u00e9sistance.\u00a0\u00bb<\/em><\/p>\n\n\n\n<div class=\"wp-block-columns is-layout-flex wp-container-core-columns-is-layout-28f84493 wp-block-columns-is-layout-flex\">\n<div class=\"wp-block-column is-layout-flow wp-block-column-is-layout-flow\" style=\"flex-basis:66.66%\"><\/div>\n\n\n\n<div class=\"wp-block-column is-layout-flow wp-block-column-is-layout-flow\" style=\"flex-basis:33.33%\"><\/div>\n<\/div>\n\n\n\n<div class=\"wp-block-columns is-layout-flex wp-container-core-columns-is-layout-28f84493 wp-block-columns-is-layout-flex\">\n<div class=\"wp-block-column is-layout-flow wp-block-column-is-layout-flow\" style=\"flex-basis:66.66%\">\n<p>Roland Kuhn, dans sa contribution publi\u00e9e dans L\u2019Ouvert \u2014 revue de l\u2019Association internationale Henri Maldiney \u2014, \u00e9nonce les trois fondements de la relation particuli\u00e8re entre un \u00eatre humain en souffrance psychique et son psychiatre : la rencontre, l\u2019accueil et la r\u00e9sistance.<br>Nous pouvons transposer les fondements de cette relation dans notre domaine d\u2019exercice : la personne en s\u00e9ance a besoin de rencontrer aupr\u00e8s de l\u2019art-th\u00e9rapeute \u00e0 la fois accueil et r\u00e9sistance.<br>Nous observerons donc la r\u00e9sistance depuis notre point de vue d\u2019art-th\u00e9rapeute. Comment, dans l\u2019espace art-th\u00e9rapeutique, se mat\u00e9rialise la r\u00e9sistance qui pose le cadre interne ? Celle-ci influence-t-elle l\u2019entre-deux de la relation transf\u00e9rentielle ?<br>Au pr\u00e9alable, nous verrons ce qui peut faire r\u00e9sistance chez l\u2019art-th\u00e9rapeute, tant vis-\u00e0-vis de l\u2019institution que vis-\u00e0-vis de la th\u00e9orie qu\u2019il emprunte. Si l\u2019art-th\u00e9rapeute ne se soumet pas aveugl\u00e9ment \u00e0 l\u2019art-th\u00e9rapie \u00e9ph\u00e9m\u00e8re, mais l\u2019\u00e9prouve par lui-m\u00eame, il va remettre en cause la th\u00e9orie ; il va diriger contre elle des attaques. Si elle survit, il peut s\u2019en servir librement et de mani\u00e8re cr\u00e9atrice.<br>Nous allons avancer certains \u00e9l\u00e9ments observ\u00e9s en s\u00e9ance avec Mme Sue et tenter de d\u00e9couvrir si l\u2019art-th\u00e9rapeute, qui r\u00e9siste et tente dans l\u2019apr\u00e8s-coup de la supervision de faire \u00e9voluer sa pratique, parvient \u00e0 distancer son propre d\u00e9sir de cr\u00e9ation.<br>Mme Sue m\u2019a \u00e9t\u00e9 pr\u00e9sent\u00e9e, par la psychomotricienne de l\u2019EHPAD o\u00f9 j\u2019exerce, comme une personne qui a pratiqu\u00e9 la peinture au sein d\u2019un groupe en atelier.<\/p>\n\n\n\n<p><strong><em>Pour lire le texte complet <a href=\"\/index.php\/options-dinscription\/\"><mark style=\"background-color:rgba(0, 0, 0, 0)\" class=\"has-inline-color has-vivid-cyan-blue-color\">s&rsquo;inscrire<\/mark><\/a> ou <a href=\"\/index.php\/my-account\/edit-account\/\"><mark style=\"background-color:rgba(0, 0, 0, 0)\" class=\"has-inline-color has-vivid-cyan-blue-color\">se connecter<\/mark><\/a><\/em><\/strong><\/p>\n\n\n\n\n\n<div style=\"height:100px\" aria-hidden=\"true\" class=\"wp-block-spacer\"><\/div>\n\n\n\n<div class=\"wp-block-buttons is-content-justification-center is-layout-flex wp-container-core-buttons-is-layout-a89b3969 wp-block-buttons-is-layout-flex\">\n<div class=\"wp-block-button has-custom-font-size has-small-font-size\"><a class=\"wp-block-button__link has-vivid-red-background-color has-background wp-element-button\" href=\"\/index.php\/2025\/03\/26\/resistance\/\">&lt;&#8211; retour<\/a><\/div>\n<\/div>\n<\/div>\n\n\n\n<div class=\"wp-block-column is-layout-flow wp-block-column-is-layout-flow\" style=\"flex-basis:33.33%\">\n<figure class=\"wp-block-table\"><table class=\"has-background\" style=\"background-color:#f8f2f2\"><thead><tr><th><mark class=\"has-inline-color has-vivid-red-color\" style=\"background-color: rgba(0, 0, 0, 0);\"><strong>Auteur<\/strong><\/mark><\/th><\/tr><\/thead><tbody><tr><td><p><strong><strong>Claire Dournier<\/strong><\/strong><\/p><\/td><\/tr><\/tbody><\/table><\/figure>\n\n\n\n<figure class=\"wp-block-table\"><table><thead><tr><th><mark class=\"has-inline-color has-vivid-red-color\" style=\"background-color: rgba(0, 0, 0, 0);\"><strong>R\u00e9f\u00e9rence<\/strong><\/mark><\/th><\/tr><\/thead><tbody><tr><td><strong>RA020-09<\/strong><br><strong>R\u00e9sistance<\/strong><br>Journ\u00e9es de Printemps 2023<\/td><\/tr><\/tbody><\/table><\/figure>\n\n\n\n<figure class=\"wp-block-table\"><table><thead><tr><th><mark class=\"has-inline-color has-vivid-red-color\" style=\"background-color: rgba(0, 0, 0, 0);\"><strong>Cat\u00e9gories<\/strong><\/mark><\/th><\/tr><\/thead><tbody><tr><td>Cas clinique<br>Art-th\u00e9rapie<br>Peinture<br>Personnes \u00e2g\u00e9es<\/td><\/tr><\/tbody><\/table><\/figure>\n<\/div>\n<\/div>\n","protected":false},"excerpt":{"rendered":"<p>\u00ab\u00a0L\u2019homme malade a besoin de rencontrer aupr\u00e8s du psychiatre \u00e0 la fois accueil et r\u00e9sistance.\u00a0\u00bb Roland Kuhn, dans sa contribution publi\u00e9e dans L\u2019Ouvert \u2014 revue de l\u2019Association internationale Henri Maldiney \u2014, \u00e9nonce les trois fondements de la relation particuli\u00e8re entre un \u00eatre humain en souffrance psychique et son psychiatre :&hellip;<\/p>\n","protected":false},"author":2,"featured_media":0,"comment_status":"closed","ping_status":"open","sticky":false,"template":"","format":"standard","meta":{"pmpro_default_level":"","ngg_post_thumbnail":0,"footnotes":""},"categories":[431],"tags":[492,493,484,675,868,853],"class_list":["post-4827","post","type-post","status-publish","format-standard","hentry","category-dournier-claire","tag-art-therapie","tag-cas-clinique","tag-peinture","tag-personne-agee","tag-ra020-09","tag-resistance","pmpro-has-access"],"_links":{"self":[{"href":"https:\/\/bibliotheque-sfpe-at.com\/index.php\/wp-json\/wp\/v2\/posts\/4827","targetHints":{"allow":["GET"]}}],"collection":[{"href":"https:\/\/bibliotheque-sfpe-at.com\/index.php\/wp-json\/wp\/v2\/posts"}],"about":[{"href":"https:\/\/bibliotheque-sfpe-at.com\/index.php\/wp-json\/wp\/v2\/types\/post"}],"author":[{"embeddable":true,"href":"https:\/\/bibliotheque-sfpe-at.com\/index.php\/wp-json\/wp\/v2\/users\/2"}],"replies":[{"embeddable":true,"href":"https:\/\/bibliotheque-sfpe-at.com\/index.php\/wp-json\/wp\/v2\/comments?post=4827"}],"version-history":[{"count":1,"href":"https:\/\/bibliotheque-sfpe-at.com\/index.php\/wp-json\/wp\/v2\/posts\/4827\/revisions"}],"predecessor-version":[{"id":4828,"href":"https:\/\/bibliotheque-sfpe-at.com\/index.php\/wp-json\/wp\/v2\/posts\/4827\/revisions\/4828"}],"wp:attachment":[{"href":"https:\/\/bibliotheque-sfpe-at.com\/index.php\/wp-json\/wp\/v2\/media?parent=4827"}],"wp:term":[{"taxonomy":"category","embeddable":true,"href":"https:\/\/bibliotheque-sfpe-at.com\/index.php\/wp-json\/wp\/v2\/categories?post=4827"},{"taxonomy":"post_tag","embeddable":true,"href":"https:\/\/bibliotheque-sfpe-at.com\/index.php\/wp-json\/wp\/v2\/tags?post=4827"}],"curies":[{"name":"wp","href":"https:\/\/api.w.org\/{rel}","templated":true}]}}