{"id":4829,"date":"2025-03-26T13:41:04","date_gmt":"2025-03-26T12:41:04","guid":{"rendered":"https:\/\/bibliotheque-sfpe-at.com\/?p=4829"},"modified":"2025-03-26T17:23:27","modified_gmt":"2025-03-26T16:23:27","slug":"resister-pour-mieux-dialoguer","status":"publish","type":"post","link":"https:\/\/bibliotheque-sfpe-at.com\/index.php\/2025\/03\/26\/resister-pour-mieux-dialoguer\/","title":{"rendered":"R\u00e9sister pour mieux dialoguer"},"content":{"rendered":"\n<p class=\"has-text-align-left\"><\/p>\n\n\n\n<div class=\"wp-block-columns is-layout-flex wp-container-core-columns-is-layout-28f84493 wp-block-columns-is-layout-flex\">\n<div class=\"wp-block-column is-layout-flow wp-block-column-is-layout-flow\" style=\"flex-basis:66.66%\"><\/div>\n\n\n\n<div class=\"wp-block-column is-layout-flow wp-block-column-is-layout-flow\" style=\"flex-basis:33.33%\"><\/div>\n<\/div>\n\n\n\n<div class=\"wp-block-columns is-layout-flex wp-container-core-columns-is-layout-28f84493 wp-block-columns-is-layout-flex\">\n<div class=\"wp-block-column is-layout-flow wp-block-column-is-layout-flow\" style=\"flex-basis:66.66%\">\n<p>La r\u00e9sistance r\u00e9siderait-elle dans \u00ab l\u2019horrible mouvement de l\u2019immobilit\u00e9 \u00bb, paradoxalement convoqu\u00e9e par les forces protagonistes projectives qui l\u2019auront provoqu\u00e9e ?<br>Car donner de la voix ne signifie pas forc\u00e9ment se faire entendre ni comprendre. Pour saisir \u00e0 quoi ressemble ce mouvement, tant\u00f4t tsunami \u00e9motionnel, tant\u00f4t \u00e9tang gel\u00e9, nous chercherons \u00e0 identifier ce qu\u2019il r\u00e9v\u00e8le en termes de perspectives et d\u2019interrogations sur la mise en \u0153uvre et la pratique de l\u2019art-th\u00e9rapie.<br>Chaque th\u00e9rapeute, chaque artiste, chaque patient a rencontr\u00e9 ce qui r\u00e9sistait en lui-m\u00eame. Les clivages institutionnels, les grilles d\u2019\u00e9valuation ou les diagnostics des m\u00e9decins s\u2019en accommodent difficilement. Le r\u00e9el se confronte \u00e0 la forme que prennent ses structures en s\u2019\u00e9laborant pour s\u2019enraciner dans les structures de l\u2019\u0153uvre en train de se faire.<br>Les r\u00e9alit\u00e9s de la clinique art-th\u00e9rapeutique sont plurielles et paradoxalement contradictoires. Le ph\u00e9nom\u00e8ne de r\u00e9sistance se manifeste dans le refus \/ l\u2019impossibilit\u00e9 d\u2019une d\u00e9livrance de la parole qui peut s\u2019entendre comme besoin de s\u2019isoler pour se retrouver face \u00e0 soi-m\u00eame et \u00e0 ses propres instances psychiques.<br>Dans la clinique art-th\u00e9rapeutique, la r\u00e9sistance et le trauma qui l\u2019a d\u00e9clench\u00e9e peuvent \u00eatre accueillis. Le processus de cr\u00e9ation prend alors toute sa place, et l\u2019illusion th\u00e9rapeutique commence \u00e0 fonctionner \u00e0 travers l\u2019\u0153uvre comme \u00ab m\u00e9dium mall\u00e9able \u00bb que la personne a choisi avec soin de nous repr\u00e9senter.<br>Je choisis ici de vous pr\u00e9senter quelques fen\u00eatres d\u2019exp\u00e9riences d\u2019animation de groupes en m\u2019int\u00e9ressant \u00e0 la dynamique g\u00e9n\u00e9r\u00e9e par son processus d\u2019agr\u00e9gation.<\/p>\n\n\n\n<p><strong><em>Pour lire le texte complet <a href=\"\/index.php\/options-dinscription\/\"><mark style=\"background-color:rgba(0, 0, 0, 0)\" class=\"has-inline-color has-vivid-cyan-blue-color\">s&rsquo;inscrire<\/mark><\/a> ou <a href=\"\/index.php\/my-account\/edit-account\/\"><mark style=\"background-color:rgba(0, 0, 0, 0)\" class=\"has-inline-color has-vivid-cyan-blue-color\">se connecter<\/mark><\/a><\/em><\/strong><\/p>\n\n\n\n\n\n<div style=\"height:100px\" aria-hidden=\"true\" class=\"wp-block-spacer\"><\/div>\n\n\n\n<div class=\"wp-block-buttons is-content-justification-center is-layout-flex wp-container-core-buttons-is-layout-a89b3969 wp-block-buttons-is-layout-flex\">\n<div class=\"wp-block-button has-custom-font-size has-small-font-size\"><a class=\"wp-block-button__link has-vivid-red-background-color has-background wp-element-button\" href=\"\/index.php\/2025\/03\/26\/resistance\/\">&lt;&#8211; retour<\/a><\/div>\n<\/div>\n<\/div>\n\n\n\n<div class=\"wp-block-column is-layout-flow wp-block-column-is-layout-flow\" style=\"flex-basis:33.33%\">\n<figure class=\"wp-block-table\"><table class=\"has-background\" style=\"background-color:#f8f2f2\"><thead><tr><th><mark class=\"has-inline-color has-vivid-red-color\" style=\"background-color: rgba(0, 0, 0, 0);\"><strong>Auteur<\/strong><\/mark><\/th><\/tr><\/thead><tbody><tr><td><p><strong><strong><strong>Fran\u00e7ois Schneider<\/strong><\/strong><\/strong><\/p><\/td><\/tr><\/tbody><\/table><\/figure>\n\n\n\n<figure class=\"wp-block-table\"><table><thead><tr><th><mark class=\"has-inline-color has-vivid-red-color\" style=\"background-color: rgba(0, 0, 0, 0);\"><strong>R\u00e9f\u00e9rence<\/strong><\/mark><\/th><\/tr><\/thead><tbody><tr><td><strong>RA020-10<\/strong><br><strong>R\u00e9sistance<\/strong><br>Journ\u00e9es de Printemps 2023<\/td><\/tr><\/tbody><\/table><\/figure>\n\n\n\n<figure class=\"wp-block-table\"><table><thead><tr><th><mark class=\"has-inline-color has-vivid-red-color\" style=\"background-color: rgba(0, 0, 0, 0);\"><strong>Cat\u00e9gories<\/strong><\/mark><\/th><\/tr><\/thead><tbody><tr><td>Art-th\u00e9rapie<br>Dispositif de m\u00e9diation<br>Peinture<br>Cas clinique<\/td><\/tr><\/tbody><\/table><\/figure>\n<\/div>\n<\/div>\n","protected":false},"excerpt":{"rendered":"<p>La r\u00e9sistance r\u00e9siderait-elle dans \u00ab l\u2019horrible mouvement de l\u2019immobilit\u00e9 \u00bb, paradoxalement convoqu\u00e9e par les forces protagonistes projectives qui l\u2019auront provoqu\u00e9e ?Car donner de la voix ne signifie pas forc\u00e9ment se faire entendre ni comprendre. Pour saisir \u00e0 quoi ressemble ce mouvement, tant\u00f4t tsunami \u00e9motionnel, tant\u00f4t \u00e9tang gel\u00e9, nous chercherons \u00e0&hellip;<\/p>\n","protected":false},"author":2,"featured_media":0,"comment_status":"closed","ping_status":"open","sticky":false,"template":"","format":"standard","meta":{"pmpro_default_level":"","ngg_post_thumbnail":0,"footnotes":""},"categories":[238],"tags":[492,505,493,484,869,853],"class_list":["post-4829","post","type-post","status-publish","format-standard","hentry","category-schneider-francois","tag-art-therapie","tag-dispositif-de-mediation","tag-cas-clinique","tag-peinture","tag-ra020-10","tag-resistance","pmpro-has-access"],"_links":{"self":[{"href":"https:\/\/bibliotheque-sfpe-at.com\/index.php\/wp-json\/wp\/v2\/posts\/4829","targetHints":{"allow":["GET"]}}],"collection":[{"href":"https:\/\/bibliotheque-sfpe-at.com\/index.php\/wp-json\/wp\/v2\/posts"}],"about":[{"href":"https:\/\/bibliotheque-sfpe-at.com\/index.php\/wp-json\/wp\/v2\/types\/post"}],"author":[{"embeddable":true,"href":"https:\/\/bibliotheque-sfpe-at.com\/index.php\/wp-json\/wp\/v2\/users\/2"}],"replies":[{"embeddable":true,"href":"https:\/\/bibliotheque-sfpe-at.com\/index.php\/wp-json\/wp\/v2\/comments?post=4829"}],"version-history":[{"count":1,"href":"https:\/\/bibliotheque-sfpe-at.com\/index.php\/wp-json\/wp\/v2\/posts\/4829\/revisions"}],"predecessor-version":[{"id":4830,"href":"https:\/\/bibliotheque-sfpe-at.com\/index.php\/wp-json\/wp\/v2\/posts\/4829\/revisions\/4830"}],"wp:attachment":[{"href":"https:\/\/bibliotheque-sfpe-at.com\/index.php\/wp-json\/wp\/v2\/media?parent=4829"}],"wp:term":[{"taxonomy":"category","embeddable":true,"href":"https:\/\/bibliotheque-sfpe-at.com\/index.php\/wp-json\/wp\/v2\/categories?post=4829"},{"taxonomy":"post_tag","embeddable":true,"href":"https:\/\/bibliotheque-sfpe-at.com\/index.php\/wp-json\/wp\/v2\/tags?post=4829"}],"curies":[{"name":"wp","href":"https:\/\/api.w.org\/{rel}","templated":true}]}}