{"id":4837,"date":"2025-03-26T13:52:21","date_gmt":"2025-03-26T12:52:21","guid":{"rendered":"https:\/\/bibliotheque-sfpe-at.com\/?p=4837"},"modified":"2025-03-26T17:24:09","modified_gmt":"2025-03-26T16:24:09","slug":"quand-resister-est-synonyme-dexister-2","status":"publish","type":"post","link":"https:\/\/bibliotheque-sfpe-at.com\/index.php\/2025\/03\/26\/quand-resister-est-synonyme-dexister-2\/","title":{"rendered":"Quand r\u00e9sister est synonyme d\u2019exister"},"content":{"rendered":"\n<p class=\"has-text-align-left\"><\/p>\n\n\n\n<div class=\"wp-block-columns is-layout-flex wp-container-core-columns-is-layout-28f84493 wp-block-columns-is-layout-flex\">\n<div class=\"wp-block-column is-layout-flow wp-block-column-is-layout-flow\" style=\"flex-basis:66.66%\"><\/div>\n\n\n\n<div class=\"wp-block-column is-layout-flow wp-block-column-is-layout-flow\" style=\"flex-basis:33.33%\"><\/div>\n<\/div>\n\n\n\n<div class=\"wp-block-columns is-layout-flex wp-container-core-columns-is-layout-28f84493 wp-block-columns-is-layout-flex\">\n<div class=\"wp-block-column is-layout-flow wp-block-column-is-layout-flow\" style=\"flex-basis:66.66%\">\n<p>Si l\u2019on admet que l\u2019existence est une \u00ab exigence \u00e0 l\u2019impossible \u00bb, une exigence \u00e0 \u00ab \u00eatre soi \u00bb face \u00e0 l\u2019inenvisageable ; si l\u2019on admet que l\u2019\u00e9motion est notre capacit\u00e9 \u00e0 accueillir l\u2019\u00e9v\u00e9nement, c\u2019est-\u00e0-dire ce qui arrive tout \u00e0 coup, hors d\u2019attente, et fait voir le monde autrement ; alors s\u2019impose \u00e0 nous imm\u00e9diatement l\u2019id\u00e9e de r\u00e9sistance, qui est une \u00ab tension vers \u00bb, une aspiration et une exp\u00e9rience, avant toute connaissance scientifique.<br>L\u2019existence commence, en fait, chez quelqu\u2019un qui se sent inexister. Premier d\u00e9fi originel. Premier d\u00e9fi que ne rel\u00e8ve pas le psychotique qui ne peut, au mieux, qu\u2019exister son inexistence.<br>\u00ab Il faut, pour exister, qu\u2019il y ait en nous, \u00e0 une profondeur variable, un \u00e9cran opaque qui renvoie nos paroles, nos attitudes et nos comportements comme autres \u00bb, pr\u00e9cise Maldiney.<br>N\u2019est-ce-pas l\u00e0 une premi\u00e8re forme de r\u00e9sistance ? Avant m\u00eame que ne se pr\u00e9sente \u00e0 nous quoi que ce soit, nous sommes contraints \u00e0 r\u00e9sister \u00e0 l\u2019inexistence ! C\u2019est ainsi qu\u2019une philosophie de la r\u00e9sistance nous renseigne sur l\u2019existence et sur ses \u00e9checs, en renouvelant le sentiment de notre pr\u00e9sence au monde ; en renouvelant l\u2019ontologie et la ph\u00e9nom\u00e9nologie. La pr\u00e9sence est une r\u00e9sistance.<\/p>\n\n\n\n<p><strong><em>Pour lire le texte complet <a href=\"\/index.php\/options-dinscription\/\"><mark style=\"background-color:rgba(0, 0, 0, 0)\" class=\"has-inline-color has-vivid-cyan-blue-color\">s&rsquo;inscrire<\/mark><\/a> ou <a href=\"\/index.php\/my-account\/edit-account\/\"><mark style=\"background-color:rgba(0, 0, 0, 0)\" class=\"has-inline-color has-vivid-cyan-blue-color\">se connecter<\/mark><\/a><\/em><\/strong><\/p>\n\n\n\n\n\n<div style=\"height:100px\" aria-hidden=\"true\" class=\"wp-block-spacer\"><\/div>\n\n\n\n<div class=\"wp-block-buttons is-content-justification-center is-layout-flex wp-container-core-buttons-is-layout-a89b3969 wp-block-buttons-is-layout-flex\">\n<div class=\"wp-block-button has-custom-font-size has-small-font-size\"><a class=\"wp-block-button__link has-vivid-red-background-color has-background wp-element-button\" href=\"\/index.php\/2025\/03\/26\/resistance\/\">&lt;&#8211; retour<\/a><\/div>\n<\/div>\n<\/div>\n\n\n\n<div class=\"wp-block-column is-layout-flow wp-block-column-is-layout-flow\" style=\"flex-basis:33.33%\">\n<figure class=\"wp-block-table\"><table class=\"has-background\" style=\"background-color:#f8f2f2\"><thead><tr><th><mark class=\"has-inline-color has-vivid-red-color\" style=\"background-color: rgba(0, 0, 0, 0);\"><strong>Auteur<\/strong><\/mark><\/th><\/tr><\/thead><tbody><tr><td><p><strong><strong><strong>Bernard Rigaud<\/strong><\/strong><\/strong><\/p><\/td><\/tr><\/tbody><\/table><\/figure>\n\n\n\n<figure class=\"wp-block-table\"><table><thead><tr><th><mark class=\"has-inline-color has-vivid-red-color\" style=\"background-color: rgba(0, 0, 0, 0);\"><strong>R\u00e9f\u00e9rence<\/strong><\/mark><\/th><\/tr><\/thead><tbody><tr><td><strong>RA020-13<\/strong><br><strong>R\u00e9sistance<\/strong><br>Journ\u00e9es de Printemps 2023<\/td><\/tr><\/tbody><\/table><\/figure>\n\n\n\n<figure class=\"wp-block-table\"><table><thead><tr><th><mark class=\"has-inline-color has-vivid-red-color\" style=\"background-color: rgba(0, 0, 0, 0);\"><strong>Cat\u00e9gories<\/strong><\/mark><\/th><\/tr><\/thead><tbody><tr><td>Philosophie<br>Psychanalyse<br>Histoire<br>Ph\u00e9nom\u00e9nologie<\/td><\/tr><\/tbody><\/table><\/figure>\n<\/div>\n<\/div>\n","protected":false},"excerpt":{"rendered":"<p>Si l\u2019on admet que l\u2019existence est une \u00ab exigence \u00e0 l\u2019impossible \u00bb, une exigence \u00e0 \u00ab \u00eatre soi \u00bb face \u00e0 l\u2019inenvisageable ; si l\u2019on admet que l\u2019\u00e9motion est notre capacit\u00e9 \u00e0 accueillir l\u2019\u00e9v\u00e9nement, c\u2019est-\u00e0-dire ce qui arrive tout \u00e0 coup, hors d\u2019attente, et fait voir le monde autrement ;&hellip;<\/p>\n","protected":false},"author":2,"featured_media":0,"comment_status":"closed","ping_status":"open","sticky":false,"template":"","format":"standard","meta":{"pmpro_default_level":"","ngg_post_thumbnail":0,"footnotes":""},"categories":[401],"tags":[575,486,487,494,872,853],"class_list":["post-4837","post","type-post","status-publish","format-standard","hentry","category-rigaud-bernard","tag-histoire","tag-phenomenologie","tag-philosophie","tag-psychanalyse","tag-ra020-13","tag-resistance","pmpro-has-access"],"_links":{"self":[{"href":"https:\/\/bibliotheque-sfpe-at.com\/index.php\/wp-json\/wp\/v2\/posts\/4837","targetHints":{"allow":["GET"]}}],"collection":[{"href":"https:\/\/bibliotheque-sfpe-at.com\/index.php\/wp-json\/wp\/v2\/posts"}],"about":[{"href":"https:\/\/bibliotheque-sfpe-at.com\/index.php\/wp-json\/wp\/v2\/types\/post"}],"author":[{"embeddable":true,"href":"https:\/\/bibliotheque-sfpe-at.com\/index.php\/wp-json\/wp\/v2\/users\/2"}],"replies":[{"embeddable":true,"href":"https:\/\/bibliotheque-sfpe-at.com\/index.php\/wp-json\/wp\/v2\/comments?post=4837"}],"version-history":[{"count":1,"href":"https:\/\/bibliotheque-sfpe-at.com\/index.php\/wp-json\/wp\/v2\/posts\/4837\/revisions"}],"predecessor-version":[{"id":4841,"href":"https:\/\/bibliotheque-sfpe-at.com\/index.php\/wp-json\/wp\/v2\/posts\/4837\/revisions\/4841"}],"wp:attachment":[{"href":"https:\/\/bibliotheque-sfpe-at.com\/index.php\/wp-json\/wp\/v2\/media?parent=4837"}],"wp:term":[{"taxonomy":"category","embeddable":true,"href":"https:\/\/bibliotheque-sfpe-at.com\/index.php\/wp-json\/wp\/v2\/categories?post=4837"},{"taxonomy":"post_tag","embeddable":true,"href":"https:\/\/bibliotheque-sfpe-at.com\/index.php\/wp-json\/wp\/v2\/tags?post=4837"}],"curies":[{"name":"wp","href":"https:\/\/api.w.org\/{rel}","templated":true}]}}