{"id":4842,"date":"2025-03-26T14:04:23","date_gmt":"2025-03-26T13:04:23","guid":{"rendered":"https:\/\/bibliotheque-sfpe-at.com\/?p=4842"},"modified":"2025-03-26T17:24:35","modified_gmt":"2025-03-26T16:24:35","slug":"la-resistance-de-la-vision-animiste-des-sorcieres-le-cas-dalberto-giacometti","status":"publish","type":"post","link":"https:\/\/bibliotheque-sfpe-at.com\/index.php\/2025\/03\/26\/la-resistance-de-la-vision-animiste-des-sorcieres-le-cas-dalberto-giacometti\/","title":{"rendered":"La r\u00e9sistance de la vision animiste des sorci\u00e8res. Le cas d\u2019Alberto Giacometti"},"content":{"rendered":"\n<p class=\"has-text-align-left\"><\/p>\n\n\n\n<div class=\"wp-block-columns is-layout-flex wp-container-core-columns-is-layout-28f84493 wp-block-columns-is-layout-flex\">\n<div class=\"wp-block-column is-layout-flow wp-block-column-is-layout-flow\" style=\"flex-basis:66.66%\"><\/div>\n\n\n\n<div class=\"wp-block-column is-layout-flow wp-block-column-is-layout-flow\" style=\"flex-basis:33.33%\"><\/div>\n<\/div>\n\n\n\n<div class=\"wp-block-columns is-layout-flex wp-container-core-columns-is-layout-28f84493 wp-block-columns-is-layout-flex\">\n<div class=\"wp-block-column is-layout-flow wp-block-column-is-layout-flow\" style=\"flex-basis:66.66%\">\n<p>En 1619, Maria Panzona dit aux inquisiteurs de Venise que son \u00e2me sort de son corps et qu\u2019elle se rend dans un pr\u00e9 pour participer \u00e0 des rituels agricoles. Les inquisiteurs jugent ces affirmations invraisemblables, voire impossibles. Avec l\u2019av\u00e8nement du si\u00e8cle des Lumi\u00e8res, cette impossibilit\u00e9 devient \u00e9vidente, et les sorci\u00e8res passent du b\u00fbcher aux asiles psychiatriques. Une nouvelle vision mat\u00e9rialiste s\u2019affirme dans le monde, mais il y a des r\u00e9sistances \u00e0 cette vision dominante. Ces r\u00e9sistances peuvent rester silencieuses, \u00e9touff\u00e9es par des m\u00e9dicaments, ou se manifester heureusement dans le monde, comme ce fut le cas d\u2019Alberto Giacometti.<br>\u00ab Les gens qui ach\u00e8tent mes bustes d\u2019apr\u00e8s nature croient qu\u2019ils sont invent\u00e9s de toutes pi\u00e8ces, seulement inconsciemment ils voient quelque chose dedans qui ressemble \u00e0 la r\u00e9alit\u00e9. \u00bb<br>La vision consciente de ses \u0153uvres d\u2019apr\u00e8s nature reste probl\u00e9matique. Il existe bien un \u00e9cart entre la vision dominante du r\u00e9el et celle de l\u2019artiste, n\u00e9anmoins la relation avec le public reste \u00e0 un niveau inconscient. Par son travail, Alberto Giacometti n\u2019avait certes pas l\u2019intention de r\u00e9volutionner la vision dominante, c\u2019\u00e9tait la r\u00e9sistance d\u2019une vision qui remonte aux sources de l\u2019art. Une vision animiste qui resurgit \u00e0 la fin des Temps modernes.<br>La science peut-elle nous \u00e9clairer sur ces ph\u00e9nom\u00e8nes qui restent dans son ombre ? Le cas heureux de Giacometti nous encourage \u00e0 y voir plus clair. On d\u00e9couvre un espace archa\u00efque \u00ab merveilleux \u00bb.<\/p>\n\n\n\n<p>La pertinence de cette approche radicale de la subjectivit\u00e9 peut se retrouver dans l\u2019analyse ph\u00e9nom\u00e9nologique des vertus de l\u2019\u00e9treinte, et pr\u00e9cis\u00e9ment du holding, lequel offre au mouvement spontan\u00e9 un jeu de r\u00e9sistance anim\u00e9e. Cette m\u00eame analyse peut indiquer la voie d\u2019une compr\u00e9hension des st\u00e9r\u00e9otypies comme des mouvements en recherche de r\u00e9sistance.<\/p>\n\n\n\n<p><strong><em>Pour lire le texte complet <a href=\"\/index.php\/options-dinscription\/\"><mark style=\"background-color:rgba(0, 0, 0, 0)\" class=\"has-inline-color has-vivid-cyan-blue-color\">s&rsquo;inscrire<\/mark><\/a> ou <a href=\"\/index.php\/my-account\/edit-account\/\"><mark style=\"background-color:rgba(0, 0, 0, 0)\" class=\"has-inline-color has-vivid-cyan-blue-color\">se connecter<\/mark><\/a><\/em><\/strong><\/p>\n\n\n\n\n\n<div style=\"height:100px\" aria-hidden=\"true\" class=\"wp-block-spacer\"><\/div>\n\n\n\n<div class=\"wp-block-buttons is-content-justification-center is-layout-flex wp-container-core-buttons-is-layout-a89b3969 wp-block-buttons-is-layout-flex\">\n<div class=\"wp-block-button has-custom-font-size has-small-font-size\"><a class=\"wp-block-button__link has-vivid-red-background-color has-background wp-element-button\" href=\"\/index.php\/2025\/03\/26\/resistance\/\">&lt;&#8211; retour<\/a><\/div>\n<\/div>\n<\/div>\n\n\n\n<div class=\"wp-block-column is-layout-flow wp-block-column-is-layout-flow\" style=\"flex-basis:33.33%\">\n<figure class=\"wp-block-table\"><table class=\"has-background\" style=\"background-color:#f8f2f2\"><thead><tr><th><mark class=\"has-inline-color has-vivid-red-color\" style=\"background-color: rgba(0, 0, 0, 0);\"><strong>Auteur<\/strong><\/mark><\/th><\/tr><\/thead><tbody><tr><td><p><strong><strong><strong>Fabio Walder<\/strong><\/strong><\/strong><\/p><\/td><\/tr><\/tbody><\/table><\/figure>\n\n\n\n<figure class=\"wp-block-table\"><table><thead><tr><th><mark class=\"has-inline-color has-vivid-red-color\" style=\"background-color: rgba(0, 0, 0, 0);\"><strong>R\u00e9f\u00e9rence<\/strong><\/mark><\/th><\/tr><\/thead><tbody><tr><td><strong>RA020-15<\/strong><br><strong>R\u00e9sistance<\/strong><br>Journ\u00e9es de Printemps 2023<\/td><\/tr><\/tbody><\/table><\/figure>\n\n\n\n<figure class=\"wp-block-table\"><table><thead><tr><th><mark class=\"has-inline-color has-vivid-red-color\" style=\"background-color: rgba(0, 0, 0, 0);\"><strong>Cat\u00e9gories<\/strong><\/mark><\/th><\/tr><\/thead><tbody><tr><td>Art<br>Ph\u00e9nom\u00e9nologie<\/td><\/tr><\/tbody><\/table><\/figure>\n<\/div>\n<\/div>\n","protected":false},"excerpt":{"rendered":"<p>En 1619, Maria Panzona dit aux inquisiteurs de Venise que son \u00e2me sort de son corps et qu\u2019elle se rend dans un pr\u00e9 pour participer \u00e0 des rituels agricoles. Les inquisiteurs jugent ces affirmations invraisemblables, voire impossibles. Avec l\u2019av\u00e8nement du si\u00e8cle des Lumi\u00e8res, cette impossibilit\u00e9 devient \u00e9vidente, et les sorci\u00e8res&hellip;<\/p>\n","protected":false},"author":2,"featured_media":0,"comment_status":"closed","ping_status":"open","sticky":false,"template":"","format":"standard","meta":{"pmpro_default_level":"","ngg_post_thumbnail":0,"footnotes":""},"categories":[643],"tags":[483,486,874,853],"class_list":["post-4842","post","type-post","status-publish","format-standard","hentry","category-walder-fabio","tag-art","tag-phenomenologie","tag-ra020-15","tag-resistance","pmpro-has-access"],"_links":{"self":[{"href":"https:\/\/bibliotheque-sfpe-at.com\/index.php\/wp-json\/wp\/v2\/posts\/4842","targetHints":{"allow":["GET"]}}],"collection":[{"href":"https:\/\/bibliotheque-sfpe-at.com\/index.php\/wp-json\/wp\/v2\/posts"}],"about":[{"href":"https:\/\/bibliotheque-sfpe-at.com\/index.php\/wp-json\/wp\/v2\/types\/post"}],"author":[{"embeddable":true,"href":"https:\/\/bibliotheque-sfpe-at.com\/index.php\/wp-json\/wp\/v2\/users\/2"}],"replies":[{"embeddable":true,"href":"https:\/\/bibliotheque-sfpe-at.com\/index.php\/wp-json\/wp\/v2\/comments?post=4842"}],"version-history":[{"count":1,"href":"https:\/\/bibliotheque-sfpe-at.com\/index.php\/wp-json\/wp\/v2\/posts\/4842\/revisions"}],"predecessor-version":[{"id":4843,"href":"https:\/\/bibliotheque-sfpe-at.com\/index.php\/wp-json\/wp\/v2\/posts\/4842\/revisions\/4843"}],"wp:attachment":[{"href":"https:\/\/bibliotheque-sfpe-at.com\/index.php\/wp-json\/wp\/v2\/media?parent=4842"}],"wp:term":[{"taxonomy":"category","embeddable":true,"href":"https:\/\/bibliotheque-sfpe-at.com\/index.php\/wp-json\/wp\/v2\/categories?post=4842"},{"taxonomy":"post_tag","embeddable":true,"href":"https:\/\/bibliotheque-sfpe-at.com\/index.php\/wp-json\/wp\/v2\/tags?post=4842"}],"curies":[{"name":"wp","href":"https:\/\/api.w.org\/{rel}","templated":true}]}}