{"id":4850,"date":"2025-03-26T14:19:34","date_gmt":"2025-03-26T13:19:34","guid":{"rendered":"https:\/\/bibliotheque-sfpe-at.com\/?p=4850"},"modified":"2025-03-26T17:25:20","modified_gmt":"2025-03-26T16:25:20","slug":"quand-laddiction-resiste-lart-therapie-ouvre-la-creativite-du-sujet","status":"publish","type":"post","link":"https:\/\/bibliotheque-sfpe-at.com\/index.php\/2025\/03\/26\/quand-laddiction-resiste-lart-therapie-ouvre-la-creativite-du-sujet\/","title":{"rendered":"Quand l\u2019addiction r\u00e9siste\u2026 l\u2019art-th\u00e9rapie ouvre la cr\u00e9ativit\u00e9 du sujet"},"content":{"rendered":"\n<p class=\"has-text-align-left\"><\/p>\n\n\n\n<div class=\"wp-block-columns is-layout-flex wp-container-core-columns-is-layout-28f84493 wp-block-columns-is-layout-flex\">\n<div class=\"wp-block-column is-layout-flow wp-block-column-is-layout-flow\" style=\"flex-basis:66.66%\"><\/div>\n\n\n\n<div class=\"wp-block-column is-layout-flow wp-block-column-is-layout-flow\" style=\"flex-basis:33.33%\"><\/div>\n<\/div>\n\n\n\n<div class=\"wp-block-columns is-layout-flex wp-container-core-columns-is-layout-28f84493 wp-block-columns-is-layout-flex\">\n<div class=\"wp-block-column is-layout-flow wp-block-column-is-layout-flow\" style=\"flex-basis:66.66%\">\n<p>Jadis l\u2019art psych\u00e9d\u00e9lique a \u00e9t\u00e9 tout autant adul\u00e9 que critiqu\u00e9. Quasi parall\u00e8lement, l\u2019impact des paradis artificiels a \u00e9t\u00e9 pr\u00e9sent\u00e9 soit comme stimulant cr\u00e9atif, soit comme vecteur d\u2019une descente aux enfers de la cr\u00e9ation. Aujourd\u2019hui, la psychoth\u00e9rapie psych\u00e9d\u00e9lique (re)trouve une place dans le soin de la d\u00e9pression, du stress, de l\u2019alcoolisme. Dans ce contexte d\u00e9routant, la personne addict\u00e9e \u00e0 des produits, m\u00eame lorsqu\u2019elle b\u00e9n\u00e9ficie d\u2019un traitement de substitution, se retrouve, par-del\u00e0 les repr\u00e9sentations des soignants, \u00e0 l\u2019intersection de faillites cumulatives concernant l\u2019inscription dans la temporalit\u00e9, le Moi-peau, l\u2019estime de soi identitaire, l\u2019\u00e9prouv\u00e9 du plaisir. Pour se reconnecter \u00e0 l\u2019imaginaire, au corps, aux \u00e9motions et \u00e0 l\u2019autre, la mise en place d\u2019un dispositif d\u2019ateliers d\u2019art-th\u00e9rapie appara\u00eet comme l\u2019une des voies d\u2019\u00e9lection. Ceux-ci permettent de contourner \/ d\u2019accueillir les r\u00e9sistances de ces personnes en convoquant une souple directivit\u00e9, une enveloppe maternelle, des apports techniques et une contenance groupale. Dans ce cadre secure, la production d\u2019un objet advient comme une permanence identitaire de soi et de ses forces cr\u00e9atives.<br>Au fil de cette communication, nous d\u00e9velopperons ce dispositif et les m\u00e9canismes \/ processus convoqu\u00e9s en les illustrant par des vignettes cliniques.<\/p>\n\n\n\n<p><strong><em>Pour lire le texte complet <a href=\"\/index.php\/options-dinscription\/\"><mark style=\"background-color:rgba(0, 0, 0, 0)\" class=\"has-inline-color has-vivid-cyan-blue-color\">s&rsquo;inscrire<\/mark><\/a> ou <a href=\"\/index.php\/my-account\/edit-account\/\"><mark style=\"background-color:rgba(0, 0, 0, 0)\" class=\"has-inline-color has-vivid-cyan-blue-color\">se connecter<\/mark><\/a><\/em><\/strong><\/p>\n\n\n\n\n\n<div style=\"height:100px\" aria-hidden=\"true\" class=\"wp-block-spacer\"><\/div>\n\n\n\n<div class=\"wp-block-buttons is-content-justification-center is-layout-flex wp-container-core-buttons-is-layout-a89b3969 wp-block-buttons-is-layout-flex\">\n<div class=\"wp-block-button has-custom-font-size has-small-font-size\"><a class=\"wp-block-button__link has-vivid-red-background-color has-background wp-element-button\" href=\"\/index.php\/2025\/03\/26\/resistance\/\">&lt;&#8211; retour<\/a><\/div>\n<\/div>\n<\/div>\n\n\n\n<div class=\"wp-block-column is-layout-flow wp-block-column-is-layout-flow\" style=\"flex-basis:33.33%\">\n<figure class=\"wp-block-table\"><table class=\"has-background\" style=\"background-color:#f8f2f2\"><thead><tr><th><mark class=\"has-inline-color has-vivid-red-color\" style=\"background-color: rgba(0, 0, 0, 0);\"><strong>Auteur<\/strong><\/mark><\/th><\/tr><\/thead><tbody><tr><td><p><strong><strong><strong><strong>Marie-H\u00e9l\u00e8ne Sales<\/strong><\/strong><\/strong><\/strong><\/p><strong>Jean-Luc Sudres<\/strong><\/td><\/tr><\/tbody><\/table><\/figure>\n\n\n\n<figure class=\"wp-block-table\"><table><thead><tr><th><mark class=\"has-inline-color has-vivid-red-color\" style=\"background-color: rgba(0, 0, 0, 0);\"><strong>R\u00e9f\u00e9rence<\/strong><\/mark><\/th><\/tr><\/thead><tbody><tr><td><strong>RA020-18<\/strong><br><strong>R\u00e9sistance<\/strong><br>Journ\u00e9es de Printemps 2023<\/td><\/tr><\/tbody><\/table><\/figure>\n\n\n\n<figure class=\"wp-block-table\"><table><thead><tr><th><mark class=\"has-inline-color has-vivid-red-color\" style=\"background-color: rgba(0, 0, 0, 0);\"><strong>Cat\u00e9gories<\/strong><\/mark><\/th><\/tr><\/thead><tbody><tr><td>Art-th\u00e9rapie<br>Masque<br>Peinture<br>Cas clinique<\/td><\/tr><\/tbody><\/table><\/figure>\n<\/div>\n<\/div>\n","protected":false},"excerpt":{"rendered":"<p>Jadis l\u2019art psych\u00e9d\u00e9lique a \u00e9t\u00e9 tout autant adul\u00e9 que critiqu\u00e9. Quasi parall\u00e8lement, l\u2019impact des paradis artificiels a \u00e9t\u00e9 pr\u00e9sent\u00e9 soit comme stimulant cr\u00e9atif, soit comme vecteur d\u2019une descente aux enfers de la cr\u00e9ation. Aujourd\u2019hui, la psychoth\u00e9rapie psych\u00e9d\u00e9lique (re)trouve une place dans le soin de la d\u00e9pression, du stress, de l\u2019alcoolisme.&hellip;<\/p>\n","protected":false},"author":2,"featured_media":0,"comment_status":"closed","ping_status":"open","sticky":false,"template":"","format":"standard","meta":{"pmpro_default_level":"","ngg_post_thumbnail":0,"footnotes":""},"categories":[857,451],"tags":[492,493,858,484,877,853],"class_list":["post-4850","post","type-post","status-publish","format-standard","hentry","category-sales-marie-helene","category-sudres-jean-luc","tag-art-therapie","tag-cas-clinique","tag-masque","tag-peinture","tag-ra020-18","tag-resistance","pmpro-has-access"],"_links":{"self":[{"href":"https:\/\/bibliotheque-sfpe-at.com\/index.php\/wp-json\/wp\/v2\/posts\/4850","targetHints":{"allow":["GET"]}}],"collection":[{"href":"https:\/\/bibliotheque-sfpe-at.com\/index.php\/wp-json\/wp\/v2\/posts"}],"about":[{"href":"https:\/\/bibliotheque-sfpe-at.com\/index.php\/wp-json\/wp\/v2\/types\/post"}],"author":[{"embeddable":true,"href":"https:\/\/bibliotheque-sfpe-at.com\/index.php\/wp-json\/wp\/v2\/users\/2"}],"replies":[{"embeddable":true,"href":"https:\/\/bibliotheque-sfpe-at.com\/index.php\/wp-json\/wp\/v2\/comments?post=4850"}],"version-history":[{"count":1,"href":"https:\/\/bibliotheque-sfpe-at.com\/index.php\/wp-json\/wp\/v2\/posts\/4850\/revisions"}],"predecessor-version":[{"id":4851,"href":"https:\/\/bibliotheque-sfpe-at.com\/index.php\/wp-json\/wp\/v2\/posts\/4850\/revisions\/4851"}],"wp:attachment":[{"href":"https:\/\/bibliotheque-sfpe-at.com\/index.php\/wp-json\/wp\/v2\/media?parent=4850"}],"wp:term":[{"taxonomy":"category","embeddable":true,"href":"https:\/\/bibliotheque-sfpe-at.com\/index.php\/wp-json\/wp\/v2\/categories?post=4850"},{"taxonomy":"post_tag","embeddable":true,"href":"https:\/\/bibliotheque-sfpe-at.com\/index.php\/wp-json\/wp\/v2\/tags?post=4850"}],"curies":[{"name":"wp","href":"https:\/\/api.w.org\/{rel}","templated":true}]}}