{"id":4855,"date":"2025-03-26T14:52:25","date_gmt":"2025-03-26T13:52:25","guid":{"rendered":"https:\/\/bibliotheque-sfpe-at.com\/?p=4855"},"modified":"2025-03-26T17:25:48","modified_gmt":"2025-03-26T16:25:48","slug":"la-resistance-du-reel-dans-loeuvre-dedouard-manet","status":"publish","type":"post","link":"https:\/\/bibliotheque-sfpe-at.com\/index.php\/2025\/03\/26\/la-resistance-du-reel-dans-loeuvre-dedouard-manet\/","title":{"rendered":"La r\u00e9sistance du r\u00e9el dans l\u2019\u0153uvre d\u2019\u00c9douard Manet"},"content":{"rendered":"\n<p class=\"has-text-align-left\"><\/p>\n\n\n\n<div class=\"wp-block-columns is-layout-flex wp-container-core-columns-is-layout-28f84493 wp-block-columns-is-layout-flex\">\n<div class=\"wp-block-column is-layout-flow wp-block-column-is-layout-flow\" style=\"flex-basis:66.66%\"><\/div>\n\n\n\n<div class=\"wp-block-column is-layout-flow wp-block-column-is-layout-flow\" style=\"flex-basis:33.33%\"><\/div>\n<\/div>\n\n\n\n<div class=\"wp-block-columns is-layout-flex wp-container-core-columns-is-layout-28f84493 wp-block-columns-is-layout-flex\">\n<div class=\"wp-block-column is-layout-flow wp-block-column-is-layout-flow\" style=\"flex-basis:66.66%\">\n<p>Si, comme l\u2019\u00e9nonce Bataille dans l\u2019ouvrage qu\u2019il consacre \u00e0 Manet, il y a une affinit\u00e9 fondamentale entre l\u2019\u0153uvre d\u2019art et l\u2019acte de r\u00e9sistance, Malraux, pour sa part, consid\u00e8re l\u2019art comme la seule chose qui r\u00e9siste \u00e0 la mort. De l\u00e0 \u00e0 penser que l\u2019art est un acte de r\u00e9sistance contre la mort, il n\u2019y a qu\u2019un pas que de nombreuses \u0153uvres nous permettent de franchir. Celle de Manet notamment.<br>R\u00e9sister pour Manet, c\u2019est prendre le risque d\u2019exprimer ce qui jamais ne le fut et qui semble sans cesse se d\u00e9rober \u00e0 l\u2019expression, \u00e0 savoir la crudit\u00e9 de la vie r\u00e9elle au-del\u00e0 de la r\u00e9alit\u00e9. C\u2019est d\u00e9cevoir l\u2019attente par la puissance de dissolution qu\u2019il manifeste dans ses toiles. Sa peinture ne raconte pas, n\u2019\u00e9voque pas ; elle s\u2019en tient \u00e0 l\u2019indiff\u00e9rence pour nous montrer l\u2019op\u00e9ration par laquelle elle se d\u00e9lie de la repr\u00e9sentation pour faire \u00e9merger le r\u00e9el, du sexuel et de la mort, masqu\u00e9 par cette repr\u00e9sentation.<\/p>\n\n\n\n<p><strong><em>Pour lire le texte complet <a href=\"\/index.php\/options-dinscription\/\"><mark style=\"background-color:rgba(0, 0, 0, 0)\" class=\"has-inline-color has-vivid-cyan-blue-color\">s&rsquo;inscrire<\/mark><\/a> ou <a href=\"\/index.php\/my-account\/edit-account\/\"><mark style=\"background-color:rgba(0, 0, 0, 0)\" class=\"has-inline-color has-vivid-cyan-blue-color\">se connecter<\/mark><\/a><\/em><\/strong><\/p>\n\n\n\n\n\n<div style=\"height:100px\" aria-hidden=\"true\" class=\"wp-block-spacer\"><\/div>\n\n\n\n<div class=\"wp-block-buttons is-content-justification-center is-layout-flex wp-container-core-buttons-is-layout-a89b3969 wp-block-buttons-is-layout-flex\">\n<div class=\"wp-block-button has-custom-font-size has-small-font-size\"><a class=\"wp-block-button__link has-vivid-red-background-color has-background wp-element-button\" href=\"\/index.php\/2025\/03\/26\/resistance\/\">&lt;&#8211; retour<\/a><\/div>\n<\/div>\n<\/div>\n\n\n\n<div class=\"wp-block-column is-layout-flow wp-block-column-is-layout-flow\" style=\"flex-basis:33.33%\">\n<figure class=\"wp-block-table\"><table class=\"has-background\" style=\"background-color:#f8f2f2\"><thead><tr><th><mark class=\"has-inline-color has-vivid-red-color\" style=\"background-color: rgba(0, 0, 0, 0);\"><strong>Auteur<\/strong><\/mark><\/th><\/tr><\/thead><tbody><tr><td><strong><strong><strong><strong>Suzanne Ferri\u00e8res-Pestureau<\/strong><\/strong><\/strong><\/strong><\/td><\/tr><\/tbody><\/table><\/figure>\n\n\n\n<figure class=\"wp-block-table\"><table><thead><tr><th><mark class=\"has-inline-color has-vivid-red-color\" style=\"background-color: rgba(0, 0, 0, 0);\"><strong>R\u00e9f\u00e9rence<\/strong><\/mark><\/th><\/tr><\/thead><tbody><tr><td><strong>RA020-21<\/strong><br><strong>R\u00e9sistance<\/strong><br>Journ\u00e9es de Printemps 2023<\/td><\/tr><\/tbody><\/table><\/figure>\n\n\n\n<figure class=\"wp-block-table\"><table><thead><tr><th><mark class=\"has-inline-color has-vivid-red-color\" style=\"background-color: rgba(0, 0, 0, 0);\"><strong>Cat\u00e9gories<\/strong><\/mark><\/th><\/tr><\/thead><tbody><tr><td>Art<br>Histoire<br>Esth\u00e9tique<br>Peinture<\/td><\/tr><\/tbody><\/table><\/figure>\n<\/div>\n<\/div>\n","protected":false},"excerpt":{"rendered":"<p>Si, comme l\u2019\u00e9nonce Bataille dans l\u2019ouvrage qu\u2019il consacre \u00e0 Manet, il y a une affinit\u00e9 fondamentale entre l\u2019\u0153uvre d\u2019art et l\u2019acte de r\u00e9sistance, Malraux, pour sa part, consid\u00e8re l\u2019art comme la seule chose qui r\u00e9siste \u00e0 la mort. De l\u00e0 \u00e0 penser que l\u2019art est un acte de r\u00e9sistance contre&hellip;<\/p>\n","protected":false},"author":2,"featured_media":0,"comment_status":"closed","ping_status":"open","sticky":false,"template":"","format":"standard","meta":{"pmpro_default_level":"","ngg_post_thumbnail":0,"footnotes":""},"categories":[141],"tags":[483,491,575,484,879,853],"class_list":["post-4855","post","type-post","status-publish","format-standard","hentry","category-ferrieres-pestureau-suzanne","tag-art","tag-esthetique","tag-histoire","tag-peinture","tag-ra020-21","tag-resistance","pmpro-has-access"],"_links":{"self":[{"href":"https:\/\/bibliotheque-sfpe-at.com\/index.php\/wp-json\/wp\/v2\/posts\/4855","targetHints":{"allow":["GET"]}}],"collection":[{"href":"https:\/\/bibliotheque-sfpe-at.com\/index.php\/wp-json\/wp\/v2\/posts"}],"about":[{"href":"https:\/\/bibliotheque-sfpe-at.com\/index.php\/wp-json\/wp\/v2\/types\/post"}],"author":[{"embeddable":true,"href":"https:\/\/bibliotheque-sfpe-at.com\/index.php\/wp-json\/wp\/v2\/users\/2"}],"replies":[{"embeddable":true,"href":"https:\/\/bibliotheque-sfpe-at.com\/index.php\/wp-json\/wp\/v2\/comments?post=4855"}],"version-history":[{"count":1,"href":"https:\/\/bibliotheque-sfpe-at.com\/index.php\/wp-json\/wp\/v2\/posts\/4855\/revisions"}],"predecessor-version":[{"id":4856,"href":"https:\/\/bibliotheque-sfpe-at.com\/index.php\/wp-json\/wp\/v2\/posts\/4855\/revisions\/4856"}],"wp:attachment":[{"href":"https:\/\/bibliotheque-sfpe-at.com\/index.php\/wp-json\/wp\/v2\/media?parent=4855"}],"wp:term":[{"taxonomy":"category","embeddable":true,"href":"https:\/\/bibliotheque-sfpe-at.com\/index.php\/wp-json\/wp\/v2\/categories?post=4855"},{"taxonomy":"post_tag","embeddable":true,"href":"https:\/\/bibliotheque-sfpe-at.com\/index.php\/wp-json\/wp\/v2\/tags?post=4855"}],"curies":[{"name":"wp","href":"https:\/\/api.w.org\/{rel}","templated":true}]}}