{"id":4862,"date":"2025-03-26T15:03:22","date_gmt":"2025-03-26T14:03:22","guid":{"rendered":"https:\/\/bibliotheque-sfpe-at.com\/?p=4862"},"modified":"2025-03-27T21:01:43","modified_gmt":"2025-03-27T20:01:43","slug":"photoresistance","status":"publish","type":"post","link":"https:\/\/bibliotheque-sfpe-at.com\/index.php\/2025\/03\/26\/photoresistance\/","title":{"rendered":"Photor\u00e9sistance"},"content":{"rendered":"\n<p class=\"has-text-align-left\"><\/p>\n\n\n\n<div class=\"wp-block-columns is-layout-flex wp-container-core-columns-is-layout-28f84493 wp-block-columns-is-layout-flex\">\n<div class=\"wp-block-column is-layout-flow wp-block-column-is-layout-flow\" style=\"flex-basis:66.66%\"><\/div>\n\n\n\n<div class=\"wp-block-column is-layout-flow wp-block-column-is-layout-flow\" style=\"flex-basis:33.33%\"><\/div>\n<\/div>\n\n\n\n<div class=\"wp-block-columns is-layout-flex wp-container-core-columns-is-layout-28f84493 wp-block-columns-is-layout-flex\">\n<div class=\"wp-block-column is-layout-flow wp-block-column-is-layout-flow\" style=\"flex-basis:66.66%\">\n<p>Les photos peuvent \u00eatre consid\u00e9r\u00e9s comme une forme de r\u00e9sistance \u00e0 l\u2019\u00e9ph\u00e9m\u00e8re du temps qui passe.<br>Nous parlerons des photos prises lors des r\u00e9p\u00e9titions ou des repr\u00e9sentations publiques du Carrefour des expressions, unit\u00e9 de th\u00e9rapies m\u00e9diatis\u00e9es.<br>Nous nous interrogerons notamment sur la r\u00e9sistance (ou pas) \u00e0 \u00eatre photographi\u00e9(e), la r\u00e9sistance (ou pas) \u00e0 s\u2019appr\u00e9cier pris(e) sur le vif, la r\u00e9sistance (ou pas) des soignantes \u00e0 valoriser les photos.<br>Et comment d\u2019objets iconographiques peuvent-elles devenir un m\u00e9dia th\u00e9rapeutique ? Comment peuvent-elles valoriser le sujet ? Ces questions ont \u00e9t\u00e9 travaill\u00e9es dans un atelier centr\u00e9 sur l\u2019image de soi et le v\u00e9cu des participant(e)s.<br>Pour finir nous \u00e9voquerons leur place dans la d\u00e9stigmatisation des personnes soign\u00e9es en psychiatrie.<\/p>\n\n\n\n<p><strong><em>Pour lire le texte complet <a href=\"\/index.php\/options-dinscription\/\"><mark style=\"background-color:rgba(0, 0, 0, 0)\" class=\"has-inline-color has-vivid-cyan-blue-color\">s&rsquo;inscrire<\/mark><\/a> ou <a href=\"\/index.php\/my-account\/edit-account\/\"><mark style=\"background-color:rgba(0, 0, 0, 0)\" class=\"has-inline-color has-vivid-cyan-blue-color\">se connecter<\/mark><\/a><\/em><\/strong><\/p>\n\n\n\n\n\n<div style=\"height:100px\" aria-hidden=\"true\" class=\"wp-block-spacer\"><\/div>\n\n\n\n<div class=\"wp-block-buttons is-content-justification-center is-layout-flex wp-container-core-buttons-is-layout-a89b3969 wp-block-buttons-is-layout-flex\">\n<div class=\"wp-block-button has-custom-font-size has-small-font-size\"><a class=\"wp-block-button__link has-vivid-red-background-color has-background wp-element-button\" href=\"\/index.php\/2025\/03\/26\/resistance\/\">&lt;&#8211; retour<\/a><\/div>\n<\/div>\n<\/div>\n\n\n\n<div class=\"wp-block-column is-layout-flow wp-block-column-is-layout-flow\" style=\"flex-basis:33.33%\">\n<figure class=\"wp-block-table\"><table class=\"has-background\" style=\"background-color:#f8f2f2\"><thead><tr><th><mark class=\"has-inline-color has-vivid-red-color\" style=\"background-color: rgba(0, 0, 0, 0);\"><strong>Auteur<\/strong><\/mark><\/th><\/tr><\/thead><tbody><tr><td><strong><strong><strong><strong>Mich\u00e8le Bareil-Guerin<\/strong><\/strong><\/strong><\/strong><br><strong>Jean-Luc Guerin<\/strong><\/td><\/tr><\/tbody><\/table><\/figure>\n\n\n\n<figure class=\"wp-block-table\"><table><thead><tr><th><mark class=\"has-inline-color has-vivid-red-color\" style=\"background-color: rgba(0, 0, 0, 0);\"><strong>R\u00e9f\u00e9rence<\/strong><\/mark><\/th><\/tr><\/thead><tbody><tr><td><strong>RA020-24<\/strong><br><strong>R\u00e9sistance<\/strong><br>Journ\u00e9es de Printemps 2023<\/td><\/tr><\/tbody><\/table><\/figure>\n\n\n\n<figure class=\"wp-block-table\"><table><thead><tr><th><mark class=\"has-inline-color has-vivid-red-color\" style=\"background-color: rgba(0, 0, 0, 0);\"><strong>Cat\u00e9gories<\/strong><\/mark><\/th><\/tr><\/thead><tbody><tr><td>Photographie<br>Cin\u00e9ma<br>Art th\u00e9rapie<br>Dispositif de m\u00e9diation<br>Psychologie<\/td><\/tr><\/tbody><\/table><\/figure>\n<\/div>\n<\/div>\n","protected":false},"excerpt":{"rendered":"<p>Les photos peuvent \u00eatre consid\u00e9r\u00e9s comme une forme de r\u00e9sistance \u00e0 l\u2019\u00e9ph\u00e9m\u00e8re du temps qui passe.Nous parlerons des photos prises lors des r\u00e9p\u00e9titions ou des repr\u00e9sentations publiques du Carrefour des expressions, unit\u00e9 de th\u00e9rapies m\u00e9diatis\u00e9es.Nous nous interrogerons notamment sur la r\u00e9sistance (ou pas) \u00e0 \u00eatre photographi\u00e9(e), la r\u00e9sistance (ou pas)&hellip;<\/p>\n","protected":false},"author":2,"featured_media":0,"comment_status":"closed","ping_status":"open","sticky":false,"template":"","format":"standard","meta":{"pmpro_default_level":"","ngg_post_thumbnail":0,"footnotes":""},"categories":[453,859],"tags":[492,510,505,514,498,882,853],"class_list":["post-4862","post","type-post","status-publish","format-standard","hentry","category-bareil-guerin-michele","category-guerin-jean-luc","tag-art-therapie","tag-cinema","tag-dispositif-de-mediation","tag-photographie","tag-psychologie","tag-ra020-24","tag-resistance","pmpro-has-access"],"_links":{"self":[{"href":"https:\/\/bibliotheque-sfpe-at.com\/index.php\/wp-json\/wp\/v2\/posts\/4862","targetHints":{"allow":["GET"]}}],"collection":[{"href":"https:\/\/bibliotheque-sfpe-at.com\/index.php\/wp-json\/wp\/v2\/posts"}],"about":[{"href":"https:\/\/bibliotheque-sfpe-at.com\/index.php\/wp-json\/wp\/v2\/types\/post"}],"author":[{"embeddable":true,"href":"https:\/\/bibliotheque-sfpe-at.com\/index.php\/wp-json\/wp\/v2\/users\/2"}],"replies":[{"embeddable":true,"href":"https:\/\/bibliotheque-sfpe-at.com\/index.php\/wp-json\/wp\/v2\/comments?post=4862"}],"version-history":[{"count":2,"href":"https:\/\/bibliotheque-sfpe-at.com\/index.php\/wp-json\/wp\/v2\/posts\/4862\/revisions"}],"predecessor-version":[{"id":4959,"href":"https:\/\/bibliotheque-sfpe-at.com\/index.php\/wp-json\/wp\/v2\/posts\/4862\/revisions\/4959"}],"wp:attachment":[{"href":"https:\/\/bibliotheque-sfpe-at.com\/index.php\/wp-json\/wp\/v2\/media?parent=4862"}],"wp:term":[{"taxonomy":"category","embeddable":true,"href":"https:\/\/bibliotheque-sfpe-at.com\/index.php\/wp-json\/wp\/v2\/categories?post=4862"},{"taxonomy":"post_tag","embeddable":true,"href":"https:\/\/bibliotheque-sfpe-at.com\/index.php\/wp-json\/wp\/v2\/tags?post=4862"}],"curies":[{"name":"wp","href":"https:\/\/api.w.org\/{rel}","templated":true}]}}