{"id":4864,"date":"2025-03-26T15:08:03","date_gmt":"2025-03-26T14:08:03","guid":{"rendered":"https:\/\/bibliotheque-sfpe-at.com\/?p=4864"},"modified":"2025-03-26T17:26:30","modified_gmt":"2025-03-26T16:26:30","slug":"musicotherapie-et-prematurite-de-la-resistance-a-la-resilience","status":"publish","type":"post","link":"https:\/\/bibliotheque-sfpe-at.com\/index.php\/2025\/03\/26\/musicotherapie-et-prematurite-de-la-resistance-a-la-resilience\/","title":{"rendered":"Musicoth\u00e9rapie et pr\u00e9maturit\u00e9 : de la r\u00e9sistance \u00e0 la r\u00e9silience ?"},"content":{"rendered":"\n<p class=\"has-text-align-left\"><\/p>\n\n\n\n<div class=\"wp-block-columns is-layout-flex wp-container-core-columns-is-layout-28f84493 wp-block-columns-is-layout-flex\">\n<div class=\"wp-block-column is-layout-flow wp-block-column-is-layout-flow\" style=\"flex-basis:66.66%\"><\/div>\n\n\n\n<div class=\"wp-block-column is-layout-flow wp-block-column-is-layout-flow\" style=\"flex-basis:33.33%\"><\/div>\n<\/div>\n\n\n\n<div class=\"wp-block-columns is-layout-flex wp-container-core-columns-is-layout-28f84493 wp-block-columns-is-layout-flex\">\n<div class=\"wp-block-column is-layout-flow wp-block-column-is-layout-flow\" style=\"flex-basis:66.66%\">\n<p>Par-del\u00e0 le fait que l\u2019\u00e9volution de la parentalit\u00e9 au cours du temps a boulevers\u00e9 les r\u00f4les parentaux, la pr\u00e9maturit\u00e9 vient interrompre le processus naturel de la grossesse et la maturation bio-psycho-sociale des parents. Dans un tel contexte, l\u2019accouchement pr\u00e9matur\u00e9 devient souvent tr\u00e8s anxiog\u00e8ne et bouleversant. Comment r\u00e9sister, traverser cette \u00e9tape, ce moment de vie et de mise en vie ?<\/p>\n\n\n\n<p>La musicoth\u00e9rapie, avec une multiplicit\u00e9 de dispositifs au demeurant peu homog\u00e8nes et mal formalis\u00e9s, appara\u00eet comme un outil de m\u00e9diation th\u00e9rapeutique d\u2019\u00e9lection pour favoriser, de la r\u00e9sistance \u00e0 la r\u00e9silience, l\u2019accordage du trio m\u00e8re-p\u00e8re-nouveau-n\u00e9 dans cette dynamique si particuli\u00e8re de la pr\u00e9maturit\u00e9.<\/p>\n\n\n\n<p>Ainsi, apr\u00e8s une revue de la litt\u00e9rature concernant les recherches cliniques \u00e9valuant les effets de la musicoth\u00e9rapie aupr\u00e8s des enfants pr\u00e9matur\u00e9s et de leurs parents, mais aussi de l\u2019accueil r\u00e9serv\u00e9 \u00e0 cette approche compl\u00e9mentaire par les \u00e9quipes soignantes, nous pr\u00e9senterons un dispositif de soin musicoth\u00e9rapique, standardis\u00e9 et r\u00e9p\u00e9table, avec une illustration clinique d\u2019application. L\u2019ensemble nous permettra de formuler quelques recommandations cliniques pragmatiques pour contribuer au soin de la pr\u00e9maturit\u00e9 par la musicoth\u00e9rapie.<\/p>\n\n\n\n<p><strong><em>Pour lire le texte complet <a href=\"\/index.php\/options-dinscription\/\"><mark style=\"background-color:rgba(0, 0, 0, 0)\" class=\"has-inline-color has-vivid-cyan-blue-color\">s&rsquo;inscrire<\/mark><\/a> ou <a href=\"\/index.php\/my-account\/edit-account\/\"><mark style=\"background-color:rgba(0, 0, 0, 0)\" class=\"has-inline-color has-vivid-cyan-blue-color\">se connecter<\/mark><\/a><\/em><\/strong><\/p>\n\n\n\n\n\n<div style=\"height:100px\" aria-hidden=\"true\" class=\"wp-block-spacer\"><\/div>\n\n\n\n<div class=\"wp-block-buttons is-content-justification-center is-layout-flex wp-container-core-buttons-is-layout-a89b3969 wp-block-buttons-is-layout-flex\">\n<div class=\"wp-block-button has-custom-font-size has-small-font-size\"><a class=\"wp-block-button__link has-vivid-red-background-color has-background wp-element-button\" href=\"\/index.php\/2025\/03\/26\/resistance\/\">&lt;&#8211; retour<\/a><\/div>\n<\/div>\n<\/div>\n\n\n\n<div class=\"wp-block-column is-layout-flow wp-block-column-is-layout-flow\" style=\"flex-basis:33.33%\">\n<figure class=\"wp-block-table\"><table class=\"has-background\" style=\"background-color:#f8f2f2\"><thead><tr><th><mark class=\"has-inline-color has-vivid-red-color\" style=\"background-color: rgba(0, 0, 0, 0);\"><strong>Auteur<\/strong><\/mark><\/th><\/tr><\/thead><tbody><tr><td><strong>Florence Bernadou-Debrull<br>Jean-Luc Sudres<\/strong><\/td><\/tr><\/tbody><\/table><\/figure>\n\n\n\n<figure class=\"wp-block-table\"><table><thead><tr><th><mark class=\"has-inline-color has-vivid-red-color\" style=\"background-color: rgba(0, 0, 0, 0);\"><strong>R\u00e9f\u00e9rence<\/strong><\/mark><\/th><\/tr><\/thead><tbody><tr><td><strong>RA020-25<\/strong><br><strong>R\u00e9sistance<\/strong><br>Journ\u00e9es de Printemps 2023<\/td><\/tr><\/tbody><\/table><\/figure>\n\n\n\n<figure class=\"wp-block-table\"><table><thead><tr><th><mark class=\"has-inline-color has-vivid-red-color\" style=\"background-color: rgba(0, 0, 0, 0);\"><strong>Cat\u00e9gories<\/strong><\/mark><\/th><\/tr><\/thead><tbody><tr><td>Art-th\u00e9rapie<br>Musique<br>Dispositif de m\u00e9diation<br>Enfant<br>\u00c9valuation<\/td><\/tr><\/tbody><\/table><\/figure>\n<\/div>\n<\/div>\n","protected":false},"excerpt":{"rendered":"<p>Par-del\u00e0 le fait que l\u2019\u00e9volution de la parentalit\u00e9 au cours du temps a boulevers\u00e9 les r\u00f4les parentaux, la pr\u00e9maturit\u00e9 vient interrompre le processus naturel de la grossesse et la maturation bio-psycho-sociale des parents. Dans un tel contexte, l\u2019accouchement pr\u00e9matur\u00e9 devient souvent tr\u00e8s anxiog\u00e8ne et bouleversant. Comment r\u00e9sister, traverser cette \u00e9tape,&hellip;<\/p>\n","protected":false},"author":2,"featured_media":0,"comment_status":"closed","ping_status":"open","sticky":false,"template":"","format":"standard","meta":{"pmpro_default_level":"","ngg_post_thumbnail":0,"footnotes":""},"categories":[860,451],"tags":[492,505,522,561,538,883,853],"class_list":["post-4864","post","type-post","status-publish","format-standard","hentry","category-bernadou-debrull-florence","category-sudres-jean-luc","tag-art-therapie","tag-dispositif-de-mediation","tag-enfant","tag-evaluation","tag-musique","tag-ra020-25","tag-resistance","pmpro-has-access"],"_links":{"self":[{"href":"https:\/\/bibliotheque-sfpe-at.com\/index.php\/wp-json\/wp\/v2\/posts\/4864","targetHints":{"allow":["GET"]}}],"collection":[{"href":"https:\/\/bibliotheque-sfpe-at.com\/index.php\/wp-json\/wp\/v2\/posts"}],"about":[{"href":"https:\/\/bibliotheque-sfpe-at.com\/index.php\/wp-json\/wp\/v2\/types\/post"}],"author":[{"embeddable":true,"href":"https:\/\/bibliotheque-sfpe-at.com\/index.php\/wp-json\/wp\/v2\/users\/2"}],"replies":[{"embeddable":true,"href":"https:\/\/bibliotheque-sfpe-at.com\/index.php\/wp-json\/wp\/v2\/comments?post=4864"}],"version-history":[{"count":1,"href":"https:\/\/bibliotheque-sfpe-at.com\/index.php\/wp-json\/wp\/v2\/posts\/4864\/revisions"}],"predecessor-version":[{"id":4865,"href":"https:\/\/bibliotheque-sfpe-at.com\/index.php\/wp-json\/wp\/v2\/posts\/4864\/revisions\/4865"}],"wp:attachment":[{"href":"https:\/\/bibliotheque-sfpe-at.com\/index.php\/wp-json\/wp\/v2\/media?parent=4864"}],"wp:term":[{"taxonomy":"category","embeddable":true,"href":"https:\/\/bibliotheque-sfpe-at.com\/index.php\/wp-json\/wp\/v2\/categories?post=4864"},{"taxonomy":"post_tag","embeddable":true,"href":"https:\/\/bibliotheque-sfpe-at.com\/index.php\/wp-json\/wp\/v2\/tags?post=4864"}],"curies":[{"name":"wp","href":"https:\/\/api.w.org\/{rel}","templated":true}]}}