{"id":4866,"date":"2025-03-26T15:11:13","date_gmt":"2025-03-26T14:11:13","guid":{"rendered":"https:\/\/bibliotheque-sfpe-at.com\/?p=4866"},"modified":"2025-03-26T17:26:39","modified_gmt":"2025-03-26T16:26:39","slug":"la-cabane-resistance-du-symbolique","status":"publish","type":"post","link":"https:\/\/bibliotheque-sfpe-at.com\/index.php\/2025\/03\/26\/la-cabane-resistance-du-symbolique\/","title":{"rendered":"La cabane, r\u00e9sistance du symbolique"},"content":{"rendered":"\n<p class=\"has-text-align-left\"><\/p>\n\n\n\n<div class=\"wp-block-columns is-layout-flex wp-container-core-columns-is-layout-28f84493 wp-block-columns-is-layout-flex\">\n<div class=\"wp-block-column is-layout-flow wp-block-column-is-layout-flow\" style=\"flex-basis:66.66%\"><\/div>\n\n\n\n<div class=\"wp-block-column is-layout-flow wp-block-column-is-layout-flow\" style=\"flex-basis:33.33%\"><\/div>\n<\/div>\n\n\n\n<div class=\"wp-block-columns is-layout-flex wp-container-core-columns-is-layout-28f84493 wp-block-columns-is-layout-flex\">\n<div class=\"wp-block-column is-layout-flow wp-block-column-is-layout-flow\" style=\"flex-basis:66.66%\">\n<p>La cabane enfantine est principalement une construction d\u00e9construite. Elle est faible, fragile, \u00e9ph\u00e9m\u00e8re. Pourtant, les enfants qui la construisent en font un temple. Elle est le lieu de leur vie et de leurs aspirations hors de la sph\u00e8re des parents. Elle est le lieu de l\u2019imagination et du symbolique, le lieu d\u2019une sorte d\u2019illusion qu\u2019ils mettent en place pour qu\u2019elle invite au plus grand des mondes possibles. Tous les r\u00eaves, tous les fantasmes sont \u00e0 port\u00e9e de main. Rien ne tient r\u00e9ellement, mais tout est cr\u00e9ation, cr\u00e9ation d\u2019une m\u00e9moire imm\u00e9diate.<br>Comment la cabane, souvent faite de trois ou quatre \u00e9l\u00e9ments improbables, peut-elle signifier cet endroit indomptable ? La cabane est constitu\u00e9e de branches, de vagues toiles, de trous, de br\u00e8ches. Comment l\u2019enfant peut-il \u00eatre dans le symbolique alors que la construction est faite de r\u00e9sidus ? Quelle r\u00e9sistance s\u2019annonce et se pr\u00e9sente au sein de la cabane ? Par l\u2019imagination, par sa structure d\u00e9faillante pleine de trous ? Par sa continuit\u00e9 avec la nature ?<br>Nous interrogerons cette sorte de miracle de r\u00e9sistance que propose la cabane. Nous interrogerons cette machine qui produit du symbolique en cherchant \u00e0 identifier cette forme qui est proche du baroque \u00e9ternel et, toujours aussi, proche de l\u2019effondrement.<br>La cabane r\u00e9siste toujours \u00e0 l\u2019effondrement, elle atteint notre imagination, notre esprit. Elle est une force cr\u00e9ative. Par son symbolisme cr\u00e9e-t-elle un lieu refuge, un lieu sans d\u00e9tresse ?<\/p>\n\n\n\n<p><strong><em>Pour lire le texte complet <a href=\"\/index.php\/options-dinscription\/\"><mark style=\"background-color:rgba(0, 0, 0, 0)\" class=\"has-inline-color has-vivid-cyan-blue-color\">s&rsquo;inscrire<\/mark><\/a> ou <a href=\"\/index.php\/my-account\/edit-account\/\"><mark style=\"background-color:rgba(0, 0, 0, 0)\" class=\"has-inline-color has-vivid-cyan-blue-color\">se connecter<\/mark><\/a><\/em><\/strong><\/p>\n\n\n\n\n\n<div style=\"height:100px\" aria-hidden=\"true\" class=\"wp-block-spacer\"><\/div>\n\n\n\n<div class=\"wp-block-buttons is-content-justification-center is-layout-flex wp-container-core-buttons-is-layout-a89b3969 wp-block-buttons-is-layout-flex\">\n<div class=\"wp-block-button has-custom-font-size has-small-font-size\"><a class=\"wp-block-button__link has-vivid-red-background-color has-background wp-element-button\" href=\"\/index.php\/2025\/03\/26\/resistance\/\">&lt;&#8211; retour<\/a><\/div>\n<\/div>\n<\/div>\n\n\n\n<div class=\"wp-block-column is-layout-flow wp-block-column-is-layout-flow\" style=\"flex-basis:33.33%\">\n<figure class=\"wp-block-table\"><table class=\"has-background\" style=\"background-color:#f8f2f2\"><thead><tr><th><mark class=\"has-inline-color has-vivid-red-color\" style=\"background-color: rgba(0, 0, 0, 0);\"><strong>Auteur<\/strong><\/mark><\/th><\/tr><\/thead><tbody><tr><td><strong>Olivier Saint-Pierre<\/strong><\/td><\/tr><\/tbody><\/table><\/figure>\n\n\n\n<figure class=\"wp-block-table\"><table><thead><tr><th><mark class=\"has-inline-color has-vivid-red-color\" style=\"background-color: rgba(0, 0, 0, 0);\"><strong>R\u00e9f\u00e9rence<\/strong><\/mark><\/th><\/tr><\/thead><tbody><tr><td><strong>RA020-26<\/strong><br><strong>R\u00e9sistance<\/strong><br>Journ\u00e9es de Printemps 2023<\/td><\/tr><\/tbody><\/table><\/figure>\n\n\n\n<figure class=\"wp-block-table\"><table><thead><tr><th><mark class=\"has-inline-color has-vivid-red-color\" style=\"background-color: rgba(0, 0, 0, 0);\"><strong>Cat\u00e9gories<\/strong><\/mark><\/th><\/tr><\/thead><tbody><tr><td>Ph\u00e9nom\u00e9nologie<br>Philosophie<br>Enfance<\/td><\/tr><\/tbody><\/table><\/figure>\n<\/div>\n<\/div>\n","protected":false},"excerpt":{"rendered":"<p>La cabane enfantine est principalement une construction d\u00e9construite. Elle est faible, fragile, \u00e9ph\u00e9m\u00e8re. Pourtant, les enfants qui la construisent en font un temple. Elle est le lieu de leur vie et de leurs aspirations hors de la sph\u00e8re des parents. Elle est le lieu de l\u2019imagination et du symbolique, le&hellip;<\/p>\n","protected":false},"author":2,"featured_media":0,"comment_status":"closed","ping_status":"open","sticky":false,"template":"","format":"standard","meta":{"pmpro_default_level":"","ngg_post_thumbnail":0,"footnotes":""},"categories":[95],"tags":[486,487,884,853],"class_list":["post-4866","post","type-post","status-publish","format-standard","hentry","category-saint-pierre-olivier","tag-phenomenologie","tag-philosophie","tag-ra020-26","tag-resistance","pmpro-has-access"],"_links":{"self":[{"href":"https:\/\/bibliotheque-sfpe-at.com\/index.php\/wp-json\/wp\/v2\/posts\/4866","targetHints":{"allow":["GET"]}}],"collection":[{"href":"https:\/\/bibliotheque-sfpe-at.com\/index.php\/wp-json\/wp\/v2\/posts"}],"about":[{"href":"https:\/\/bibliotheque-sfpe-at.com\/index.php\/wp-json\/wp\/v2\/types\/post"}],"author":[{"embeddable":true,"href":"https:\/\/bibliotheque-sfpe-at.com\/index.php\/wp-json\/wp\/v2\/users\/2"}],"replies":[{"embeddable":true,"href":"https:\/\/bibliotheque-sfpe-at.com\/index.php\/wp-json\/wp\/v2\/comments?post=4866"}],"version-history":[{"count":1,"href":"https:\/\/bibliotheque-sfpe-at.com\/index.php\/wp-json\/wp\/v2\/posts\/4866\/revisions"}],"predecessor-version":[{"id":4867,"href":"https:\/\/bibliotheque-sfpe-at.com\/index.php\/wp-json\/wp\/v2\/posts\/4866\/revisions\/4867"}],"wp:attachment":[{"href":"https:\/\/bibliotheque-sfpe-at.com\/index.php\/wp-json\/wp\/v2\/media?parent=4866"}],"wp:term":[{"taxonomy":"category","embeddable":true,"href":"https:\/\/bibliotheque-sfpe-at.com\/index.php\/wp-json\/wp\/v2\/categories?post=4866"},{"taxonomy":"post_tag","embeddable":true,"href":"https:\/\/bibliotheque-sfpe-at.com\/index.php\/wp-json\/wp\/v2\/tags?post=4866"}],"curies":[{"name":"wp","href":"https:\/\/api.w.org\/{rel}","templated":true}]}}