{"id":4887,"date":"2025-03-27T14:03:23","date_gmt":"2025-03-27T13:03:23","guid":{"rendered":"https:\/\/bibliotheque-sfpe-at.com\/?p=4887"},"modified":"2025-03-27T17:37:06","modified_gmt":"2025-03-27T16:37:06","slug":"corporeite-et-fractale","status":"publish","type":"post","link":"https:\/\/bibliotheque-sfpe-at.com\/index.php\/2025\/03\/27\/corporeite-et-fractale\/","title":{"rendered":"Corpor\u00e9it\u00e9 et fractale"},"content":{"rendered":"\n<p class=\"has-text-align-left\"><\/p>\n\n\n\n<div class=\"wp-block-columns is-layout-flex wp-container-core-columns-is-layout-28f84493 wp-block-columns-is-layout-flex\">\n<div class=\"wp-block-column is-layout-flow wp-block-column-is-layout-flow\" style=\"flex-basis:66.66%\"><\/div>\n\n\n\n<div class=\"wp-block-column is-layout-flow wp-block-column-is-layout-flow\" style=\"flex-basis:33.33%\"><\/div>\n<\/div>\n\n\n\n<div class=\"wp-block-columns is-layout-flex wp-container-core-columns-is-layout-28f84493 wp-block-columns-is-layout-flex\">\n<div class=\"wp-block-column is-layout-flow wp-block-column-is-layout-flow\" style=\"flex-basis:66.66%\">\n<p>Quelle est la fronti\u00e8re d\u2019un corps ? Voil\u00e0 une question na\u00efve, r\u00e9aliste, voire hyperr\u00e9aliste. Pour une question na\u00efve, la r\u00e9ponse est forc\u00e9ment myst\u00e9rieuse, car le myst\u00e8re est devant nous ; il n\u2019est pas ailleurs.<br>Les questions sont les enceintes des r\u00e9ponses, et une question parvient \u00e0 son terme quand elle r\u00e9v\u00e8le son contraste.<br>Une fronti\u00e8re est un contraste premier, au-del\u00e0 des barbel\u00e9s et des murs. Une fronti\u00e8re, c\u2019est le front de l\u2019autre, son visage. C\u2019est en cela que le territoire d\u2019un pays sage ne borne pas sa fronti\u00e8re \u00e0 des murs de r\u00e9tention, ni sa nation \u00e0 un stade anal.<br>La question initiale \u2014 Quelle est la fronti\u00e8re d\u2019un corps ? \u2014 est na\u00efve. La r\u00e9ponse myst\u00e9rieuse, qui \u00e9chappe au sens commun, y compris aux m\u00e9decins (pour qui la fronti\u00e8re du corps est dermatologique), est que le corps est une fronti\u00e8re. Notre face est une interface, entre finitude \u2014 car on est mortel \u00e0 chaque instant \u2014 et infini de toutes ces traces par lesquelles on demeure.<br>Le corps est une fronti\u00e8re qui rel\u00e8ve de l\u2019autre, et notre v\u00e9ritable peau est \u00e9thique ; c\u2019est une po\u00e9tique, c\u2019est le langage.<br>Cette corpor\u00e9it\u00e9, o\u00f9 le soi rel\u00e8ve de l\u2019autre, trouve son expression dans la g\u00e9om\u00e9trie du vivant, \u00e0 savoir la g\u00e9om\u00e9trie fractale. Tel le sens de ce travail.<\/p>\n\n\n\n<p><strong><em>Pour lire le texte complet <a href=\"\/index.php\/options-dinscription\/\"><mark style=\"background-color:rgba(0, 0, 0, 0)\" class=\"has-inline-color has-vivid-cyan-blue-color\">s&rsquo;inscrire<\/mark><\/a> ou <a href=\"\/index.php\/my-account\/edit-account\/\"><mark style=\"background-color:rgba(0, 0, 0, 0)\" class=\"has-inline-color has-vivid-cyan-blue-color\">se connecter<\/mark><\/a><\/em><\/strong><\/p>\n\n\n\n\n\n<div style=\"height:100px\" aria-hidden=\"true\" class=\"wp-block-spacer\"><\/div>\n\n\n\n<div class=\"wp-block-buttons is-content-justification-center is-layout-flex wp-container-core-buttons-is-layout-a89b3969 wp-block-buttons-is-layout-flex\">\n<div class=\"wp-block-button has-custom-font-size has-small-font-size\"><a class=\"wp-block-button__link has-vivid-red-background-color has-background wp-element-button\" href=\"\/index.php\/2025\/03\/26\/frontieres-2\/\">&lt;&#8211; retour<\/a><\/div>\n<\/div>\n<\/div>\n\n\n\n<div class=\"wp-block-column is-layout-flow wp-block-column-is-layout-flow\" style=\"flex-basis:33.33%\">\n<figure class=\"wp-block-table\"><table class=\"has-background\" style=\"background-color:#f8f2f2\"><thead><tr><th><mark class=\"has-inline-color has-vivid-red-color\" style=\"background-color: rgba(0, 0, 0, 0);\"><strong>Auteur<\/strong><\/mark><\/th><\/tr><\/thead><tbody><tr><td><strong>Youssef Mourtada<\/strong><\/td><\/tr><\/tbody><\/table><\/figure>\n\n\n\n<figure class=\"wp-block-table\"><table><thead><tr><th><mark class=\"has-inline-color has-vivid-red-color\" style=\"background-color: rgba(0, 0, 0, 0);\"><strong>R\u00e9f\u00e9rence<\/strong><\/mark><\/th><\/tr><\/thead><tbody><tr><td><strong>RA021-01<\/strong><br><strong>Fronti\u00e8res<\/strong><br>Journ\u00e9es de Automne 2023<\/td><\/tr><\/tbody><\/table><\/figure>\n\n\n\n<figure class=\"wp-block-table\"><table><thead><tr><th><mark class=\"has-inline-color has-vivid-red-color\" style=\"background-color: rgba(0, 0, 0, 0);\"><strong>Cat\u00e9gories<\/strong><\/mark><\/th><\/tr><\/thead><tbody><tr><td>Psychopathologie de l\u2019expression<br>Po\u00e9sie<br>Enfance<br>Adolescence<br>Personnes \u00e2g\u00e9es<\/td><\/tr><\/tbody><\/table><\/figure>\n<\/div>\n<\/div>\n","protected":false},"excerpt":{"rendered":"<p>Quelle est la fronti\u00e8re d\u2019un corps ? Voil\u00e0 une question na\u00efve, r\u00e9aliste, voire hyperr\u00e9aliste. Pour une question na\u00efve, la r\u00e9ponse est forc\u00e9ment myst\u00e9rieuse, car le myst\u00e8re est devant nous ; il n\u2019est pas ailleurs.Les questions sont les enceintes des r\u00e9ponses, et une question parvient \u00e0 son terme quand elle r\u00e9v\u00e8le&hellip;<\/p>\n","protected":false},"author":2,"featured_media":0,"comment_status":"closed","ping_status":"open","sticky":false,"template":"","format":"standard","meta":{"pmpro_default_level":"","ngg_post_thumbnail":0,"footnotes":""},"categories":[46],"tags":[548,549,885,675,496,488,886],"class_list":["post-4887","post","type-post","status-publish","format-standard","hentry","category-mourtada-youssef","tag-adolescence","tag-enfance","tag-frontieres","tag-personne-agee","tag-poesie","tag-psychopathologie-de-lexpression","tag-ra021-01","pmpro-has-access"],"_links":{"self":[{"href":"https:\/\/bibliotheque-sfpe-at.com\/index.php\/wp-json\/wp\/v2\/posts\/4887","targetHints":{"allow":["GET"]}}],"collection":[{"href":"https:\/\/bibliotheque-sfpe-at.com\/index.php\/wp-json\/wp\/v2\/posts"}],"about":[{"href":"https:\/\/bibliotheque-sfpe-at.com\/index.php\/wp-json\/wp\/v2\/types\/post"}],"author":[{"embeddable":true,"href":"https:\/\/bibliotheque-sfpe-at.com\/index.php\/wp-json\/wp\/v2\/users\/2"}],"replies":[{"embeddable":true,"href":"https:\/\/bibliotheque-sfpe-at.com\/index.php\/wp-json\/wp\/v2\/comments?post=4887"}],"version-history":[{"count":1,"href":"https:\/\/bibliotheque-sfpe-at.com\/index.php\/wp-json\/wp\/v2\/posts\/4887\/revisions"}],"predecessor-version":[{"id":4888,"href":"https:\/\/bibliotheque-sfpe-at.com\/index.php\/wp-json\/wp\/v2\/posts\/4887\/revisions\/4888"}],"wp:attachment":[{"href":"https:\/\/bibliotheque-sfpe-at.com\/index.php\/wp-json\/wp\/v2\/media?parent=4887"}],"wp:term":[{"taxonomy":"category","embeddable":true,"href":"https:\/\/bibliotheque-sfpe-at.com\/index.php\/wp-json\/wp\/v2\/categories?post=4887"},{"taxonomy":"post_tag","embeddable":true,"href":"https:\/\/bibliotheque-sfpe-at.com\/index.php\/wp-json\/wp\/v2\/tags?post=4887"}],"curies":[{"name":"wp","href":"https:\/\/api.w.org\/{rel}","templated":true}]}}